{"id":18271,"date":"2026-01-04T09:35:30","date_gmt":"2026-01-04T14:35:30","guid":{"rendered":"https:\/\/amautaenlinea.com\/blog\/?p=18271"},"modified":"2026-01-04T09:35:30","modified_gmt":"2026-01-04T14:35:30","slug":"habilitan-y-reconocen-legalmente-al-fenamagp-como-sindicato-a-nivel-nacional-que-representara-al-magisterio-peruano","status":"publish","type":"post","link":"https:\/\/amautaenlinea.com\/blog\/habilitan-y-reconocen-legalmente-al-fenamagp-como-sindicato-a-nivel-nacional-que-representara-al-magisterio-peruano\/","title":{"rendered":"Habilitan y reconocen legalmente al FENAMAGP como sindicato a nivel nacional que representar\u00e1 al magisterio peruano"},"content":{"rendered":"<p>Luego de 10 a\u00f1os de lucha legal y haber vencido al MTPE y al sutep, La Corte Suprema en definitiva instancia, Casaci\u00f3n N\u00ba9972-2020-LIMA, a reconocido la legalidad de la Federacion Nacional Magisterial del Peru-FENAMAGP, restituy\u00e9ndose nuestro registro sindical.<\/p>\n<p>Se a inscrito la vigente Junta Directiva-CEMN y estamos habilitados legalmente para representar al magisterio nacional y trabajar conjuntamente con todos los estamentos de docentes cesantes y jubilados, contratados y docentes en actividad as\u00ed como auxiliares de educaci\u00f3n.<\/p>\n<p>Les convocamos a ser parte de ella para lo cual se constituir\u00e1 Bases Regionales Fenamagp. \u00a1Por la Dignidad Magisterial!<\/p>\n<p><iframe loading=\"lazy\" title=\"MTPE RECONOCE A LA FEDERACION NACIONAL MAGISTERIAL DEL PERU FENAMAGP\" width=\"563\" height=\"1000\" src=\"https:\/\/www.youtube.com\/embed\/TFWumzH4LGg?feature=oembed\" frameborder=\"0\" allow=\"accelerometer; autoplay; clipboard-write; encrypted-media; gyroscope; picture-in-picture; web-share\" referrerpolicy=\"strict-origin-when-cross-origin\" allowfullscreen><\/iframe><\/p>\n<p data-path-to-node=\"0\"><b data-path-to-node=\"0\" data-index-in-node=\"0\">FENAMAGP<\/b> son las siglas de la <b data-path-to-node=\"0\" data-index-in-node=\"30\">Federaci\u00f3n Nacional Magisterial del Per\u00fa<\/b>.<\/p>\n<p data-path-to-node=\"1\">Se trata de una organizaci\u00f3n gremial que agrupa a trabajadores del sector educaci\u00f3n (maestros y docentes) en diversas regiones del pa\u00eds. A continuaci\u00f3n, te detallo los puntos clave para entender qu\u00e9 es y su contexto actual:<\/p>\n<h3 data-path-to-node=\"2\">\u00bfQu\u00e9 es y qu\u00e9 hace?<\/h3>\n<ul data-path-to-node=\"3\">\n<li>\n<p data-path-to-node=\"3,0,0\"><b data-path-to-node=\"3,0,0\" data-index-in-node=\"0\">Representaci\u00f3n sindical:<\/b> Funciona como una federaci\u00f3n que busca representar los intereses laborales, sociales y econ\u00f3micos de los maestros peruanos ante el Ministerio de Educaci\u00f3n (MINEDU) y el Estado.<\/p>\n<\/li>\n<li>\n<p data-path-to-node=\"3,1,0\"><b data-path-to-node=\"3,1,0\" data-index-in-node=\"0\">Presencia regional:<\/b> Tiene una base fuerte en regiones como <b data-path-to-node=\"3,1,0\" data-index-in-node=\"59\">Arequipa<\/b> (donde a menudo se le vincula con el SUTER Arequipa). Su secretario general ha sido identificado hist\u00f3ricamente como <strong>Walter And\u00eda Salinas.<\/strong><\/p>\n<\/li>\n<li>\n<p data-path-to-node=\"3,2,0\"><b data-path-to-node=\"3,2,0\" data-index-in-node=\"0\">Demandas principales:<\/b> Suele participar en movilizaciones por el pago de la deuda social, aumentos salariales, mejoras en las condiciones de infraestructura escolar y defensa de los derechos de los docentes contratados y nombrados.<\/p>\n<\/li>\n<\/ul>\n<h3 data-path-to-node=\"4\">Contexto y Controversias<\/h3>\n<ul data-path-to-node=\"5\">\n<li>\n<p data-path-to-node=\"5,0,0\"><b data-path-to-node=\"5,0,0\" data-index-in-node=\"0\">Dualidad sindical:<\/b> En el Per\u00fa, el gremio magisterial est\u00e1 dividido. FENAMAGP es una de las organizaciones que surgi\u00f3 o se fortaleci\u00f3 como alternativa al <b data-path-to-node=\"5,0,0\" data-index-in-node=\"153\">SUTEP<\/b> (el sindicato tradicionalmente mayoritario) y compite tambi\u00e9n con la <b data-path-to-node=\"5,0,0\" data-index-in-node=\"228\">FENATEP<\/b> (el gremio fundado por Pedro Castillo).<\/p>\n<\/li>\n<li>\n<p data-path-to-node=\"5,1,0\"><b data-path-to-node=\"5,1,0\" data-index-in-node=\"0\">Situaci\u00f3n legal:<\/b> En a\u00f1os pasados, ha enfrentado procesos sobre su registro legal ante el Ministerio de Trabajo. En algunos periodos, el gobierno ha anulado su inscripci\u00f3n oficial debido a cuestionamientos sobre su representatividad o v\u00ednculos pol\u00edticos, aunque la organizaci\u00f3n contin\u00faa activa en la pr\u00e1ctica sindical y en reportes de conflictos sociales (como los de la Defensor\u00eda del Pueblo).<\/p>\n<\/li>\n<li>\n<p data-path-to-node=\"5,2,0\"><b data-path-to-node=\"5,2,0\" data-index-in-node=\"0\">Vinculaciones pol\u00edticas:<\/b> Ha sido se\u00f1alada en diversos medios y por otros sindicatos por presuntos v\u00ednculos con sectores radicales, acusaciones que sus dirigentes suelen rechazar, afirmando que su agenda es puramente reivindicativa para el magisterio.<\/p>\n<\/li>\n<\/ul>\n","protected":false},"excerpt":{"rendered":"<p>Luego de 10 a\u00f1os de lucha legal y haber vencido al MTPE y al sutep, La Corte Suprema en definitiva instancia, Casaci\u00f3n N\u00ba9972-2020-LIMA, a<\/p>\n","protected":false},"author":1,"featured_media":18272,"comment_status":"open","ping_status":"open","sticky":false,"template":"","format":"standard","meta":{"footnotes":""},"categories":[4],"tags":[3293],"class_list":["post-18271","post","type-post","status-publish","format-standard","has-post-thumbnail","hentry","category-educacion","tag-habilitan-y-reconocen-legalmente-al-fenamagp-como-sindicato-a-nivel-nacional-que-representara-al-magisterio-peruano"],"yoast_head":"<!-- This site is optimized with the Yoast SEO Premium plugin v21.2 (Yoast SEO v27.5) - https:\/\/yoast.com\/product\/yoast-seo-premium-wordpress\/ -->\n<title>\u25b7 Habilitan y reconocen legalmente al FENAMAGP como sindicato a nivel nacional que representar\u00e1 al magisterio peruano \u2705<\/title>\n<meta name=\"description\" content=\"\u27a8 Habilitan y reconocen legalmente al FENAMAGP como sindicato a nivel nacional que representar\u00e1 al magisterio peruano\" \/>\n<meta name=\"robots\" content=\"index, follow, max-snippet:-1, max-image-preview:large, max-video-preview:-1\" \/>\n<link rel=\"canonical\" href=\"https:\/\/amautaenlinea.com\/blog\/habilitan-y-reconocen-legalmente-al-fenamagp-como-sindicato-a-nivel-nacional-que-representara-al-magisterio-peruano\/\" \/>\n<meta property=\"og:locale\" content=\"es_ES\" \/>\n<meta property=\"og:type\" content=\"article\" \/>\n<meta property=\"og:title\" content=\"Habilitan y reconocen legalmente al FENAMAGP como sindicato a nivel nacional que representar\u00e1 al magisterio peruano\" \/>\n<meta property=\"og:description\" content=\"\u27a8 Habilitan y reconocen legalmente al FENAMAGP como sindicato a nivel nacional que representar\u00e1 al magisterio peruano\" \/>\n<meta property=\"og:url\" content=\"https:\/\/amautaenlinea.com\/blog\/habilitan-y-reconocen-legalmente-al-fenamagp-como-sindicato-a-nivel-nacional-que-representara-al-magisterio-peruano\/\" \/>\n<meta property=\"og:site_name\" content=\"Grupo AMAUTA\" \/>\n<meta property=\"article:publisher\" content=\"https:\/\/www.facebook.com\/amautaperu.org\/\" \/>\n<meta property=\"article:published_time\" content=\"2026-01-04T14:35:30+00:00\" \/>\n<meta property=\"og:image\" content=\"https:\/\/amautaenlinea.com\/blog\/wp-content\/uploads\/2026\/01\/Habilitan-y-reconocen-legalmente-al-FENAMAGP-como-sindicato-a-nivel-nacional-que-representara-al-magisterio-peruano.png\" \/>\n\t<meta property=\"og:image:width\" content=\"1280\" \/>\n\t<meta property=\"og:image:height\" content=\"720\" \/>\n\t<meta property=\"og:image:type\" content=\"image\/png\" \/>\n<meta name=\"author\" content=\"Grupo AMAUTA EBUSINESS\" \/>\n<meta name=\"twitter:card\" content=\"summary_large_image\" \/>\n<script type=\"application\/ld+json\" class=\"yoast-schema-graph\">{\"@context\":\"https:\\\/\\\/schema.org\",\"@graph\":[{\"@type\":\"Article\",\"@id\":\"https:\\\/\\\/amautaenlinea.com\\\/blog\\\/habilitan-y-reconocen-legalmente-al-fenamagp-como-sindicato-a-nivel-nacional-que-representara-al-magisterio-peruano\\\/#article\",\"isPartOf\":{\"@id\":\"https:\\\/\\\/amautaenlinea.com\\\/blog\\\/habilitan-y-reconocen-legalmente-al-fenamagp-como-sindicato-a-nivel-nacional-que-representara-al-magisterio-peruano\\\/\"},\"author\":{\"name\":\"Grupo AMAUTA EBUSINESS\",\"@id\":\"https:\\\/\\\/amautaenlinea.com\\\/blog\\\/#\\\/schema\\\/person\\\/d8d4b5d672e9edb72a6f23fd40dd31d5\"},\"headline\":\"Habilitan y reconocen legalmente al FENAMAGP como sindicato a nivel nacional que representar\u00e1 al magisterio peruano\",\"datePublished\":\"2026-01-04T14:35:30+00:00\",\"mainEntityOfPage\":{\"@id\":\"https:\\\/\\\/amautaenlinea.com\\\/blog\\\/habilitan-y-reconocen-legalmente-al-fenamagp-como-sindicato-a-nivel-nacional-que-representara-al-magisterio-peruano\\\/\"},\"wordCount\":452,\"commentCount\":0,\"publisher\":{\"@id\":\"https:\\\/\\\/amautaenlinea.com\\\/blog\\\/#organization\"},\"image\":{\"@id\":\"https:\\\/\\\/amautaenlinea.com\\\/blog\\\/habilitan-y-reconocen-legalmente-al-fenamagp-como-sindicato-a-nivel-nacional-que-representara-al-magisterio-peruano\\\/#primaryimage\"},\"thumbnailUrl\":\"https:\\\/\\\/amautaenlinea.com\\\/blog\\\/wp-content\\\/uploads\\\/2026\\\/01\\\/Habilitan-y-reconocen-legalmente-al-FENAMAGP-como-sindicato-a-nivel-nacional-que-representara-al-magisterio-peruano.png\",\"keywords\":[\"Habilitan y reconocen legalmente al FENAMAGP como sindicato a nivel nacional que representar\u00e1 al magisterio peruano\"],\"articleSection\":[\"Educaci\u00f3n\"],\"inLanguage\":\"es\",\"potentialAction\":[{\"@type\":\"CommentAction\",\"name\":\"Comment\",\"target\":[\"https:\\\/\\\/amautaenlinea.com\\\/blog\\\/habilitan-y-reconocen-legalmente-al-fenamagp-como-sindicato-a-nivel-nacional-que-representara-al-magisterio-peruano\\\/#respond\"]}],\"copyrightYear\":\"2026\",\"copyrightHolder\":{\"@id\":\"https:\\\/\\\/amautaenlinea.com\\\/blog\\\/#organization\"}},{\"@type\":\"WebPage\",\"@id\":\"https:\\\/\\\/amautaenlinea.com\\\/blog\\\/habilitan-y-reconocen-legalmente-al-fenamagp-como-sindicato-a-nivel-nacional-que-representara-al-magisterio-peruano\\\/\",\"url\":\"https:\\\/\\\/amautaenlinea.com\\\/blog\\\/habilitan-y-reconocen-legalmente-al-fenamagp-como-sindicato-a-nivel-nacional-que-representara-al-magisterio-peruano\\\/\",\"name\":\"\u25b7 Habilitan y reconocen legalmente al FENAMAGP como sindicato a nivel nacional que representar\u00e1 al magisterio peruano \u2705\",\"isPartOf\":{\"@id\":\"https:\\\/\\\/amautaenlinea.com\\\/blog\\\/#website\"},\"primaryImageOfPage\":{\"@id\":\"https:\\\/\\\/amautaenlinea.com\\\/blog\\\/habilitan-y-reconocen-legalmente-al-fenamagp-como-sindicato-a-nivel-nacional-que-representara-al-magisterio-peruano\\\/#primaryimage\"},\"image\":{\"@id\":\"https:\\\/\\\/amautaenlinea.com\\\/blog\\\/habilitan-y-reconocen-legalmente-al-fenamagp-como-sindicato-a-nivel-nacional-que-representara-al-magisterio-peruano\\\/#primaryimage\"},\"thumbnailUrl\":\"https:\\\/\\\/amautaenlinea.com\\\/blog\\\/wp-content\\\/uploads\\\/2026\\\/01\\\/Habilitan-y-reconocen-legalmente-al-FENAMAGP-como-sindicato-a-nivel-nacional-que-representara-al-magisterio-peruano.png\",\"datePublished\":\"2026-01-04T14:35:30+00:00\",\"description\":\"\u27a8 Habilitan y reconocen legalmente al FENAMAGP como sindicato a nivel nacional que representar\u00e1 al magisterio peruano\",\"breadcrumb\":{\"@id\":\"https:\\\/\\\/amautaenlinea.com\\\/blog\\\/habilitan-y-reconocen-legalmente-al-fenamagp-como-sindicato-a-nivel-nacional-que-representara-al-magisterio-peruano\\\/#breadcrumb\"},\"inLanguage\":\"es\",\"potentialAction\":[{\"@type\":\"ReadAction\",\"target\":[\"https:\\\/\\\/amautaenlinea.com\\\/blog\\\/habilitan-y-reconocen-legalmente-al-fenamagp-como-sindicato-a-nivel-nacional-que-representara-al-magisterio-peruano\\\/\"]}]},{\"@type\":\"ImageObject\",\"inLanguage\":\"es\",\"@id\":\"https:\\\/\\\/amautaenlinea.com\\\/blog\\\/habilitan-y-reconocen-legalmente-al-fenamagp-como-sindicato-a-nivel-nacional-que-representara-al-magisterio-peruano\\\/#primaryimage\",\"url\":\"https:\\\/\\\/amautaenlinea.com\\\/blog\\\/wp-content\\\/uploads\\\/2026\\\/01\\\/Habilitan-y-reconocen-legalmente-al-FENAMAGP-como-sindicato-a-nivel-nacional-que-representara-al-magisterio-peruano.png\",\"contentUrl\":\"https:\\\/\\\/amautaenlinea.com\\\/blog\\\/wp-content\\\/uploads\\\/2026\\\/01\\\/Habilitan-y-reconocen-legalmente-al-FENAMAGP-como-sindicato-a-nivel-nacional-que-representara-al-magisterio-peruano.png\",\"width\":1280,\"height\":720},{\"@type\":\"BreadcrumbList\",\"@id\":\"https:\\\/\\\/amautaenlinea.com\\\/blog\\\/habilitan-y-reconocen-legalmente-al-fenamagp-como-sindicato-a-nivel-nacional-que-representara-al-magisterio-peruano\\\/#breadcrumb\",\"itemListElement\":[{\"@type\":\"ListItem\",\"position\":1,\"name\":\"Portada\",\"item\":\"https:\\\/\\\/amautaenlinea.com\\\/blog\\\/\"},{\"@type\":\"ListItem\",\"position\":2,\"name\":\"Habilitan y reconocen legalmente al FENAMAGP como sindicato a nivel nacional que representar\u00e1 al magisterio peruano\"}]},{\"@type\":\"WebSite\",\"@id\":\"https:\\\/\\\/amautaenlinea.com\\\/blog\\\/#website\",\"url\":\"https:\\\/\\\/amautaenlinea.com\\\/blog\\\/\",\"name\":\"Grupo AMAUTA\",\"description\":\"\",\"publisher\":{\"@id\":\"https:\\\/\\\/amautaenlinea.com\\\/blog\\\/#organization\"},\"potentialAction\":[{\"@type\":\"SearchAction\",\"target\":{\"@type\":\"EntryPoint\",\"urlTemplate\":\"https:\\\/\\\/amautaenlinea.com\\\/blog\\\/?s={search_term_string}\"},\"query-input\":{\"@type\":\"PropertyValueSpecification\",\"valueRequired\":true,\"valueName\":\"search_term_string\"}}],\"inLanguage\":\"es\"},{\"@type\":\"Organization\",\"@id\":\"https:\\\/\\\/amautaenlinea.com\\\/blog\\\/#organization\",\"name\":\"Grupo AMAUTA E-BUSINESS\",\"url\":\"https:\\\/\\\/amautaenlinea.com\\\/blog\\\/\",\"logo\":{\"@type\":\"ImageObject\",\"inLanguage\":\"es\",\"@id\":\"https:\\\/\\\/amautaenlinea.com\\\/blog\\\/#\\\/schema\\\/logo\\\/image\\\/\",\"url\":\"https:\\\/\\\/amautaenlinea.com\\\/blog\\\/wp-content\\\/uploads\\\/2023\\\/09\\\/logo-amauta.png\",\"contentUrl\":\"https:\\\/\\\/amautaenlinea.com\\\/blog\\\/wp-content\\\/uploads\\\/2023\\\/09\\\/logo-amauta.png\",\"width\":1124,\"height\":368,\"caption\":\"Grupo AMAUTA E-BUSINESS\"},\"image\":{\"@id\":\"https:\\\/\\\/amautaenlinea.com\\\/blog\\\/#\\\/schema\\\/logo\\\/image\\\/\"},\"sameAs\":[\"https:\\\/\\\/www.facebook.com\\\/amautaperu.org\\\/\"]},{\"@type\":\"Person\",\"@id\":\"https:\\\/\\\/amautaenlinea.com\\\/blog\\\/#\\\/schema\\\/person\\\/d8d4b5d672e9edb72a6f23fd40dd31d5\",\"name\":\"Grupo AMAUTA EBUSINESS\",\"image\":{\"@type\":\"ImageObject\",\"inLanguage\":\"es\",\"@id\":\"https:\\\/\\\/secure.gravatar.com\\\/avatar\\\/97706b54c222a710310e2db50e02e68de0a4c8bb76654bcc4053b08241c6bd6c?s=96&d=mm&r=g\",\"url\":\"https:\\\/\\\/secure.gravatar.com\\\/avatar\\\/97706b54c222a710310e2db50e02e68de0a4c8bb76654bcc4053b08241c6bd6c?s=96&d=mm&r=g\",\"contentUrl\":\"https:\\\/\\\/secure.gravatar.com\\\/avatar\\\/97706b54c222a710310e2db50e02e68de0a4c8bb76654bcc4053b08241c6bd6c?s=96&d=mm&r=g\",\"caption\":\"Grupo AMAUTA EBUSINESS\"}}]}<\/script>\n<!-- \/ Yoast SEO Premium plugin. -->","yoast_head_json":{"title":"\u25b7 Habilitan y reconocen legalmente al FENAMAGP como sindicato a nivel nacional que representar\u00e1 al magisterio peruano \u2705","description":"\u27a8 Habilitan y reconocen legalmente al FENAMAGP como sindicato a nivel nacional que representar\u00e1 al magisterio peruano","robots":{"index":"index","follow":"follow","max-snippet":"max-snippet:-1","max-image-preview":"max-image-preview:large","max-video-preview":"max-video-preview:-1"},"canonical":"https:\/\/amautaenlinea.com\/blog\/habilitan-y-reconocen-legalmente-al-fenamagp-como-sindicato-a-nivel-nacional-que-representara-al-magisterio-peruano\/","og_locale":"es_ES","og_type":"article","og_title":"Habilitan y reconocen legalmente al FENAMAGP como sindicato a nivel nacional que representar\u00e1 al magisterio peruano","og_description":"\u27a8 Habilitan y reconocen legalmente al FENAMAGP como sindicato a nivel nacional que representar\u00e1 al magisterio peruano","og_url":"https:\/\/amautaenlinea.com\/blog\/habilitan-y-reconocen-legalmente-al-fenamagp-como-sindicato-a-nivel-nacional-que-representara-al-magisterio-peruano\/","og_site_name":"Grupo AMAUTA","article_publisher":"https:\/\/www.facebook.com\/amautaperu.org\/","article_published_time":"2026-01-04T14:35:30+00:00","og_image":[{"width":1280,"height":720,"url":"https:\/\/amautaenlinea.com\/blog\/wp-content\/uploads\/2026\/01\/Habilitan-y-reconocen-legalmente-al-FENAMAGP-como-sindicato-a-nivel-nacional-que-representara-al-magisterio-peruano.png","type":"image\/png"}],"author":"Grupo AMAUTA EBUSINESS","twitter_card":"summary_large_image","schema":{"@context":"https:\/\/schema.org","@graph":[{"@type":"Article","@id":"https:\/\/amautaenlinea.com\/blog\/habilitan-y-reconocen-legalmente-al-fenamagp-como-sindicato-a-nivel-nacional-que-representara-al-magisterio-peruano\/#article","isPartOf":{"@id":"https:\/\/amautaenlinea.com\/blog\/habilitan-y-reconocen-legalmente-al-fenamagp-como-sindicato-a-nivel-nacional-que-representara-al-magisterio-peruano\/"},"author":{"name":"Grupo AMAUTA EBUSINESS","@id":"https:\/\/amautaenlinea.com\/blog\/#\/schema\/person\/d8d4b5d672e9edb72a6f23fd40dd31d5"},"headline":"Habilitan y reconocen legalmente al FENAMAGP como sindicato a nivel nacional que representar\u00e1 al magisterio peruano","datePublished":"2026-01-04T14:35:30+00:00","mainEntityOfPage":{"@id":"https:\/\/amautaenlinea.com\/blog\/habilitan-y-reconocen-legalmente-al-fenamagp-como-sindicato-a-nivel-nacional-que-representara-al-magisterio-peruano\/"},"wordCount":452,"commentCount":0,"publisher":{"@id":"https:\/\/amautaenlinea.com\/blog\/#organization"},"image":{"@id":"https:\/\/amautaenlinea.com\/blog\/habilitan-y-reconocen-legalmente-al-fenamagp-como-sindicato-a-nivel-nacional-que-representara-al-magisterio-peruano\/#primaryimage"},"thumbnailUrl":"https:\/\/amautaenlinea.com\/blog\/wp-content\/uploads\/2026\/01\/Habilitan-y-reconocen-legalmente-al-FENAMAGP-como-sindicato-a-nivel-nacional-que-representara-al-magisterio-peruano.png","keywords":["Habilitan y reconocen legalmente al FENAMAGP como sindicato a nivel nacional que representar\u00e1 al magisterio peruano"],"articleSection":["Educaci\u00f3n"],"inLanguage":"es","potentialAction":[{"@type":"CommentAction","name":"Comment","target":["https:\/\/amautaenlinea.com\/blog\/habilitan-y-reconocen-legalmente-al-fenamagp-como-sindicato-a-nivel-nacional-que-representara-al-magisterio-peruano\/#respond"]}],"copyrightYear":"2026","copyrightHolder":{"@id":"https:\/\/amautaenlinea.com\/blog\/#organization"}},{"@type":"WebPage","@id":"https:\/\/amautaenlinea.com\/blog\/habilitan-y-reconocen-legalmente-al-fenamagp-como-sindicato-a-nivel-nacional-que-representara-al-magisterio-peruano\/","url":"https:\/\/amautaenlinea.com\/blog\/habilitan-y-reconocen-legalmente-al-fenamagp-como-sindicato-a-nivel-nacional-que-representara-al-magisterio-peruano\/","name":"\u25b7 Habilitan y reconocen legalmente al FENAMAGP como sindicato a nivel nacional que representar\u00e1 al magisterio peruano \u2705","isPartOf":{"@id":"https:\/\/amautaenlinea.com\/blog\/#website"},"primaryImageOfPage":{"@id":"https:\/\/amautaenlinea.com\/blog\/habilitan-y-reconocen-legalmente-al-fenamagp-como-sindicato-a-nivel-nacional-que-representara-al-magisterio-peruano\/#primaryimage"},"image":{"@id":"https:\/\/amautaenlinea.com\/blog\/habilitan-y-reconocen-legalmente-al-fenamagp-como-sindicato-a-nivel-nacional-que-representara-al-magisterio-peruano\/#primaryimage"},"thumbnailUrl":"https:\/\/amautaenlinea.com\/blog\/wp-content\/uploads\/2026\/01\/Habilitan-y-reconocen-legalmente-al-FENAMAGP-como-sindicato-a-nivel-nacional-que-representara-al-magisterio-peruano.png","datePublished":"2026-01-04T14:35:30+00:00","description":"\u27a8 Habilitan y reconocen legalmente al FENAMAGP como sindicato a nivel nacional que representar\u00e1 al magisterio peruano","breadcrumb":{"@id":"https:\/\/amautaenlinea.com\/blog\/habilitan-y-reconocen-legalmente-al-fenamagp-como-sindicato-a-nivel-nacional-que-representara-al-magisterio-peruano\/#breadcrumb"},"inLanguage":"es","potentialAction":[{"@type":"ReadAction","target":["https:\/\/amautaenlinea.com\/blog\/habilitan-y-reconocen-legalmente-al-fenamagp-como-sindicato-a-nivel-nacional-que-representara-al-magisterio-peruano\/"]}]},{"@type":"ImageObject","inLanguage":"es","@id":"https:\/\/amautaenlinea.com\/blog\/habilitan-y-reconocen-legalmente-al-fenamagp-como-sindicato-a-nivel-nacional-que-representara-al-magisterio-peruano\/#primaryimage","url":"https:\/\/amautaenlinea.com\/blog\/wp-content\/uploads\/2026\/01\/Habilitan-y-reconocen-legalmente-al-FENAMAGP-como-sindicato-a-nivel-nacional-que-representara-al-magisterio-peruano.png","contentUrl":"https:\/\/amautaenlinea.com\/blog\/wp-content\/uploads\/2026\/01\/Habilitan-y-reconocen-legalmente-al-FENAMAGP-como-sindicato-a-nivel-nacional-que-representara-al-magisterio-peruano.png","width":1280,"height":720},{"@type":"BreadcrumbList","@id":"https:\/\/amautaenlinea.com\/blog\/habilitan-y-reconocen-legalmente-al-fenamagp-como-sindicato-a-nivel-nacional-que-representara-al-magisterio-peruano\/#breadcrumb","itemListElement":[{"@type":"ListItem","position":1,"name":"Portada","item":"https:\/\/amautaenlinea.com\/blog\/"},{"@type":"ListItem","position":2,"name":"Habilitan y reconocen legalmente al FENAMAGP como sindicato a nivel nacional que representar\u00e1 al magisterio peruano"}]},{"@type":"WebSite","@id":"https:\/\/amautaenlinea.com\/blog\/#website","url":"https:\/\/amautaenlinea.com\/blog\/","name":"Grupo AMAUTA","description":"","publisher":{"@id":"https:\/\/amautaenlinea.com\/blog\/#organization"},"potentialAction":[{"@type":"SearchAction","target":{"@type":"EntryPoint","urlTemplate":"https:\/\/amautaenlinea.com\/blog\/?s={search_term_string}"},"query-input":{"@type":"PropertyValueSpecification","valueRequired":true,"valueName":"search_term_string"}}],"inLanguage":"es"},{"@type":"Organization","@id":"https:\/\/amautaenlinea.com\/blog\/#organization","name":"Grupo AMAUTA E-BUSINESS","url":"https:\/\/amautaenlinea.com\/blog\/","logo":{"@type":"ImageObject","inLanguage":"es","@id":"https:\/\/amautaenlinea.com\/blog\/#\/schema\/logo\/image\/","url":"https:\/\/amautaenlinea.com\/blog\/wp-content\/uploads\/2023\/09\/logo-amauta.png","contentUrl":"https:\/\/amautaenlinea.com\/blog\/wp-content\/uploads\/2023\/09\/logo-amauta.png","width":1124,"height":368,"caption":"Grupo AMAUTA E-BUSINESS"},"image":{"@id":"https:\/\/amautaenlinea.com\/blog\/#\/schema\/logo\/image\/"},"sameAs":["https:\/\/www.facebook.com\/amautaperu.org\/"]},{"@type":"Person","@id":"https:\/\/amautaenlinea.com\/blog\/#\/schema\/person\/d8d4b5d672e9edb72a6f23fd40dd31d5","name":"Grupo AMAUTA EBUSINESS","image":{"@type":"ImageObject","inLanguage":"es","@id":"https:\/\/secure.gravatar.com\/avatar\/97706b54c222a710310e2db50e02e68de0a4c8bb76654bcc4053b08241c6bd6c?s=96&d=mm&r=g","url":"https:\/\/secure.gravatar.com\/avatar\/97706b54c222a710310e2db50e02e68de0a4c8bb76654bcc4053b08241c6bd6c?s=96&d=mm&r=g","contentUrl":"https:\/\/secure.gravatar.com\/avatar\/97706b54c222a710310e2db50e02e68de0a4c8bb76654bcc4053b08241c6bd6c?s=96&d=mm&r=g","caption":"Grupo AMAUTA EBUSINESS"}}]}},"_links":{"self":[{"href":"https:\/\/amautaenlinea.com\/blog\/wp-json\/wp\/v2\/posts\/18271","targetHints":{"allow":["GET"]}}],"collection":[{"href":"https:\/\/amautaenlinea.com\/blog\/wp-json\/wp\/v2\/posts"}],"about":[{"href":"https:\/\/amautaenlinea.com\/blog\/wp-json\/wp\/v2\/types\/post"}],"author":[{"embeddable":true,"href":"https:\/\/amautaenlinea.com\/blog\/wp-json\/wp\/v2\/users\/1"}],"replies":[{"embeddable":true,"href":"https:\/\/amautaenlinea.com\/blog\/wp-json\/wp\/v2\/comments?post=18271"}],"version-history":[{"count":1,"href":"https:\/\/amautaenlinea.com\/blog\/wp-json\/wp\/v2\/posts\/18271\/revisions"}],"predecessor-version":[{"id":18273,"href":"https:\/\/amautaenlinea.com\/blog\/wp-json\/wp\/v2\/posts\/18271\/revisions\/18273"}],"wp:featuredmedia":[{"embeddable":true,"href":"https:\/\/amautaenlinea.com\/blog\/wp-json\/wp\/v2\/media\/18272"}],"wp:attachment":[{"href":"https:\/\/amautaenlinea.com\/blog\/wp-json\/wp\/v2\/media?parent=18271"}],"wp:term":[{"taxonomy":"category","embeddable":true,"href":"https:\/\/amautaenlinea.com\/blog\/wp-json\/wp\/v2\/categories?post=18271"},{"taxonomy":"post_tag","embeddable":true,"href":"https:\/\/amautaenlinea.com\/blog\/wp-json\/wp\/v2\/tags?post=18271"}],"curies":[{"name":"wp","href":"https:\/\/api.w.org\/{rel}","templated":true}]}}