{"id":18236,"date":"2025-12-31T06:46:52","date_gmt":"2025-12-31T11:46:52","guid":{"rendered":"https:\/\/amautaenlinea.com\/blog\/?p=18236"},"modified":"2025-12-31T06:46:52","modified_gmt":"2025-12-31T11:46:52","slug":"minedu-muchos-directores-de-iiee-salieron-nuevamente-desaprobados-en-prueba-nacional-pero-de-la-noche-a-la-manana-aparecieron-ratificados","status":"publish","type":"post","link":"https:\/\/amautaenlinea.com\/blog\/minedu-muchos-directores-de-iiee-salieron-nuevamente-desaprobados-en-prueba-nacional-pero-de-la-noche-a-la-manana-aparecieron-ratificados\/","title":{"rendered":"Minedu: Muchos directores de IIEE salieron nuevamente desaprobados en prueba nacional pero de la noche a la ma\u00f1ana aparecieron ratificados"},"content":{"rendered":"<div class=\"xdj266r x14z9mp xat24cr x1lziwak x1vvkbs x126k92a\">\n<h2 dir=\"auto\">MINEDU DESAPRUEBA AL 75% DE DIRECTIVOS<\/h2>\n<div dir=\"auto\">Otra vez fracasa falsa meritocracia; magisters y doctores dejan cargos en <span class=\"html-span xdj266r x14z9mp xat24cr x1lziwak xexx8yu xyri2b x18d9i69 x1c1uobl x1hl2dhg x16tdsg8 x1vvkbs\">II.EE.<\/span><\/div>\n<div dir=\"auto\"><\/div>\n<\/div>\n<div class=\"x14z9mp xat24cr x1lziwak x1vvkbs xtlvy1s x126k92a\">\n<div dir=\"auto\"><span class=\"html-span xexx8yu xyri2b x18d9i69 x1c1uobl x1hl2dhg x16tdsg8 x1vvkbs x3nfvp2 x1j61x8r x1fcty0u xdj266r xat24cr xm2jcoa x1mpyi22 xxymvpz xlup9mm x1kky2od\">&#8211;<\/span> Muchos de ellos estuvieron desempe\u00f1ando el cargo de director o subdirector durante m\u00e1s de 8 y 10 a\u00f1os, antes ya hab\u00edan sido desaprobados.<\/div>\n<\/div>\n<div class=\"x14z9mp xat24cr x1lziwak x1vvkbs xtlvy1s x126k92a\">\n<div dir=\"auto\"><span class=\"html-span xexx8yu xyri2b x18d9i69 x1c1uobl x1hl2dhg x16tdsg8 x1vvkbs x3nfvp2 x1j61x8r x1fcty0u xdj266r xat24cr xm2jcoa x1mpyi22 xxymvpz xlup9mm x1kky2od\">&#8211;<\/span>Huancayo y la regi\u00f3n Jun\u00edn est\u00e1n entre las primeras a nivel nacional con mayor cantidad de mag\u00edsters y doctores en Educaci\u00f3n.<\/div>\n<\/div>\n<div class=\"x14z9mp xat24cr x1lziwak x1vvkbs xtlvy1s x126k92a\">\n<div dir=\"auto\"><span class=\"html-span xexx8yu xyri2b x18d9i69 x1c1uobl x1hl2dhg x16tdsg8 x1vvkbs x3nfvp2 x1j61x8r x1fcty0u xdj266r xat24cr xm2jcoa x1mpyi22 xxymvpz xlup9mm x1kky2od\">&#8211;<\/span>A pesar que el Ministerio de Educaci\u00f3n public\u00f3 los resultados e hizo conocer a las Ejecutoras, hasta la fecha, guardan sospechoso secreto.<\/div>\n<div dir=\"auto\"><\/div>\n<\/div>\n<div class=\"x14z9mp xat24cr x1lziwak x1vvkbs xtlvy1s x126k92a\">\n<h2 dir=\"auto\">UNIDAD DE INVESTIGACI\u00d3N<\/h2>\n<div dir=\"auto\">\u00a1Est\u00e1n atentando contra la educaci\u00f3n p\u00fablica de calidad!. \u00abLa situaci\u00f3n que atraviesa la educaci\u00f3n p\u00fablica y privada de calidad es preocupante, en cuanto a la meritocracia ya toc\u00f3 fondo, ahora s\u00ed se puede hablar de falsa meritocracia en lo que respecta a la cobertura de plazas directivas en las instituciones educativas p\u00fablicas, los resultados de la Evaluaci\u00f3n Excepcional de Desempe\u00f1o en cargos directivos, as\u00ed lo demuestra\u00bb, analiza Pedro Liz\u00e1rraga Manchego, especialista en temas educativos.<\/div>\n<\/div>\n<div class=\"x14z9mp xat24cr x1lziwak x1vvkbs xtlvy1s x126k92a\">\n<div dir=\"auto\"><\/div>\n<\/div>\n<div class=\"x14z9mp xat24cr x1lziwak x1vvkbs xtlvy1s x126k92a\">\n<h2 dir=\"auto\">DESAPROBADOS SE QUEDARON EN EL CARGO<\/h2>\n<div dir=\"auto\">Como se recuerda, el MINEDU con fecha 7 de marzo 2025 puso en vigencia la Resoluci\u00f3n Viceministerial N\u00b0 021-2025, mediante la cual dispuso de manera excepcional y por \u00fanica vez una nueva evaluaci\u00f3n a m\u00e1s del 80% de directivos de instituciones educativas p\u00fablicas que hab\u00edan sido desaprobados en la evaluaci\u00f3n de desempe\u00f1o 2024, luego de la aplicaci\u00f3n de los instrumentos de recojo de informaci\u00f3n a los directivos evaluados, en su momento esto fue un esc\u00e1ndalo may\u00fasculo, pues los directivos desaprobados se quedaron en los cargos\u00bb, explica Pedro Liz\u00e1rraga.<\/div>\n<\/div>\n<div class=\"x14z9mp xat24cr x1lziwak x1vvkbs xtlvy1s x126k92a\">\n<div dir=\"auto\"><\/div>\n<\/div>\n<div class=\"x14z9mp xat24cr x1lziwak x1vvkbs xtlvy1s x126k92a\">\n<h2 dir=\"auto\">VOLVIERON A DESAPROBARSE<\/h2>\n<div dir=\"auto\">He tenido acceso a informaci\u00f3n extraoficial sobre los resultados obtenidos por los directivos evaluados una vez m\u00e1s, indica Pedro Liz\u00e1rraga, quien precisa, \u00abde acuerdo con el cronograma, el MINEDU public\u00f3 en su portal institucional los resultados finales de la evaluaci\u00f3n, estos llegaron a las autoridades de las Ejecutoras de Educaci\u00f3n, una vez m\u00e1s el fracaso de la falsa meritocracia es evidente, de los 142 directivos evaluados en el \u00e1mbito de la regi\u00f3n Jun\u00edn, un promedio de 100 habr\u00eda vuelto a desaprobar, no evidencian los grados y especializaciones que tienen\u00bb.<\/div>\n<div dir=\"auto\"><\/div>\n<div dir=\"auto\"><img loading=\"lazy\" decoding=\"async\" class=\"alignnone size-medium wp-image-18237\" src=\"https:\/\/amautaenlinea.com\/blog\/wp-content\/uploads\/2025\/12\/directores-desaprobados-300x221.jpg\" alt=\"\" width=\"300\" height=\"221\" srcset=\"https:\/\/amautaenlinea.com\/blog\/wp-content\/uploads\/2025\/12\/directores-desaprobados-300x221.jpg 300w, https:\/\/amautaenlinea.com\/blog\/wp-content\/uploads\/2025\/12\/directores-desaprobados-768x566.jpg 768w, https:\/\/amautaenlinea.com\/blog\/wp-content\/uploads\/2025\/12\/directores-desaprobados.jpg 855w\" sizes=\"auto, (max-width: 300px) 100vw, 300px\" \/><\/div>\n<\/div>\n<div class=\"x14z9mp xat24cr x1lziwak x1vvkbs xtlvy1s x126k92a\">\n<div dir=\"auto\"><\/div>\n<\/div>\n<div class=\"x14z9mp xat24cr x1lziwak x1vvkbs xtlvy1s x126k92a\">\n<h2 dir=\"auto\">\u00bfCPPADD C\u00d3MPLICES DEL FRACASO?<\/h2>\n<div dir=\"auto\">Una de las posibles razones para el fracaso de la falsa meritocracia, a\u00f1ade el especialista, ser\u00eda la proliferaci\u00f3n de entidades que otorgan t\u00edtulos de segunda y tercera especialidad, diplomados, maestr\u00edas y doctorados, pero dice, \u00aben mi opini\u00f3n, el ruleteo en los cargos de las UGEL, as\u00ed como en muchas -no todas- Comisiones de Procesos Administrativos Disciplinarios de Docentes (CPADD), tambi\u00e9n pasaron a ser parte fundamental del fracaso al no concluir sus procesos les permitieron estar en los cargos hasta diez a\u00f1os, prescribir sus casos y seguir en los concursos\u00bb.<\/div>\n<\/div>\n<div class=\"x14z9mp xat24cr x1lziwak x1vvkbs xtlvy1s x126k92a\">\n<div dir=\"auto\"><\/div>\n<\/div>\n<div class=\"x14z9mp xat24cr x1lziwak x1vvkbs xtlvy1s x126k92a\">\n<h2 dir=\"auto\">PROMOVIERON LA IMPUNIDAD<\/h2>\n<div dir=\"auto\">En otro momento, Pedro Liz\u00e1rraga dej\u00f3 en claro que desde el Minedu hasta los Comit\u00e9s de Evaluaci\u00f3n y algunos jefes de gesti\u00f3n pedag\u00f3gica del proceso 2024 promovieron la corrupci\u00f3n e impunidad al emitir la Resoluci\u00f3n Viceministerial 021-2025, cuando la desaprobaci\u00f3n era un indicador que los directivos designados y ratificados eran parte de la falsa meritocracia, no ten\u00edan por qu\u00e9 ser evaluados nuevamente, menos cambiar los resultados, bajo la figura de la revisi\u00f3n, reclamos, \u00abhoy, a los desaprobados se les afecta porque pasar\u00edan a ser doblemente desaprobados\u00bb, alerta el especialista en temas educativos.<\/div>\n<\/div>\n<div class=\"x14z9mp xat24cr x1lziwak x1vvkbs xtlvy1s x126k92a\">\n<div dir=\"auto\"><\/div>\n<\/div>\n<div class=\"x14z9mp xat24cr x1lziwak x1vvkbs xtlvy1s x126k92a\">\n<h2 dir=\"auto\">OMISI\u00d3N SOSPECHOSA DE FUNCIONES<\/h2>\n<div dir=\"auto\">Nuestra Unidad de Investigaci\u00f3n, <strong>hizo un seguimiento a varias Unidades Ejecutoras sobre la publicaci\u00f3n de los resultados finales de la nueva evaluaci\u00f3n a los directivos de instituciones educativas, la respuesta fue la misma, a\u00fan no se emiti\u00f3 las resoluciones de ratificaci\u00f3n a los aprobados ni de conclusi\u00f3n de designaci\u00f3n a los desaprobados, a pesar que el cronograma se\u00f1ala que del 18 al 24 de diciembre del 2025 las Ugel deben emitir las resoluciones, autoridades y funcionarios habr\u00edan incurrido en una sospechosa omisi\u00f3n de funciones.<\/strong><\/div>\n<div dir=\"auto\"><\/div>\n<div dir=\"auto\"><img loading=\"lazy\" decoding=\"async\" class=\"alignnone size-medium wp-image-18238\" src=\"https:\/\/amautaenlinea.com\/blog\/wp-content\/uploads\/2025\/12\/directores-desaprobados-2-300x291.jpg\" alt=\"\" width=\"300\" height=\"291\" srcset=\"https:\/\/amautaenlinea.com\/blog\/wp-content\/uploads\/2025\/12\/directores-desaprobados-2-300x291.jpg 300w, https:\/\/amautaenlinea.com\/blog\/wp-content\/uploads\/2025\/12\/directores-desaprobados-2-768x745.jpg 768w, https:\/\/amautaenlinea.com\/blog\/wp-content\/uploads\/2025\/12\/directores-desaprobados-2.jpg 883w\" sizes=\"auto, (max-width: 300px) 100vw, 300px\" \/><\/div>\n<\/div>\n<div class=\"x14z9mp xat24cr x1lziwak x1vvkbs xtlvy1s x126k92a\">\n<div dir=\"auto\"><\/div>\n<\/div>\n<div class=\"x14z9mp xat24cr x1lziwak x1vvkbs xtlvy1s x126k92a\">\n<div dir=\"auto\"><strong>LA CLAVE:<\/strong> <strong>\u00abMuchos directores fueron desaprobados en la primera evaluaci\u00f3n de desempe\u00f1o, de la noche a la ma\u00f1ana aparecieron ratificados<\/strong>, el GORE Jun\u00edn anunci\u00f3 una investigaci\u00f3n sin resultados; el a\u00f1o 2024 tambi\u00e9n fueron desaprobados y continuaron en el cargo; varios de ellos asumieron nuevos cargos, sin duda la Norma que regula la Evaluaci\u00f3n de Desempe\u00f1o en Cargos Directivos, deber\u00eda perfeccionarse\u00bb, remarca Pedro Liz\u00e1rraga Manchego.<\/div>\n<\/div>\n","protected":false},"excerpt":{"rendered":"<p>MINEDU DESAPRUEBA AL 75% DE DIRECTIVOS Otra vez fracasa falsa meritocracia; magisters y doctores dejan cargos en II.EE. &#8211; Muchos de ellos estuvieron desempe\u00f1ando<\/p>\n","protected":false},"author":1,"featured_media":18239,"comment_status":"open","ping_status":"open","sticky":false,"template":"","format":"standard","meta":{"footnotes":""},"categories":[4],"tags":[3284],"class_list":["post-18236","post","type-post","status-publish","format-standard","has-post-thumbnail","hentry","category-educacion","tag-muchos-directores-de-iiee-salieron-nuevamente-desaprobados-en-prueba-nacional-pero-de-la-noche-a-la-manana-aparecieron-ratificados"],"yoast_head":"<!-- This site is optimized with the Yoast SEO Premium plugin v21.2 (Yoast SEO v27.4) - https:\/\/yoast.com\/product\/yoast-seo-premium-wordpress\/ -->\n<title>\u25b7 Minedu: Muchos directores de IIEE salieron nuevamente desaprobados en prueba nacional pero de la noche a la ma\u00f1ana aparecieron ratificados \u2705<\/title>\n<meta name=\"description\" content=\"\u27a8 Muchos directores de IIEE salieron nuevamente desaprobados en prueba nacional pero de la noche a la ma\u00f1ana aparecieron ratificados\" \/>\n<meta name=\"robots\" content=\"index, follow, max-snippet:-1, max-image-preview:large, max-video-preview:-1\" \/>\n<link rel=\"canonical\" href=\"https:\/\/amautaenlinea.com\/blog\/minedu-muchos-directores-de-iiee-salieron-nuevamente-desaprobados-en-prueba-nacional-pero-de-la-noche-a-la-manana-aparecieron-ratificados\/\" \/>\n<meta property=\"og:locale\" content=\"es_ES\" \/>\n<meta property=\"og:type\" content=\"article\" \/>\n<meta property=\"og:title\" content=\"Minedu: Muchos directores de IIEE salieron nuevamente desaprobados en prueba nacional pero de la noche a la ma\u00f1ana aparecieron ratificados\" \/>\n<meta property=\"og:description\" content=\"\u27a8 Muchos directores de IIEE salieron nuevamente desaprobados en prueba nacional pero de la noche a la ma\u00f1ana aparecieron ratificados\" \/>\n<meta property=\"og:url\" content=\"https:\/\/amautaenlinea.com\/blog\/minedu-muchos-directores-de-iiee-salieron-nuevamente-desaprobados-en-prueba-nacional-pero-de-la-noche-a-la-manana-aparecieron-ratificados\/\" \/>\n<meta property=\"og:site_name\" content=\"Grupo AMAUTA\" \/>\n<meta property=\"article:publisher\" content=\"https:\/\/www.facebook.com\/amautaperu.org\/\" \/>\n<meta property=\"article:published_time\" content=\"2025-12-31T11:46:52+00:00\" \/>\n<meta property=\"og:image\" content=\"https:\/\/amautaenlinea.com\/blog\/wp-content\/uploads\/2025\/12\/Muchos-directores-de-IIEE-salieron-nuevamente-desaprobados-en-prueba-nacional-pero-de-la-noche-a-la-manana-aparecieron-ratificados.png\" \/>\n\t<meta property=\"og:image:width\" content=\"1280\" \/>\n\t<meta property=\"og:image:height\" content=\"720\" \/>\n\t<meta property=\"og:image:type\" content=\"image\/png\" \/>\n<meta name=\"author\" content=\"Grupo AMAUTA EBUSINESS\" \/>\n<meta name=\"twitter:card\" content=\"summary_large_image\" \/>\n<script type=\"application\/ld+json\" class=\"yoast-schema-graph\">{\"@context\":\"https:\\\/\\\/schema.org\",\"@graph\":[{\"@type\":\"Article\",\"@id\":\"https:\\\/\\\/amautaenlinea.com\\\/blog\\\/minedu-muchos-directores-de-iiee-salieron-nuevamente-desaprobados-en-prueba-nacional-pero-de-la-noche-a-la-manana-aparecieron-ratificados\\\/#article\",\"isPartOf\":{\"@id\":\"https:\\\/\\\/amautaenlinea.com\\\/blog\\\/minedu-muchos-directores-de-iiee-salieron-nuevamente-desaprobados-en-prueba-nacional-pero-de-la-noche-a-la-manana-aparecieron-ratificados\\\/\"},\"author\":{\"name\":\"Grupo AMAUTA EBUSINESS\",\"@id\":\"https:\\\/\\\/amautaenlinea.com\\\/blog\\\/#\\\/schema\\\/person\\\/d8d4b5d672e9edb72a6f23fd40dd31d5\"},\"headline\":\"Minedu: Muchos directores de IIEE salieron nuevamente desaprobados en prueba nacional pero de la noche a la ma\u00f1ana aparecieron ratificados\",\"datePublished\":\"2025-12-31T11:46:52+00:00\",\"mainEntityOfPage\":{\"@id\":\"https:\\\/\\\/amautaenlinea.com\\\/blog\\\/minedu-muchos-directores-de-iiee-salieron-nuevamente-desaprobados-en-prueba-nacional-pero-de-la-noche-a-la-manana-aparecieron-ratificados\\\/\"},\"wordCount\":780,\"commentCount\":0,\"publisher\":{\"@id\":\"https:\\\/\\\/amautaenlinea.com\\\/blog\\\/#organization\"},\"image\":{\"@id\":\"https:\\\/\\\/amautaenlinea.com\\\/blog\\\/minedu-muchos-directores-de-iiee-salieron-nuevamente-desaprobados-en-prueba-nacional-pero-de-la-noche-a-la-manana-aparecieron-ratificados\\\/#primaryimage\"},\"thumbnailUrl\":\"https:\\\/\\\/amautaenlinea.com\\\/blog\\\/wp-content\\\/uploads\\\/2025\\\/12\\\/Muchos-directores-de-IIEE-salieron-nuevamente-desaprobados-en-prueba-nacional-pero-de-la-noche-a-la-manana-aparecieron-ratificados.png\",\"keywords\":[\"Muchos directores de IIEE salieron nuevamente desaprobados en prueba nacional pero de la noche a la ma\u00f1ana aparecieron ratificados\"],\"articleSection\":[\"Educaci\u00f3n\"],\"inLanguage\":\"es\",\"potentialAction\":[{\"@type\":\"CommentAction\",\"name\":\"Comment\",\"target\":[\"https:\\\/\\\/amautaenlinea.com\\\/blog\\\/minedu-muchos-directores-de-iiee-salieron-nuevamente-desaprobados-en-prueba-nacional-pero-de-la-noche-a-la-manana-aparecieron-ratificados\\\/#respond\"]}],\"copyrightYear\":\"2025\",\"copyrightHolder\":{\"@id\":\"https:\\\/\\\/amautaenlinea.com\\\/blog\\\/#organization\"}},{\"@type\":\"WebPage\",\"@id\":\"https:\\\/\\\/amautaenlinea.com\\\/blog\\\/minedu-muchos-directores-de-iiee-salieron-nuevamente-desaprobados-en-prueba-nacional-pero-de-la-noche-a-la-manana-aparecieron-ratificados\\\/\",\"url\":\"https:\\\/\\\/amautaenlinea.com\\\/blog\\\/minedu-muchos-directores-de-iiee-salieron-nuevamente-desaprobados-en-prueba-nacional-pero-de-la-noche-a-la-manana-aparecieron-ratificados\\\/\",\"name\":\"\u25b7 Minedu: Muchos directores de IIEE salieron nuevamente desaprobados en prueba nacional pero de la noche a la ma\u00f1ana aparecieron ratificados \u2705\",\"isPartOf\":{\"@id\":\"https:\\\/\\\/amautaenlinea.com\\\/blog\\\/#website\"},\"primaryImageOfPage\":{\"@id\":\"https:\\\/\\\/amautaenlinea.com\\\/blog\\\/minedu-muchos-directores-de-iiee-salieron-nuevamente-desaprobados-en-prueba-nacional-pero-de-la-noche-a-la-manana-aparecieron-ratificados\\\/#primaryimage\"},\"image\":{\"@id\":\"https:\\\/\\\/amautaenlinea.com\\\/blog\\\/minedu-muchos-directores-de-iiee-salieron-nuevamente-desaprobados-en-prueba-nacional-pero-de-la-noche-a-la-manana-aparecieron-ratificados\\\/#primaryimage\"},\"thumbnailUrl\":\"https:\\\/\\\/amautaenlinea.com\\\/blog\\\/wp-content\\\/uploads\\\/2025\\\/12\\\/Muchos-directores-de-IIEE-salieron-nuevamente-desaprobados-en-prueba-nacional-pero-de-la-noche-a-la-manana-aparecieron-ratificados.png\",\"datePublished\":\"2025-12-31T11:46:52+00:00\",\"description\":\"\u27a8 Muchos directores de IIEE salieron nuevamente desaprobados en prueba nacional pero de la noche a la ma\u00f1ana aparecieron ratificados\",\"breadcrumb\":{\"@id\":\"https:\\\/\\\/amautaenlinea.com\\\/blog\\\/minedu-muchos-directores-de-iiee-salieron-nuevamente-desaprobados-en-prueba-nacional-pero-de-la-noche-a-la-manana-aparecieron-ratificados\\\/#breadcrumb\"},\"inLanguage\":\"es\",\"potentialAction\":[{\"@type\":\"ReadAction\",\"target\":[\"https:\\\/\\\/amautaenlinea.com\\\/blog\\\/minedu-muchos-directores-de-iiee-salieron-nuevamente-desaprobados-en-prueba-nacional-pero-de-la-noche-a-la-manana-aparecieron-ratificados\\\/\"]}]},{\"@type\":\"ImageObject\",\"inLanguage\":\"es\",\"@id\":\"https:\\\/\\\/amautaenlinea.com\\\/blog\\\/minedu-muchos-directores-de-iiee-salieron-nuevamente-desaprobados-en-prueba-nacional-pero-de-la-noche-a-la-manana-aparecieron-ratificados\\\/#primaryimage\",\"url\":\"https:\\\/\\\/amautaenlinea.com\\\/blog\\\/wp-content\\\/uploads\\\/2025\\\/12\\\/Muchos-directores-de-IIEE-salieron-nuevamente-desaprobados-en-prueba-nacional-pero-de-la-noche-a-la-manana-aparecieron-ratificados.png\",\"contentUrl\":\"https:\\\/\\\/amautaenlinea.com\\\/blog\\\/wp-content\\\/uploads\\\/2025\\\/12\\\/Muchos-directores-de-IIEE-salieron-nuevamente-desaprobados-en-prueba-nacional-pero-de-la-noche-a-la-manana-aparecieron-ratificados.png\",\"width\":1280,\"height\":720},{\"@type\":\"BreadcrumbList\",\"@id\":\"https:\\\/\\\/amautaenlinea.com\\\/blog\\\/minedu-muchos-directores-de-iiee-salieron-nuevamente-desaprobados-en-prueba-nacional-pero-de-la-noche-a-la-manana-aparecieron-ratificados\\\/#breadcrumb\",\"itemListElement\":[{\"@type\":\"ListItem\",\"position\":1,\"name\":\"Portada\",\"item\":\"https:\\\/\\\/amautaenlinea.com\\\/blog\\\/\"},{\"@type\":\"ListItem\",\"position\":2,\"name\":\"Minedu: Muchos directores de IIEE salieron nuevamente desaprobados en prueba nacional pero de la noche a la ma\u00f1ana aparecieron ratificados\"}]},{\"@type\":\"WebSite\",\"@id\":\"https:\\\/\\\/amautaenlinea.com\\\/blog\\\/#website\",\"url\":\"https:\\\/\\\/amautaenlinea.com\\\/blog\\\/\",\"name\":\"Grupo AMAUTA\",\"description\":\"\",\"publisher\":{\"@id\":\"https:\\\/\\\/amautaenlinea.com\\\/blog\\\/#organization\"},\"potentialAction\":[{\"@type\":\"SearchAction\",\"target\":{\"@type\":\"EntryPoint\",\"urlTemplate\":\"https:\\\/\\\/amautaenlinea.com\\\/blog\\\/?s={search_term_string}\"},\"query-input\":{\"@type\":\"PropertyValueSpecification\",\"valueRequired\":true,\"valueName\":\"search_term_string\"}}],\"inLanguage\":\"es\"},{\"@type\":\"Organization\",\"@id\":\"https:\\\/\\\/amautaenlinea.com\\\/blog\\\/#organization\",\"name\":\"Grupo AMAUTA E-BUSINESS\",\"url\":\"https:\\\/\\\/amautaenlinea.com\\\/blog\\\/\",\"logo\":{\"@type\":\"ImageObject\",\"inLanguage\":\"es\",\"@id\":\"https:\\\/\\\/amautaenlinea.com\\\/blog\\\/#\\\/schema\\\/logo\\\/image\\\/\",\"url\":\"https:\\\/\\\/amautaenlinea.com\\\/blog\\\/wp-content\\\/uploads\\\/2023\\\/09\\\/logo-amauta.png\",\"contentUrl\":\"https:\\\/\\\/amautaenlinea.com\\\/blog\\\/wp-content\\\/uploads\\\/2023\\\/09\\\/logo-amauta.png\",\"width\":1124,\"height\":368,\"caption\":\"Grupo AMAUTA E-BUSINESS\"},\"image\":{\"@id\":\"https:\\\/\\\/amautaenlinea.com\\\/blog\\\/#\\\/schema\\\/logo\\\/image\\\/\"},\"sameAs\":[\"https:\\\/\\\/www.facebook.com\\\/amautaperu.org\\\/\"]},{\"@type\":\"Person\",\"@id\":\"https:\\\/\\\/amautaenlinea.com\\\/blog\\\/#\\\/schema\\\/person\\\/d8d4b5d672e9edb72a6f23fd40dd31d5\",\"name\":\"Grupo AMAUTA EBUSINESS\",\"image\":{\"@type\":\"ImageObject\",\"inLanguage\":\"es\",\"@id\":\"https:\\\/\\\/secure.gravatar.com\\\/avatar\\\/97706b54c222a710310e2db50e02e68de0a4c8bb76654bcc4053b08241c6bd6c?s=96&d=mm&r=g\",\"url\":\"https:\\\/\\\/secure.gravatar.com\\\/avatar\\\/97706b54c222a710310e2db50e02e68de0a4c8bb76654bcc4053b08241c6bd6c?s=96&d=mm&r=g\",\"contentUrl\":\"https:\\\/\\\/secure.gravatar.com\\\/avatar\\\/97706b54c222a710310e2db50e02e68de0a4c8bb76654bcc4053b08241c6bd6c?s=96&d=mm&r=g\",\"caption\":\"Grupo AMAUTA EBUSINESS\"}}]}<\/script>\n<!-- \/ Yoast SEO Premium plugin. -->","yoast_head_json":{"title":"\u25b7 Minedu: Muchos directores de IIEE salieron nuevamente desaprobados en prueba nacional pero de la noche a la ma\u00f1ana aparecieron ratificados \u2705","description":"\u27a8 Muchos directores de IIEE salieron nuevamente desaprobados en prueba nacional pero de la noche a la ma\u00f1ana aparecieron ratificados","robots":{"index":"index","follow":"follow","max-snippet":"max-snippet:-1","max-image-preview":"max-image-preview:large","max-video-preview":"max-video-preview:-1"},"canonical":"https:\/\/amautaenlinea.com\/blog\/minedu-muchos-directores-de-iiee-salieron-nuevamente-desaprobados-en-prueba-nacional-pero-de-la-noche-a-la-manana-aparecieron-ratificados\/","og_locale":"es_ES","og_type":"article","og_title":"Minedu: Muchos directores de IIEE salieron nuevamente desaprobados en prueba nacional pero de la noche a la ma\u00f1ana aparecieron ratificados","og_description":"\u27a8 Muchos directores de IIEE salieron nuevamente desaprobados en prueba nacional pero de la noche a la ma\u00f1ana aparecieron ratificados","og_url":"https:\/\/amautaenlinea.com\/blog\/minedu-muchos-directores-de-iiee-salieron-nuevamente-desaprobados-en-prueba-nacional-pero-de-la-noche-a-la-manana-aparecieron-ratificados\/","og_site_name":"Grupo AMAUTA","article_publisher":"https:\/\/www.facebook.com\/amautaperu.org\/","article_published_time":"2025-12-31T11:46:52+00:00","og_image":[{"width":1280,"height":720,"url":"https:\/\/amautaenlinea.com\/blog\/wp-content\/uploads\/2025\/12\/Muchos-directores-de-IIEE-salieron-nuevamente-desaprobados-en-prueba-nacional-pero-de-la-noche-a-la-manana-aparecieron-ratificados.png","type":"image\/png"}],"author":"Grupo AMAUTA EBUSINESS","twitter_card":"summary_large_image","schema":{"@context":"https:\/\/schema.org","@graph":[{"@type":"Article","@id":"https:\/\/amautaenlinea.com\/blog\/minedu-muchos-directores-de-iiee-salieron-nuevamente-desaprobados-en-prueba-nacional-pero-de-la-noche-a-la-manana-aparecieron-ratificados\/#article","isPartOf":{"@id":"https:\/\/amautaenlinea.com\/blog\/minedu-muchos-directores-de-iiee-salieron-nuevamente-desaprobados-en-prueba-nacional-pero-de-la-noche-a-la-manana-aparecieron-ratificados\/"},"author":{"name":"Grupo AMAUTA EBUSINESS","@id":"https:\/\/amautaenlinea.com\/blog\/#\/schema\/person\/d8d4b5d672e9edb72a6f23fd40dd31d5"},"headline":"Minedu: Muchos directores de IIEE salieron nuevamente desaprobados en prueba nacional pero de la noche a la ma\u00f1ana aparecieron ratificados","datePublished":"2025-12-31T11:46:52+00:00","mainEntityOfPage":{"@id":"https:\/\/amautaenlinea.com\/blog\/minedu-muchos-directores-de-iiee-salieron-nuevamente-desaprobados-en-prueba-nacional-pero-de-la-noche-a-la-manana-aparecieron-ratificados\/"},"wordCount":780,"commentCount":0,"publisher":{"@id":"https:\/\/amautaenlinea.com\/blog\/#organization"},"image":{"@id":"https:\/\/amautaenlinea.com\/blog\/minedu-muchos-directores-de-iiee-salieron-nuevamente-desaprobados-en-prueba-nacional-pero-de-la-noche-a-la-manana-aparecieron-ratificados\/#primaryimage"},"thumbnailUrl":"https:\/\/amautaenlinea.com\/blog\/wp-content\/uploads\/2025\/12\/Muchos-directores-de-IIEE-salieron-nuevamente-desaprobados-en-prueba-nacional-pero-de-la-noche-a-la-manana-aparecieron-ratificados.png","keywords":["Muchos directores de IIEE salieron nuevamente desaprobados en prueba nacional pero de la noche a la ma\u00f1ana aparecieron ratificados"],"articleSection":["Educaci\u00f3n"],"inLanguage":"es","potentialAction":[{"@type":"CommentAction","name":"Comment","target":["https:\/\/amautaenlinea.com\/blog\/minedu-muchos-directores-de-iiee-salieron-nuevamente-desaprobados-en-prueba-nacional-pero-de-la-noche-a-la-manana-aparecieron-ratificados\/#respond"]}],"copyrightYear":"2025","copyrightHolder":{"@id":"https:\/\/amautaenlinea.com\/blog\/#organization"}},{"@type":"WebPage","@id":"https:\/\/amautaenlinea.com\/blog\/minedu-muchos-directores-de-iiee-salieron-nuevamente-desaprobados-en-prueba-nacional-pero-de-la-noche-a-la-manana-aparecieron-ratificados\/","url":"https:\/\/amautaenlinea.com\/blog\/minedu-muchos-directores-de-iiee-salieron-nuevamente-desaprobados-en-prueba-nacional-pero-de-la-noche-a-la-manana-aparecieron-ratificados\/","name":"\u25b7 Minedu: Muchos directores de IIEE salieron nuevamente desaprobados en prueba nacional pero de la noche a la ma\u00f1ana aparecieron ratificados \u2705","isPartOf":{"@id":"https:\/\/amautaenlinea.com\/blog\/#website"},"primaryImageOfPage":{"@id":"https:\/\/amautaenlinea.com\/blog\/minedu-muchos-directores-de-iiee-salieron-nuevamente-desaprobados-en-prueba-nacional-pero-de-la-noche-a-la-manana-aparecieron-ratificados\/#primaryimage"},"image":{"@id":"https:\/\/amautaenlinea.com\/blog\/minedu-muchos-directores-de-iiee-salieron-nuevamente-desaprobados-en-prueba-nacional-pero-de-la-noche-a-la-manana-aparecieron-ratificados\/#primaryimage"},"thumbnailUrl":"https:\/\/amautaenlinea.com\/blog\/wp-content\/uploads\/2025\/12\/Muchos-directores-de-IIEE-salieron-nuevamente-desaprobados-en-prueba-nacional-pero-de-la-noche-a-la-manana-aparecieron-ratificados.png","datePublished":"2025-12-31T11:46:52+00:00","description":"\u27a8 Muchos directores de IIEE salieron nuevamente desaprobados en prueba nacional pero de la noche a la ma\u00f1ana aparecieron ratificados","breadcrumb":{"@id":"https:\/\/amautaenlinea.com\/blog\/minedu-muchos-directores-de-iiee-salieron-nuevamente-desaprobados-en-prueba-nacional-pero-de-la-noche-a-la-manana-aparecieron-ratificados\/#breadcrumb"},"inLanguage":"es","potentialAction":[{"@type":"ReadAction","target":["https:\/\/amautaenlinea.com\/blog\/minedu-muchos-directores-de-iiee-salieron-nuevamente-desaprobados-en-prueba-nacional-pero-de-la-noche-a-la-manana-aparecieron-ratificados\/"]}]},{"@type":"ImageObject","inLanguage":"es","@id":"https:\/\/amautaenlinea.com\/blog\/minedu-muchos-directores-de-iiee-salieron-nuevamente-desaprobados-en-prueba-nacional-pero-de-la-noche-a-la-manana-aparecieron-ratificados\/#primaryimage","url":"https:\/\/amautaenlinea.com\/blog\/wp-content\/uploads\/2025\/12\/Muchos-directores-de-IIEE-salieron-nuevamente-desaprobados-en-prueba-nacional-pero-de-la-noche-a-la-manana-aparecieron-ratificados.png","contentUrl":"https:\/\/amautaenlinea.com\/blog\/wp-content\/uploads\/2025\/12\/Muchos-directores-de-IIEE-salieron-nuevamente-desaprobados-en-prueba-nacional-pero-de-la-noche-a-la-manana-aparecieron-ratificados.png","width":1280,"height":720},{"@type":"BreadcrumbList","@id":"https:\/\/amautaenlinea.com\/blog\/minedu-muchos-directores-de-iiee-salieron-nuevamente-desaprobados-en-prueba-nacional-pero-de-la-noche-a-la-manana-aparecieron-ratificados\/#breadcrumb","itemListElement":[{"@type":"ListItem","position":1,"name":"Portada","item":"https:\/\/amautaenlinea.com\/blog\/"},{"@type":"ListItem","position":2,"name":"Minedu: Muchos directores de IIEE salieron nuevamente desaprobados en prueba nacional pero de la noche a la ma\u00f1ana aparecieron ratificados"}]},{"@type":"WebSite","@id":"https:\/\/amautaenlinea.com\/blog\/#website","url":"https:\/\/amautaenlinea.com\/blog\/","name":"Grupo AMAUTA","description":"","publisher":{"@id":"https:\/\/amautaenlinea.com\/blog\/#organization"},"potentialAction":[{"@type":"SearchAction","target":{"@type":"EntryPoint","urlTemplate":"https:\/\/amautaenlinea.com\/blog\/?s={search_term_string}"},"query-input":{"@type":"PropertyValueSpecification","valueRequired":true,"valueName":"search_term_string"}}],"inLanguage":"es"},{"@type":"Organization","@id":"https:\/\/amautaenlinea.com\/blog\/#organization","name":"Grupo AMAUTA E-BUSINESS","url":"https:\/\/amautaenlinea.com\/blog\/","logo":{"@type":"ImageObject","inLanguage":"es","@id":"https:\/\/amautaenlinea.com\/blog\/#\/schema\/logo\/image\/","url":"https:\/\/amautaenlinea.com\/blog\/wp-content\/uploads\/2023\/09\/logo-amauta.png","contentUrl":"https:\/\/amautaenlinea.com\/blog\/wp-content\/uploads\/2023\/09\/logo-amauta.png","width":1124,"height":368,"caption":"Grupo AMAUTA E-BUSINESS"},"image":{"@id":"https:\/\/amautaenlinea.com\/blog\/#\/schema\/logo\/image\/"},"sameAs":["https:\/\/www.facebook.com\/amautaperu.org\/"]},{"@type":"Person","@id":"https:\/\/amautaenlinea.com\/blog\/#\/schema\/person\/d8d4b5d672e9edb72a6f23fd40dd31d5","name":"Grupo AMAUTA EBUSINESS","image":{"@type":"ImageObject","inLanguage":"es","@id":"https:\/\/secure.gravatar.com\/avatar\/97706b54c222a710310e2db50e02e68de0a4c8bb76654bcc4053b08241c6bd6c?s=96&d=mm&r=g","url":"https:\/\/secure.gravatar.com\/avatar\/97706b54c222a710310e2db50e02e68de0a4c8bb76654bcc4053b08241c6bd6c?s=96&d=mm&r=g","contentUrl":"https:\/\/secure.gravatar.com\/avatar\/97706b54c222a710310e2db50e02e68de0a4c8bb76654bcc4053b08241c6bd6c?s=96&d=mm&r=g","caption":"Grupo AMAUTA EBUSINESS"}}]}},"_links":{"self":[{"href":"https:\/\/amautaenlinea.com\/blog\/wp-json\/wp\/v2\/posts\/18236","targetHints":{"allow":["GET"]}}],"collection":[{"href":"https:\/\/amautaenlinea.com\/blog\/wp-json\/wp\/v2\/posts"}],"about":[{"href":"https:\/\/amautaenlinea.com\/blog\/wp-json\/wp\/v2\/types\/post"}],"author":[{"embeddable":true,"href":"https:\/\/amautaenlinea.com\/blog\/wp-json\/wp\/v2\/users\/1"}],"replies":[{"embeddable":true,"href":"https:\/\/amautaenlinea.com\/blog\/wp-json\/wp\/v2\/comments?post=18236"}],"version-history":[{"count":1,"href":"https:\/\/amautaenlinea.com\/blog\/wp-json\/wp\/v2\/posts\/18236\/revisions"}],"predecessor-version":[{"id":18240,"href":"https:\/\/amautaenlinea.com\/blog\/wp-json\/wp\/v2\/posts\/18236\/revisions\/18240"}],"wp:featuredmedia":[{"embeddable":true,"href":"https:\/\/amautaenlinea.com\/blog\/wp-json\/wp\/v2\/media\/18239"}],"wp:attachment":[{"href":"https:\/\/amautaenlinea.com\/blog\/wp-json\/wp\/v2\/media?parent=18236"}],"wp:term":[{"taxonomy":"category","embeddable":true,"href":"https:\/\/amautaenlinea.com\/blog\/wp-json\/wp\/v2\/categories?post=18236"},{"taxonomy":"post_tag","embeddable":true,"href":"https:\/\/amautaenlinea.com\/blog\/wp-json\/wp\/v2\/tags?post=18236"}],"curies":[{"name":"wp","href":"https:\/\/api.w.org\/{rel}","templated":true}]}}