{"id":18210,"date":"2025-12-29T19:23:44","date_gmt":"2025-12-30T00:23:44","guid":{"rendered":"https:\/\/amautaenlinea.com\/blog\/?p=18210"},"modified":"2025-12-29T19:23:44","modified_gmt":"2025-12-30T00:23:44","slug":"minedu-salio-el-cronograma-oficial-para-el-contrato-docente-de-auxiliares-de-educacion-a-nivel-nacional-lo-ultimo","status":"publish","type":"post","link":"https:\/\/amautaenlinea.com\/blog\/minedu-salio-el-cronograma-oficial-para-el-contrato-docente-de-auxiliares-de-educacion-a-nivel-nacional-lo-ultimo\/","title":{"rendered":"Minedu: Sali\u00f3 el cronograma oficial para el Contrato Docente de Auxiliares de Educaci\u00f3n a nivel nacional \u00a1LO \u00daLTIMO!"},"content":{"rendered":"<p>Hoy el MINEDU ha emitido el cronograma para el proceso de contrato de los auxiliares de educaci\u00f3n 2026.<\/p>\n<p>Lima, 29 de diciembre de 2025<br \/>\nOFICIO M\u00daLTIPLE N.\u00ba 00138-2025-MINEDU\/VMGP-DIGEDD<br \/>\nSe\u00f1ores:<br \/>\nDIRECTORES REGIONALES DE EDUCACI\u00d3N<br \/>\nGERENTES REGIONALES DE EDUCACI\u00d3N<br \/>\nDIRECTORES DE UNIDAD DE GESTI\u00d3N EDUCATIVA LOCAL<\/p>\n<p>Presente.-<\/p>\n<h3>Asunto : Precisiones y cronograma para implementar el procedimiento de contrataci\u00f3n de Auxiliares de Educaci\u00f3n 2026<br \/>\nReferencia : Resoluci\u00f3n Viceministerial N\u00b0158-2025-MINEDU<\/h3>\n<p>De mi mayor consideraci\u00f3n:<\/p>\n<p>Tengo el agrado de dirigirme a usted, en atenci\u00f3n al documento de la referencia, que aprueba la norma t\u00e9cnica que regula el procedimiento para la contrataci\u00f3n de auxiliares de educaci\u00f3n en las instituciones educativas p\u00fablicas de Educaci\u00f3n B\u00e1sica Regular y de Educaci\u00f3n B\u00e1sica Especial, en adelante la Norma T\u00e9cnica, cuyo objetivo es establecer los requisito y condiciones para la contrataci\u00f3n de los auxiliares de educaci\u00f3n.<\/p>\n<p>Sobre el particular, esta Direcci\u00f3n General en coordinaci\u00f3n con la Direcci\u00f3n T\u00e9cnica Normativa de Docentes \u2013 DITEN, realiza algunas precisiones que sus despachos deben ener en consideraci\u00f3n para implementar el procedimiento de contrataci\u00f3n de auxiliares de educaci\u00f3n 2026, entre ellas, las siguientes:<br \/>\na. La Direcci\u00f3n Regional de Educaci\u00f3n\/Gerencia Regional de Educaci\u00f3n\/Unidad de Gesti\u00f3n Educativa Local (DRE\/GRE\/UGEL) deben asegurar la atenci\u00f3n de los<br \/>\nexpedientes presentados por los postulantes.<\/p>\n<p>b. El Minedu realizar\u00e1 la publicaci\u00f3n preliminar de plazas vacantes, las mismas que deben ser validadas por el responsable del sistema Nexus de cada DRE\/UGEL,<br \/>\ndebiendo tener en cuenta lo se\u00f1alado en el numeral 5.2 de la norma t\u00e9cnica. La Unidad Ejecutora puede incorporar plazas para la publicaci\u00f3n final a su cargo.<br \/>\nc. Con la finalidad de implementar la modalidad de Evaluaci\u00f3n de expedientes, en el marco de lo dispuesto en la norma t\u00e9cnica, se les hace de conocimiento las<br \/>\nactividades y cronograma que deben aprobar sus despachos de acuerdo al siguiente detalle:<\/p>\n<p><img loading=\"lazy\" decoding=\"async\" class=\"alignnone  wp-image-18211\" src=\"https:\/\/amautaenlinea.com\/blog\/wp-content\/uploads\/2025\/12\/CRONOGRAMA-AUXILIARES-300x57.jpg\" alt=\"\" width=\"458\" height=\"87\" srcset=\"https:\/\/amautaenlinea.com\/blog\/wp-content\/uploads\/2025\/12\/CRONOGRAMA-AUXILIARES-300x57.jpg 300w, https:\/\/amautaenlinea.com\/blog\/wp-content\/uploads\/2025\/12\/CRONOGRAMA-AUXILIARES-768x146.jpg 768w, https:\/\/amautaenlinea.com\/blog\/wp-content\/uploads\/2025\/12\/CRONOGRAMA-AUXILIARES.jpg 976w\" sizes=\"auto, (max-width: 458px) 100vw, 458px\" \/> <img loading=\"lazy\" decoding=\"async\" class=\"alignnone  wp-image-18212\" src=\"https:\/\/amautaenlinea.com\/blog\/wp-content\/uploads\/2025\/12\/CRONOGRAMA-AUXILIARES-2-300x193.jpg\" alt=\"\" width=\"311\" height=\"200\" srcset=\"https:\/\/amautaenlinea.com\/blog\/wp-content\/uploads\/2025\/12\/CRONOGRAMA-AUXILIARES-2-300x193.jpg 300w, https:\/\/amautaenlinea.com\/blog\/wp-content\/uploads\/2025\/12\/CRONOGRAMA-AUXILIARES-2-115x73.jpg 115w, https:\/\/amautaenlinea.com\/blog\/wp-content\/uploads\/2025\/12\/CRONOGRAMA-AUXILIARES-2.jpg 728w\" sizes=\"auto, (max-width: 311px) 100vw, 311px\" \/><\/p>\n<p><img loading=\"lazy\" decoding=\"async\" class=\"alignnone size-medium wp-image-18213\" src=\"https:\/\/amautaenlinea.com\/blog\/wp-content\/uploads\/2025\/12\/OFICIO_MULTIPLE-00138-2025-MINEDU-VMGP-DIGEDD_001-212x300.jpg\" alt=\"\" width=\"212\" height=\"300\" srcset=\"https:\/\/amautaenlinea.com\/blog\/wp-content\/uploads\/2025\/12\/OFICIO_MULTIPLE-00138-2025-MINEDU-VMGP-DIGEDD_001-212x300.jpg 212w, https:\/\/amautaenlinea.com\/blog\/wp-content\/uploads\/2025\/12\/OFICIO_MULTIPLE-00138-2025-MINEDU-VMGP-DIGEDD_001-724x1024.jpg 724w, https:\/\/amautaenlinea.com\/blog\/wp-content\/uploads\/2025\/12\/OFICIO_MULTIPLE-00138-2025-MINEDU-VMGP-DIGEDD_001-768x1087.jpg 768w, https:\/\/amautaenlinea.com\/blog\/wp-content\/uploads\/2025\/12\/OFICIO_MULTIPLE-00138-2025-MINEDU-VMGP-DIGEDD_001-1085x1536.jpg 1085w, https:\/\/amautaenlinea.com\/blog\/wp-content\/uploads\/2025\/12\/OFICIO_MULTIPLE-00138-2025-MINEDU-VMGP-DIGEDD_001-1447x2048.jpg 1447w, https:\/\/amautaenlinea.com\/blog\/wp-content\/uploads\/2025\/12\/OFICIO_MULTIPLE-00138-2025-MINEDU-VMGP-DIGEDD_001-scaled.jpg 1809w\" sizes=\"auto, (max-width: 212px) 100vw, 212px\" \/> <img loading=\"lazy\" decoding=\"async\" class=\"alignnone size-medium wp-image-18214\" src=\"https:\/\/amautaenlinea.com\/blog\/wp-content\/uploads\/2025\/12\/OFICIO_MULTIPLE-00138-2025-MINEDU-VMGP-DIGEDD_002-212x300.jpg\" alt=\"\" width=\"212\" height=\"300\" srcset=\"https:\/\/amautaenlinea.com\/blog\/wp-content\/uploads\/2025\/12\/OFICIO_MULTIPLE-00138-2025-MINEDU-VMGP-DIGEDD_002-212x300.jpg 212w, https:\/\/amautaenlinea.com\/blog\/wp-content\/uploads\/2025\/12\/OFICIO_MULTIPLE-00138-2025-MINEDU-VMGP-DIGEDD_002-724x1024.jpg 724w, https:\/\/amautaenlinea.com\/blog\/wp-content\/uploads\/2025\/12\/OFICIO_MULTIPLE-00138-2025-MINEDU-VMGP-DIGEDD_002-768x1087.jpg 768w, https:\/\/amautaenlinea.com\/blog\/wp-content\/uploads\/2025\/12\/OFICIO_MULTIPLE-00138-2025-MINEDU-VMGP-DIGEDD_002-1085x1536.jpg 1085w, https:\/\/amautaenlinea.com\/blog\/wp-content\/uploads\/2025\/12\/OFICIO_MULTIPLE-00138-2025-MINEDU-VMGP-DIGEDD_002-1447x2048.jpg 1447w, https:\/\/amautaenlinea.com\/blog\/wp-content\/uploads\/2025\/12\/OFICIO_MULTIPLE-00138-2025-MINEDU-VMGP-DIGEDD_002-scaled.jpg 1809w\" sizes=\"auto, (max-width: 212px) 100vw, 212px\" \/> <img loading=\"lazy\" decoding=\"async\" class=\"alignnone size-medium wp-image-18215\" src=\"https:\/\/amautaenlinea.com\/blog\/wp-content\/uploads\/2025\/12\/OFICIO_MULTIPLE-00138-2025-MINEDU-VMGP-DIGEDD_003-212x300.jpg\" alt=\"\" width=\"212\" height=\"300\" srcset=\"https:\/\/amautaenlinea.com\/blog\/wp-content\/uploads\/2025\/12\/OFICIO_MULTIPLE-00138-2025-MINEDU-VMGP-DIGEDD_003-212x300.jpg 212w, https:\/\/amautaenlinea.com\/blog\/wp-content\/uploads\/2025\/12\/OFICIO_MULTIPLE-00138-2025-MINEDU-VMGP-DIGEDD_003-724x1024.jpg 724w, https:\/\/amautaenlinea.com\/blog\/wp-content\/uploads\/2025\/12\/OFICIO_MULTIPLE-00138-2025-MINEDU-VMGP-DIGEDD_003-768x1087.jpg 768w, https:\/\/amautaenlinea.com\/blog\/wp-content\/uploads\/2025\/12\/OFICIO_MULTIPLE-00138-2025-MINEDU-VMGP-DIGEDD_003-1085x1536.jpg 1085w, https:\/\/amautaenlinea.com\/blog\/wp-content\/uploads\/2025\/12\/OFICIO_MULTIPLE-00138-2025-MINEDU-VMGP-DIGEDD_003-1447x2048.jpg 1447w, https:\/\/amautaenlinea.com\/blog\/wp-content\/uploads\/2025\/12\/OFICIO_MULTIPLE-00138-2025-MINEDU-VMGP-DIGEDD_003-scaled.jpg 1809w\" sizes=\"auto, (max-width: 212px) 100vw, 212px\" \/><\/p>\n<h3><a href=\"https:\/\/esinad.minedu.gob.pe\/e_sinadmed_1\/VDD_VisorPDF.aspx?datos=EBUbQ532uokF5cMo931sPiEG0L%2fBXVPMfr2u3i6gVbADlYN5PMIU91DwriptWpZartbXHGObS%2fBl12S1qTD0u57IcBB%2b0KxFST59pb2WizZJ0AvcnczTrlV1lLEvHTJMOwouoLpmD4%2fMwx19P%2bo4XGXhmhLAxM9B%2fi0QxJcqP6EBN7mIGA5km%2fds5afguuxwR0v5G%2bVogtL2UvrPD7QU6sI%3d\">DESCARGUE AQU\u00cd EL CRONOGRAMA OFICIAL PARA CONTRATO DOCENTE DE AUXILIARES DE EDUCACI\u00d3N 2026<\/a><\/h3>\n","protected":false},"excerpt":{"rendered":"<p>Hoy el MINEDU ha emitido el cronograma para el proceso de contrato de los auxiliares de educaci\u00f3n 2026. Lima, 29 de diciembre de 2025<\/p>\n","protected":false},"author":1,"featured_media":18216,"comment_status":"open","ping_status":"open","sticky":false,"template":"","format":"standard","meta":{"footnotes":""},"categories":[4],"tags":[3281],"class_list":["post-18210","post","type-post","status-publish","format-standard","has-post-thumbnail","hentry","category-educacion","tag-minedu-salio-el-cronograma-oficial-para-el-contrato-docente-de-auxiliares-de-educacion-a-nivel-nacional"],"yoast_head":"<!-- This site is optimized with the Yoast SEO Premium plugin v21.2 (Yoast SEO v27.4) - https:\/\/yoast.com\/product\/yoast-seo-premium-wordpress\/ -->\n<title>\u25b7 Minedu: Sali\u00f3 el cronograma oficial para el Contrato Docente de Auxiliares de Educaci\u00f3n a nivel nacional \u00a1LO \u00daLTIMO! \u2705<\/title>\n<meta name=\"description\" content=\"\u27a8 Minedu: Sali\u00f3 el cronograma oficial para el Contrato Docente de Auxiliares de Educaci\u00f3n a nivel nacional\" \/>\n<meta name=\"robots\" content=\"index, follow, max-snippet:-1, max-image-preview:large, max-video-preview:-1\" \/>\n<link rel=\"canonical\" href=\"https:\/\/amautaenlinea.com\/blog\/minedu-salio-el-cronograma-oficial-para-el-contrato-docente-de-auxiliares-de-educacion-a-nivel-nacional-lo-ultimo\/\" \/>\n<meta property=\"og:locale\" content=\"es_ES\" \/>\n<meta property=\"og:type\" content=\"article\" \/>\n<meta property=\"og:title\" content=\"Minedu: Sali\u00f3 el cronograma oficial para el Contrato Docente de Auxiliares de Educaci\u00f3n a nivel nacional \u00a1LO \u00daLTIMO!\" \/>\n<meta property=\"og:description\" content=\"\u27a8 Minedu: Sali\u00f3 el cronograma oficial para el Contrato Docente de Auxiliares de Educaci\u00f3n a nivel nacional\" \/>\n<meta property=\"og:url\" content=\"https:\/\/amautaenlinea.com\/blog\/minedu-salio-el-cronograma-oficial-para-el-contrato-docente-de-auxiliares-de-educacion-a-nivel-nacional-lo-ultimo\/\" \/>\n<meta property=\"og:site_name\" content=\"Grupo AMAUTA\" \/>\n<meta property=\"article:publisher\" content=\"https:\/\/www.facebook.com\/amautaperu.org\/\" \/>\n<meta property=\"article:published_time\" content=\"2025-12-30T00:23:44+00:00\" \/>\n<meta property=\"og:image\" content=\"https:\/\/amautaenlinea.com\/blog\/wp-content\/uploads\/2025\/12\/Salio-el-cronograma-oficial-para-el-Contrato-Docente-de-Auxiliares-de-Educacion-a-nivel-nacional.png\" \/>\n\t<meta property=\"og:image:width\" content=\"1280\" \/>\n\t<meta property=\"og:image:height\" content=\"720\" \/>\n\t<meta property=\"og:image:type\" content=\"image\/png\" \/>\n<meta name=\"author\" content=\"Grupo AMAUTA EBUSINESS\" \/>\n<meta name=\"twitter:card\" content=\"summary_large_image\" \/>\n<script type=\"application\/ld+json\" class=\"yoast-schema-graph\">{\"@context\":\"https:\\\/\\\/schema.org\",\"@graph\":[{\"@type\":\"Article\",\"@id\":\"https:\\\/\\\/amautaenlinea.com\\\/blog\\\/minedu-salio-el-cronograma-oficial-para-el-contrato-docente-de-auxiliares-de-educacion-a-nivel-nacional-lo-ultimo\\\/#article\",\"isPartOf\":{\"@id\":\"https:\\\/\\\/amautaenlinea.com\\\/blog\\\/minedu-salio-el-cronograma-oficial-para-el-contrato-docente-de-auxiliares-de-educacion-a-nivel-nacional-lo-ultimo\\\/\"},\"author\":{\"name\":\"Grupo AMAUTA EBUSINESS\",\"@id\":\"https:\\\/\\\/amautaenlinea.com\\\/blog\\\/#\\\/schema\\\/person\\\/d8d4b5d672e9edb72a6f23fd40dd31d5\"},\"headline\":\"Minedu: Sali\u00f3 el cronograma oficial para el Contrato Docente de Auxiliares de Educaci\u00f3n a nivel nacional \u00a1LO \u00daLTIMO!\",\"datePublished\":\"2025-12-30T00:23:44+00:00\",\"mainEntityOfPage\":{\"@id\":\"https:\\\/\\\/amautaenlinea.com\\\/blog\\\/minedu-salio-el-cronograma-oficial-para-el-contrato-docente-de-auxiliares-de-educacion-a-nivel-nacional-lo-ultimo\\\/\"},\"wordCount\":368,\"commentCount\":0,\"publisher\":{\"@id\":\"https:\\\/\\\/amautaenlinea.com\\\/blog\\\/#organization\"},\"image\":{\"@id\":\"https:\\\/\\\/amautaenlinea.com\\\/blog\\\/minedu-salio-el-cronograma-oficial-para-el-contrato-docente-de-auxiliares-de-educacion-a-nivel-nacional-lo-ultimo\\\/#primaryimage\"},\"thumbnailUrl\":\"https:\\\/\\\/amautaenlinea.com\\\/blog\\\/wp-content\\\/uploads\\\/2025\\\/12\\\/Salio-el-cronograma-oficial-para-el-Contrato-Docente-de-Auxiliares-de-Educacion-a-nivel-nacional.png\",\"keywords\":[\"Minedu: Sali\u00f3 el cronograma oficial para el Contrato Docente de Auxiliares de Educaci\u00f3n a nivel nacional\"],\"articleSection\":[\"Educaci\u00f3n\"],\"inLanguage\":\"es\",\"potentialAction\":[{\"@type\":\"CommentAction\",\"name\":\"Comment\",\"target\":[\"https:\\\/\\\/amautaenlinea.com\\\/blog\\\/minedu-salio-el-cronograma-oficial-para-el-contrato-docente-de-auxiliares-de-educacion-a-nivel-nacional-lo-ultimo\\\/#respond\"]}],\"copyrightYear\":\"2025\",\"copyrightHolder\":{\"@id\":\"https:\\\/\\\/amautaenlinea.com\\\/blog\\\/#organization\"}},{\"@type\":\"WebPage\",\"@id\":\"https:\\\/\\\/amautaenlinea.com\\\/blog\\\/minedu-salio-el-cronograma-oficial-para-el-contrato-docente-de-auxiliares-de-educacion-a-nivel-nacional-lo-ultimo\\\/\",\"url\":\"https:\\\/\\\/amautaenlinea.com\\\/blog\\\/minedu-salio-el-cronograma-oficial-para-el-contrato-docente-de-auxiliares-de-educacion-a-nivel-nacional-lo-ultimo\\\/\",\"name\":\"\u25b7 Minedu: Sali\u00f3 el cronograma oficial para el Contrato Docente de Auxiliares de Educaci\u00f3n a nivel nacional \u00a1LO \u00daLTIMO! \u2705\",\"isPartOf\":{\"@id\":\"https:\\\/\\\/amautaenlinea.com\\\/blog\\\/#website\"},\"primaryImageOfPage\":{\"@id\":\"https:\\\/\\\/amautaenlinea.com\\\/blog\\\/minedu-salio-el-cronograma-oficial-para-el-contrato-docente-de-auxiliares-de-educacion-a-nivel-nacional-lo-ultimo\\\/#primaryimage\"},\"image\":{\"@id\":\"https:\\\/\\\/amautaenlinea.com\\\/blog\\\/minedu-salio-el-cronograma-oficial-para-el-contrato-docente-de-auxiliares-de-educacion-a-nivel-nacional-lo-ultimo\\\/#primaryimage\"},\"thumbnailUrl\":\"https:\\\/\\\/amautaenlinea.com\\\/blog\\\/wp-content\\\/uploads\\\/2025\\\/12\\\/Salio-el-cronograma-oficial-para-el-Contrato-Docente-de-Auxiliares-de-Educacion-a-nivel-nacional.png\",\"datePublished\":\"2025-12-30T00:23:44+00:00\",\"description\":\"\u27a8 Minedu: Sali\u00f3 el cronograma oficial para el Contrato Docente de Auxiliares de Educaci\u00f3n a nivel nacional\",\"breadcrumb\":{\"@id\":\"https:\\\/\\\/amautaenlinea.com\\\/blog\\\/minedu-salio-el-cronograma-oficial-para-el-contrato-docente-de-auxiliares-de-educacion-a-nivel-nacional-lo-ultimo\\\/#breadcrumb\"},\"inLanguage\":\"es\",\"potentialAction\":[{\"@type\":\"ReadAction\",\"target\":[\"https:\\\/\\\/amautaenlinea.com\\\/blog\\\/minedu-salio-el-cronograma-oficial-para-el-contrato-docente-de-auxiliares-de-educacion-a-nivel-nacional-lo-ultimo\\\/\"]}]},{\"@type\":\"ImageObject\",\"inLanguage\":\"es\",\"@id\":\"https:\\\/\\\/amautaenlinea.com\\\/blog\\\/minedu-salio-el-cronograma-oficial-para-el-contrato-docente-de-auxiliares-de-educacion-a-nivel-nacional-lo-ultimo\\\/#primaryimage\",\"url\":\"https:\\\/\\\/amautaenlinea.com\\\/blog\\\/wp-content\\\/uploads\\\/2025\\\/12\\\/Salio-el-cronograma-oficial-para-el-Contrato-Docente-de-Auxiliares-de-Educacion-a-nivel-nacional.png\",\"contentUrl\":\"https:\\\/\\\/amautaenlinea.com\\\/blog\\\/wp-content\\\/uploads\\\/2025\\\/12\\\/Salio-el-cronograma-oficial-para-el-Contrato-Docente-de-Auxiliares-de-Educacion-a-nivel-nacional.png\",\"width\":1280,\"height\":720},{\"@type\":\"BreadcrumbList\",\"@id\":\"https:\\\/\\\/amautaenlinea.com\\\/blog\\\/minedu-salio-el-cronograma-oficial-para-el-contrato-docente-de-auxiliares-de-educacion-a-nivel-nacional-lo-ultimo\\\/#breadcrumb\",\"itemListElement\":[{\"@type\":\"ListItem\",\"position\":1,\"name\":\"Portada\",\"item\":\"https:\\\/\\\/amautaenlinea.com\\\/blog\\\/\"},{\"@type\":\"ListItem\",\"position\":2,\"name\":\"Minedu: Sali\u00f3 el cronograma oficial para el Contrato Docente de Auxiliares de Educaci\u00f3n a nivel nacional \u00a1LO \u00daLTIMO!\"}]},{\"@type\":\"WebSite\",\"@id\":\"https:\\\/\\\/amautaenlinea.com\\\/blog\\\/#website\",\"url\":\"https:\\\/\\\/amautaenlinea.com\\\/blog\\\/\",\"name\":\"Grupo AMAUTA\",\"description\":\"\",\"publisher\":{\"@id\":\"https:\\\/\\\/amautaenlinea.com\\\/blog\\\/#organization\"},\"potentialAction\":[{\"@type\":\"SearchAction\",\"target\":{\"@type\":\"EntryPoint\",\"urlTemplate\":\"https:\\\/\\\/amautaenlinea.com\\\/blog\\\/?s={search_term_string}\"},\"query-input\":{\"@type\":\"PropertyValueSpecification\",\"valueRequired\":true,\"valueName\":\"search_term_string\"}}],\"inLanguage\":\"es\"},{\"@type\":\"Organization\",\"@id\":\"https:\\\/\\\/amautaenlinea.com\\\/blog\\\/#organization\",\"name\":\"Grupo AMAUTA E-BUSINESS\",\"url\":\"https:\\\/\\\/amautaenlinea.com\\\/blog\\\/\",\"logo\":{\"@type\":\"ImageObject\",\"inLanguage\":\"es\",\"@id\":\"https:\\\/\\\/amautaenlinea.com\\\/blog\\\/#\\\/schema\\\/logo\\\/image\\\/\",\"url\":\"https:\\\/\\\/amautaenlinea.com\\\/blog\\\/wp-content\\\/uploads\\\/2023\\\/09\\\/logo-amauta.png\",\"contentUrl\":\"https:\\\/\\\/amautaenlinea.com\\\/blog\\\/wp-content\\\/uploads\\\/2023\\\/09\\\/logo-amauta.png\",\"width\":1124,\"height\":368,\"caption\":\"Grupo AMAUTA E-BUSINESS\"},\"image\":{\"@id\":\"https:\\\/\\\/amautaenlinea.com\\\/blog\\\/#\\\/schema\\\/logo\\\/image\\\/\"},\"sameAs\":[\"https:\\\/\\\/www.facebook.com\\\/amautaperu.org\\\/\"]},{\"@type\":\"Person\",\"@id\":\"https:\\\/\\\/amautaenlinea.com\\\/blog\\\/#\\\/schema\\\/person\\\/d8d4b5d672e9edb72a6f23fd40dd31d5\",\"name\":\"Grupo AMAUTA EBUSINESS\",\"image\":{\"@type\":\"ImageObject\",\"inLanguage\":\"es\",\"@id\":\"https:\\\/\\\/secure.gravatar.com\\\/avatar\\\/97706b54c222a710310e2db50e02e68de0a4c8bb76654bcc4053b08241c6bd6c?s=96&d=mm&r=g\",\"url\":\"https:\\\/\\\/secure.gravatar.com\\\/avatar\\\/97706b54c222a710310e2db50e02e68de0a4c8bb76654bcc4053b08241c6bd6c?s=96&d=mm&r=g\",\"contentUrl\":\"https:\\\/\\\/secure.gravatar.com\\\/avatar\\\/97706b54c222a710310e2db50e02e68de0a4c8bb76654bcc4053b08241c6bd6c?s=96&d=mm&r=g\",\"caption\":\"Grupo AMAUTA EBUSINESS\"}}]}<\/script>\n<!-- \/ Yoast SEO Premium plugin. -->","yoast_head_json":{"title":"\u25b7 Minedu: Sali\u00f3 el cronograma oficial para el Contrato Docente de Auxiliares de Educaci\u00f3n a nivel nacional \u00a1LO \u00daLTIMO! \u2705","description":"\u27a8 Minedu: Sali\u00f3 el cronograma oficial para el Contrato Docente de Auxiliares de Educaci\u00f3n a nivel nacional","robots":{"index":"index","follow":"follow","max-snippet":"max-snippet:-1","max-image-preview":"max-image-preview:large","max-video-preview":"max-video-preview:-1"},"canonical":"https:\/\/amautaenlinea.com\/blog\/minedu-salio-el-cronograma-oficial-para-el-contrato-docente-de-auxiliares-de-educacion-a-nivel-nacional-lo-ultimo\/","og_locale":"es_ES","og_type":"article","og_title":"Minedu: Sali\u00f3 el cronograma oficial para el Contrato Docente de Auxiliares de Educaci\u00f3n a nivel nacional \u00a1LO \u00daLTIMO!","og_description":"\u27a8 Minedu: Sali\u00f3 el cronograma oficial para el Contrato Docente de Auxiliares de Educaci\u00f3n a nivel nacional","og_url":"https:\/\/amautaenlinea.com\/blog\/minedu-salio-el-cronograma-oficial-para-el-contrato-docente-de-auxiliares-de-educacion-a-nivel-nacional-lo-ultimo\/","og_site_name":"Grupo AMAUTA","article_publisher":"https:\/\/www.facebook.com\/amautaperu.org\/","article_published_time":"2025-12-30T00:23:44+00:00","og_image":[{"width":1280,"height":720,"url":"https:\/\/amautaenlinea.com\/blog\/wp-content\/uploads\/2025\/12\/Salio-el-cronograma-oficial-para-el-Contrato-Docente-de-Auxiliares-de-Educacion-a-nivel-nacional.png","type":"image\/png"}],"author":"Grupo AMAUTA EBUSINESS","twitter_card":"summary_large_image","schema":{"@context":"https:\/\/schema.org","@graph":[{"@type":"Article","@id":"https:\/\/amautaenlinea.com\/blog\/minedu-salio-el-cronograma-oficial-para-el-contrato-docente-de-auxiliares-de-educacion-a-nivel-nacional-lo-ultimo\/#article","isPartOf":{"@id":"https:\/\/amautaenlinea.com\/blog\/minedu-salio-el-cronograma-oficial-para-el-contrato-docente-de-auxiliares-de-educacion-a-nivel-nacional-lo-ultimo\/"},"author":{"name":"Grupo AMAUTA EBUSINESS","@id":"https:\/\/amautaenlinea.com\/blog\/#\/schema\/person\/d8d4b5d672e9edb72a6f23fd40dd31d5"},"headline":"Minedu: Sali\u00f3 el cronograma oficial para el Contrato Docente de Auxiliares de Educaci\u00f3n a nivel nacional \u00a1LO \u00daLTIMO!","datePublished":"2025-12-30T00:23:44+00:00","mainEntityOfPage":{"@id":"https:\/\/amautaenlinea.com\/blog\/minedu-salio-el-cronograma-oficial-para-el-contrato-docente-de-auxiliares-de-educacion-a-nivel-nacional-lo-ultimo\/"},"wordCount":368,"commentCount":0,"publisher":{"@id":"https:\/\/amautaenlinea.com\/blog\/#organization"},"image":{"@id":"https:\/\/amautaenlinea.com\/blog\/minedu-salio-el-cronograma-oficial-para-el-contrato-docente-de-auxiliares-de-educacion-a-nivel-nacional-lo-ultimo\/#primaryimage"},"thumbnailUrl":"https:\/\/amautaenlinea.com\/blog\/wp-content\/uploads\/2025\/12\/Salio-el-cronograma-oficial-para-el-Contrato-Docente-de-Auxiliares-de-Educacion-a-nivel-nacional.png","keywords":["Minedu: Sali\u00f3 el cronograma oficial para el Contrato Docente de Auxiliares de Educaci\u00f3n a nivel nacional"],"articleSection":["Educaci\u00f3n"],"inLanguage":"es","potentialAction":[{"@type":"CommentAction","name":"Comment","target":["https:\/\/amautaenlinea.com\/blog\/minedu-salio-el-cronograma-oficial-para-el-contrato-docente-de-auxiliares-de-educacion-a-nivel-nacional-lo-ultimo\/#respond"]}],"copyrightYear":"2025","copyrightHolder":{"@id":"https:\/\/amautaenlinea.com\/blog\/#organization"}},{"@type":"WebPage","@id":"https:\/\/amautaenlinea.com\/blog\/minedu-salio-el-cronograma-oficial-para-el-contrato-docente-de-auxiliares-de-educacion-a-nivel-nacional-lo-ultimo\/","url":"https:\/\/amautaenlinea.com\/blog\/minedu-salio-el-cronograma-oficial-para-el-contrato-docente-de-auxiliares-de-educacion-a-nivel-nacional-lo-ultimo\/","name":"\u25b7 Minedu: Sali\u00f3 el cronograma oficial para el Contrato Docente de Auxiliares de Educaci\u00f3n a nivel nacional \u00a1LO \u00daLTIMO! \u2705","isPartOf":{"@id":"https:\/\/amautaenlinea.com\/blog\/#website"},"primaryImageOfPage":{"@id":"https:\/\/amautaenlinea.com\/blog\/minedu-salio-el-cronograma-oficial-para-el-contrato-docente-de-auxiliares-de-educacion-a-nivel-nacional-lo-ultimo\/#primaryimage"},"image":{"@id":"https:\/\/amautaenlinea.com\/blog\/minedu-salio-el-cronograma-oficial-para-el-contrato-docente-de-auxiliares-de-educacion-a-nivel-nacional-lo-ultimo\/#primaryimage"},"thumbnailUrl":"https:\/\/amautaenlinea.com\/blog\/wp-content\/uploads\/2025\/12\/Salio-el-cronograma-oficial-para-el-Contrato-Docente-de-Auxiliares-de-Educacion-a-nivel-nacional.png","datePublished":"2025-12-30T00:23:44+00:00","description":"\u27a8 Minedu: Sali\u00f3 el cronograma oficial para el Contrato Docente de Auxiliares de Educaci\u00f3n a nivel nacional","breadcrumb":{"@id":"https:\/\/amautaenlinea.com\/blog\/minedu-salio-el-cronograma-oficial-para-el-contrato-docente-de-auxiliares-de-educacion-a-nivel-nacional-lo-ultimo\/#breadcrumb"},"inLanguage":"es","potentialAction":[{"@type":"ReadAction","target":["https:\/\/amautaenlinea.com\/blog\/minedu-salio-el-cronograma-oficial-para-el-contrato-docente-de-auxiliares-de-educacion-a-nivel-nacional-lo-ultimo\/"]}]},{"@type":"ImageObject","inLanguage":"es","@id":"https:\/\/amautaenlinea.com\/blog\/minedu-salio-el-cronograma-oficial-para-el-contrato-docente-de-auxiliares-de-educacion-a-nivel-nacional-lo-ultimo\/#primaryimage","url":"https:\/\/amautaenlinea.com\/blog\/wp-content\/uploads\/2025\/12\/Salio-el-cronograma-oficial-para-el-Contrato-Docente-de-Auxiliares-de-Educacion-a-nivel-nacional.png","contentUrl":"https:\/\/amautaenlinea.com\/blog\/wp-content\/uploads\/2025\/12\/Salio-el-cronograma-oficial-para-el-Contrato-Docente-de-Auxiliares-de-Educacion-a-nivel-nacional.png","width":1280,"height":720},{"@type":"BreadcrumbList","@id":"https:\/\/amautaenlinea.com\/blog\/minedu-salio-el-cronograma-oficial-para-el-contrato-docente-de-auxiliares-de-educacion-a-nivel-nacional-lo-ultimo\/#breadcrumb","itemListElement":[{"@type":"ListItem","position":1,"name":"Portada","item":"https:\/\/amautaenlinea.com\/blog\/"},{"@type":"ListItem","position":2,"name":"Minedu: Sali\u00f3 el cronograma oficial para el Contrato Docente de Auxiliares de Educaci\u00f3n a nivel nacional \u00a1LO \u00daLTIMO!"}]},{"@type":"WebSite","@id":"https:\/\/amautaenlinea.com\/blog\/#website","url":"https:\/\/amautaenlinea.com\/blog\/","name":"Grupo AMAUTA","description":"","publisher":{"@id":"https:\/\/amautaenlinea.com\/blog\/#organization"},"potentialAction":[{"@type":"SearchAction","target":{"@type":"EntryPoint","urlTemplate":"https:\/\/amautaenlinea.com\/blog\/?s={search_term_string}"},"query-input":{"@type":"PropertyValueSpecification","valueRequired":true,"valueName":"search_term_string"}}],"inLanguage":"es"},{"@type":"Organization","@id":"https:\/\/amautaenlinea.com\/blog\/#organization","name":"Grupo AMAUTA E-BUSINESS","url":"https:\/\/amautaenlinea.com\/blog\/","logo":{"@type":"ImageObject","inLanguage":"es","@id":"https:\/\/amautaenlinea.com\/blog\/#\/schema\/logo\/image\/","url":"https:\/\/amautaenlinea.com\/blog\/wp-content\/uploads\/2023\/09\/logo-amauta.png","contentUrl":"https:\/\/amautaenlinea.com\/blog\/wp-content\/uploads\/2023\/09\/logo-amauta.png","width":1124,"height":368,"caption":"Grupo AMAUTA E-BUSINESS"},"image":{"@id":"https:\/\/amautaenlinea.com\/blog\/#\/schema\/logo\/image\/"},"sameAs":["https:\/\/www.facebook.com\/amautaperu.org\/"]},{"@type":"Person","@id":"https:\/\/amautaenlinea.com\/blog\/#\/schema\/person\/d8d4b5d672e9edb72a6f23fd40dd31d5","name":"Grupo AMAUTA EBUSINESS","image":{"@type":"ImageObject","inLanguage":"es","@id":"https:\/\/secure.gravatar.com\/avatar\/97706b54c222a710310e2db50e02e68de0a4c8bb76654bcc4053b08241c6bd6c?s=96&d=mm&r=g","url":"https:\/\/secure.gravatar.com\/avatar\/97706b54c222a710310e2db50e02e68de0a4c8bb76654bcc4053b08241c6bd6c?s=96&d=mm&r=g","contentUrl":"https:\/\/secure.gravatar.com\/avatar\/97706b54c222a710310e2db50e02e68de0a4c8bb76654bcc4053b08241c6bd6c?s=96&d=mm&r=g","caption":"Grupo AMAUTA EBUSINESS"}}]}},"_links":{"self":[{"href":"https:\/\/amautaenlinea.com\/blog\/wp-json\/wp\/v2\/posts\/18210","targetHints":{"allow":["GET"]}}],"collection":[{"href":"https:\/\/amautaenlinea.com\/blog\/wp-json\/wp\/v2\/posts"}],"about":[{"href":"https:\/\/amautaenlinea.com\/blog\/wp-json\/wp\/v2\/types\/post"}],"author":[{"embeddable":true,"href":"https:\/\/amautaenlinea.com\/blog\/wp-json\/wp\/v2\/users\/1"}],"replies":[{"embeddable":true,"href":"https:\/\/amautaenlinea.com\/blog\/wp-json\/wp\/v2\/comments?post=18210"}],"version-history":[{"count":1,"href":"https:\/\/amautaenlinea.com\/blog\/wp-json\/wp\/v2\/posts\/18210\/revisions"}],"predecessor-version":[{"id":18217,"href":"https:\/\/amautaenlinea.com\/blog\/wp-json\/wp\/v2\/posts\/18210\/revisions\/18217"}],"wp:featuredmedia":[{"embeddable":true,"href":"https:\/\/amautaenlinea.com\/blog\/wp-json\/wp\/v2\/media\/18216"}],"wp:attachment":[{"href":"https:\/\/amautaenlinea.com\/blog\/wp-json\/wp\/v2\/media?parent=18210"}],"wp:term":[{"taxonomy":"category","embeddable":true,"href":"https:\/\/amautaenlinea.com\/blog\/wp-json\/wp\/v2\/categories?post=18210"},{"taxonomy":"post_tag","embeddable":true,"href":"https:\/\/amautaenlinea.com\/blog\/wp-json\/wp\/v2\/tags?post=18210"}],"curies":[{"name":"wp","href":"https:\/\/api.w.org\/{rel}","templated":true}]}}