{"id":18186,"date":"2025-12-25T09:53:26","date_gmt":"2025-12-25T14:53:26","guid":{"rendered":"https:\/\/amautaenlinea.com\/blog\/?p=18186"},"modified":"2025-12-25T09:53:26","modified_gmt":"2025-12-25T14:53:26","slug":"norma-tecnica-que-crea-el-modelo-de-servicio-educativo-de-secundaria-con-residencia-estudiantil-en-el-ambito-rural","status":"publish","type":"post","link":"https:\/\/amautaenlinea.com\/blog\/norma-tecnica-que-crea-el-modelo-de-servicio-educativo-de-secundaria-con-residencia-estudiantil-en-el-ambito-rural\/","title":{"rendered":"Norma T\u00e9cnica que crea el modelo de servicio educativo de Secundaria con residencia estudiantil en el \u00e1mbito rural"},"content":{"rendered":"<h1 class=\"sumilla sumilla-override\">Modifican la Resoluci\u00f3n Ministerial <span class=\"no-style-override\">N\u00b0 515-2021-MINEDU, que crea el \u201cModelo de Servicio Educativo Secundaria con Residencia Estudiantil en el \u00e1mbito rural\u201d<\/span><\/h1>\n<h2 class=\"resoluci-n\">Resoluci\u00f3n Ministerial N\u00b0 576-2025-MINEDU<\/h2>\n<p class=\"cuerpo\">Lima, 23 de diciembre de 2025<\/p>\n<p class=\"cuerpo\">VISTOS, el Expediente N\u00b0 DISER2024-INT-0867471; los Informes N\u00b0 00214-2025-MINEDU\/VMGI-DIGC-DIGE y N\u00b0 00364-2025-MINEDU\/VMGI-DIGC-DIGE de la Direcci\u00f3n de Gesti\u00f3n Escolar de la Direcci\u00f3n General de Calidad de la Gesti\u00f3n Escolar; los Informes N\u00b0 00571-2024-MINEDU\/VMGP-DIGEIBIRA-DISER, N\u00b0 00470-2025-MINEDU\/VMGP-DIGEIBIRA-DISER, N\u00b0 00578-2025-MINEDU\/VMGP-DIGEIBIRA-DISER, N\u00b0 00723-2025-MINEDU\/VMGP-DIGEIBIRA-DISER y N\u00b0 00750-2025-MINEDU\/VMGP-DIGEIBIRA-DISER de la Direcci\u00f3n de Servicios Educativos en el \u00c1mbito Rural de la Direcci\u00f3n General de Educaci\u00f3n B\u00e1sica Alternativa, Intercultural Biling\u00fce y de Servicios Educativos en el \u00c1mbito Rural; el Informe N\u00b0 01819-2025-MINEDU\/SPE-OPEP-UPP y el Memor\u00e1ndum N\u00b0 01026-2025-MINEDU\/SPE-OPEP de la Unidad de Planificaci\u00f3n y Presupuesto de la Oficina de Planificaci\u00f3n Estrat\u00e9gica y Presupuesto; el Informe N\u00b0 01688-2025-MINEDU\/SG-OGAJ y el Oficio N\u00b0 00693-2025-MINEDU\/SG-OGAJ de la Oficina General de Asesor\u00eda Jur\u00eddica, y;<\/p>\n<p class=\"cuerpo\">CONSIDERANDO:<\/p>\n<p class=\"cuerpo\">Que, de conformidad con lo dispuesto en los art\u00edculos 13 y 16 de la Constituci\u00f3n Pol\u00edtica del Per\u00fa, la educaci\u00f3n tiene como finalidad el desarrollo integral de la persona humana; correspondi\u00e9ndole al Estado coordinar la pol\u00edtica educativa y formular los lineamientos generales de los planes de estudios, as\u00ed como los requisitos m\u00ednimos de la organizaci\u00f3n de los centros educativos;<\/p>\n<p class=\"cuerpo\">Que, el art\u00edculo 79 de la Ley N\u00b0 28044, Ley General de Educaci\u00f3n, se\u00f1ala que el Ministerio de Educaci\u00f3n es el \u00f3rgano del Gobierno Nacional que tiene por finalidad definir, dirigir y articular la pol\u00edtica de educaci\u00f3n, recreaci\u00f3n y deporte, en concordancia con la pol\u00edtica general del Estado;<\/p>\n<p class=\"cuerpo cuerpo-override\"><span class=\"no-style-override\">Que, la Octava Disposici\u00f3n Complementaria y Final del Reglamento de la Ley N\u00b0 28044, Ley General de Educaci\u00f3n, aprobado por Decreto Supremo N\u00b0 011-2012-ED, establece que el Ministerio de Educaci\u00f3n, en coordinaci\u00f3n con los Gobiernos Regionales, autoriza la creaci\u00f3n de nuevos modelos de servicios educativos que re\u00fanan todas las condiciones de calidad requeridas para su adecuado funcionamiento, en el marco de las modalidades, formas y niveles del Sistema Educativo Nacional;<\/span><\/p>\n<p class=\"cuerpo\">Que, mediante Resoluci\u00f3n de Secretar\u00eda General N\u00b0 345-2017-MINEDU, se aprueba la Norma T\u00e9cnica denominada \u201cDisposiciones para la elaboraci\u00f3n de Modelos de Servicio Educativo en Educaci\u00f3n B\u00e1sica\u201d, que establece orientaciones para la elaboraci\u00f3n de modelos de servicio educativo que garanticen la calidad en la prestaci\u00f3n del servicio educativo a estudiante de Educaci\u00f3n B\u00e1sica;<\/p>\n<p class=\"cuerpo\">Que, mediante la Resoluci\u00f3n Ministerial N\u00b0 515-2021-MINEDU, se crea el nuevo \u201cModelo de Servicio Educativo Secundaria con Residencia Estudiantil en el \u00e1mbito rural\u201d (en adelante, MSE SRE), con la finalidad de garantizar el derecho a una educaci\u00f3n de calidad, con pertinencia cultural y ling\u00fc\u00edstica para los adolescentes y j\u00f3venes provenientes de poblaciones dispersas, contribuyendo a su acceso, permanencia y culminaci\u00f3n oportuna de la educaci\u00f3n secundaria para asegurar el desarrollo de los aprendizajes a trav\u00e9s de una propuesta pedag\u00f3gica pertinente, en un marco de equidad de oportunidades con un enfoque intercultural y de respeto a la diversidad;<\/p>\n<p class=\"cuerpo\">Que, la Direcci\u00f3n de Servicios Educativos en el \u00c1mbito Rural de la Direcci\u00f3n General de Educaci\u00f3n B\u00e1sica Alternativa, Intercultural Biling\u00fce y de Servicios Educativos en el \u00c1mbito Rural, a trav\u00e9s de los Informes N\u00b0 00571-2024-MINEDU\/VMGP-DIGEIBIRA-DISER, N\u00b0 00470-2025-MINEDU\/VMGP-DIGEIBIRA-DISER, N\u00b0 00578-2025-MINEDU\/VMGP-DIGEIBIRA-DISER, N\u00b0 00723-2025-MINEDU\/VMGP-DIGEIBIRA-DISER y N\u00b0 00750-2025-MINEDU\/VMGP-DIGEIBIRA-DISER, formula la propuesta de modificaci\u00f3n del MSE SRE creado por la Resoluci\u00f3n Ministerial N\u00b0 515-2021-MINEDU, con la finalidad de lograr una mejor implementaci\u00f3n del Modelo, para contribuir al desarrollo del proyecto de vida de los estudiantes al concluir la educaci\u00f3n secundaria y al logro de aprendizajes;<\/p>\n<p class=\"cuerpo\">Que, mediante el Informe N\u00b0 00214-2025-MINEDU\/VMGI-DIGC-DIGE complementado con el Informe N\u00b0 00364-2025-MINEDU\/VMGI-DIGC-DIGE, la Direcci\u00f3n de Gesti\u00f3n Escolar de la Direcci\u00f3n General de Calidad de la Gesti\u00f3n Escolar propone modificar los literales a) y b) del numeral 8.1.1, el numeral 8.1.4.2, el literal b) del numeral 8.2.5 y los literales a) y b) del numeral 8.2.8 del referido MSE SRE, en atenci\u00f3n a la finalidad identificada por la Direcci\u00f3n de Servicios Educativos en el \u00c1mbito Rural de la Direcci\u00f3n General de Educaci\u00f3n B\u00e1sica Alternativa, Intercultural Biling\u00fce y de Servicios Educativos en el \u00c1mbito Rural;<\/p>\n<p class=\"cuerpo\">Que, la propuesta cuenta con la opini\u00f3n favorable de la Direcci\u00f3n General de Educaci\u00f3n B\u00e1sica Regular, de la Direcci\u00f3n General de Servicios Educativos Especializados, de la Direcci\u00f3n General de Desarrollo Docente, de la Direcci\u00f3n General de Gesti\u00f3n Descentralizada, de la Direcci\u00f3n General de Infraestructura Educativa y de la Direcci\u00f3n General de Educaci\u00f3n T\u00e9cnico-Productiva y Superior Tecnol\u00f3gica y Art\u00edstica;<\/p>\n<p class=\"cuerpo\">Que, mediante el Informe N\u00b0 01819-2025-MINEDU\/SPE-OPEP-UPP, ratificado con el Memor\u00e1ndum N\u00b0 01026-2025-MINEDU\/SPE-OPEP-UPP, la Unidad de Planificaci\u00f3n y Presupuesto de la Oficina de Planificaci\u00f3n Estrat\u00e9gica y Presupuesto, dependiente de la Secretar\u00eda de Planificaci\u00f3n Estrat\u00e9gica, en el marco de sus competencias, emite opini\u00f3n favorable a la propuesta, toda vez que, se encuentra alineada con los objetivos estrat\u00e9gicos e institucionales del sector Educaci\u00f3n y, desde el punto de vista presupuestal, no genera gastos adicionales al presupuesto institucional del Pliego 010: M. de Educaci\u00f3n en el A\u00f1o Fiscal 2025. Asimismo, se ha verificado que para el A\u00f1o Fiscal 2026, la Direcci\u00f3n de Servicios Educativos en el \u00c1mbito Rural cuenta con los recursos para su implementaci\u00f3n. Sobre el impacto presupuestal en los a\u00f1os fiscales subsiguientes, se\u00f1ala que la DISER, en el marco de sus competencias, le corresponder\u00e1 priorizar y considerar, en su oportunidad, el financiamiento de la implementaci\u00f3n del Modelo, en el marco de los procesos de Programaci\u00f3n Multianual Presupuestaria y Formulaci\u00f3n Presupuestaria del a\u00f1o fiscal respectivo y de acuerdo con las disposiciones contempladas en las Leyes Anuales de Presupuesto respectivas;<\/p>\n<p class=\"cuerpo\">Que, a trav\u00e9s del Informe N\u00b0 01688-2025-MINEDU\/SG-OGAJ, ratificado con el Oficio N\u00b0 00693-2025-MINEDU\/SG-OGAJ, la Oficina General de Asesor\u00eda Jur\u00eddica emiti\u00f3 opini\u00f3n legal favorable a la propuesta;<\/p>\n<p class=\"cuerpo\">De conformidad con la Ley N\u00b0 31224, Ley de Organizaci\u00f3n y Funciones del Ministerio de Educaci\u00f3n; la Ley N\u00b0 28044, Ley General de Educaci\u00f3n; el Reglamento de la Ley N\u00b0 28044, Ley General de Educaci\u00f3n, aprobado por Decreto Supremo N\u00b0 011-2012-ED; y, el Reglamento de Organizaci\u00f3n y Funciones del Ministerio de Educaci\u00f3n, aprobado por Decreto Supremo N\u00b0 001-2015-MINEDU;<\/p>\n<h2 class=\"cuerpo\">SE RESUELVE:<\/h2>\n<p class=\"cuerpo cuerpo-override\"><strong><span class=\"no-style-override-1\">Art\u00edculo 1.-\u00a0<\/span>Modificar los literales a) y b) del numeral 8.1.1, el numeral 8.1.4.2, el literal b) del numeral 8.2.5, y los literales a) y b) del numeral 8.2.8 del \u201cModelo de Servicio Educativo Secundaria con Residencia Estudiantil en el \u00e1mbito rural\u201d, creado por la Resoluci\u00f3n Ministerial N\u00b0 515-2021-MINEDU, los cuales quedan redactados conforme al anexo que forma parte integrante de la presente Resoluci\u00f3n.<\/strong><\/p>\n<p class=\"cuerpo cuerpo-override\"><strong><span class=\"no-style-override-1\">Art\u00edculo 2.-\u00a0<\/span>Disponer la publicaci\u00f3n de la presente Resoluci\u00f3n y su anexo en el Sistema de Informaci\u00f3n Jur\u00eddica de Educaci\u00f3n (SIJE), ubicado en la sede digital del Ministerio de Educaci\u00f3n (www.gob.pe\/minedu), el mismo d\u00eda de la publicaci\u00f3n de la presente Resoluci\u00f3n en el\u00a0<span class=\"no-style-override\">D<\/span>iario\u00a0<span class=\"no-style-override\">O<\/span>ficial \u201cEl Peruano\u201d.<\/strong><\/p>\n<p class=\"cuerpo\">Reg\u00edstrese, comun\u00edquese y publ\u00edquese.<\/p>\n<p class=\"cuerpo\">JORGE EDUARDO FIGUEROA GUZM\u00c1N<\/p>\n<p class=\"cuerpo\">Ministro de Educaci\u00f3n<\/p>\n<p class=\"subrayado\"><span class=\"bold-cuerpo\">2471663-1<\/span><\/p>\n","protected":false},"excerpt":{"rendered":"<p>Modifican la Resoluci\u00f3n Ministerial N\u00b0 515-2021-MINEDU, que crea el \u201cModelo de Servicio Educativo Secundaria con Residencia Estudiantil en el \u00e1mbito rural\u201d Resoluci\u00f3n Ministerial N\u00b0<\/p>\n","protected":false},"author":1,"featured_media":18187,"comment_status":"open","ping_status":"open","sticky":false,"template":"","format":"standard","meta":{"footnotes":""},"categories":[4],"tags":[3275],"class_list":["post-18186","post","type-post","status-publish","format-standard","has-post-thumbnail","hentry","category-educacion","tag-norma-tecnica-que-crea-el-modelo-de-servicio-educativo-de-secundaria-con-residencia-estudiantil-en-el-ambito-rural"],"yoast_head":"<!-- This site is optimized with the Yoast SEO Premium plugin v21.2 (Yoast SEO v27.4) - https:\/\/yoast.com\/product\/yoast-seo-premium-wordpress\/ -->\n<title>\u25b7 Norma T\u00e9cnica que crea el modelo de servicio educativo de Secundaria con residencia estudiantil en el \u00e1mbito rural \u2705<\/title>\n<meta name=\"description\" content=\"\u27a8 Norma T\u00e9cnica que crea el modelo de servicio educativo de Secundaria con residencia estudiantil en el \u00e1mbito rural\" \/>\n<meta name=\"robots\" content=\"index, follow, max-snippet:-1, max-image-preview:large, max-video-preview:-1\" \/>\n<link rel=\"canonical\" href=\"https:\/\/amautaenlinea.com\/blog\/norma-tecnica-que-crea-el-modelo-de-servicio-educativo-de-secundaria-con-residencia-estudiantil-en-el-ambito-rural\/\" \/>\n<meta property=\"og:locale\" content=\"es_ES\" \/>\n<meta property=\"og:type\" content=\"article\" \/>\n<meta property=\"og:title\" content=\"Norma T\u00e9cnica que crea el modelo de servicio educativo de Secundaria con residencia estudiantil en el \u00e1mbito rural\" \/>\n<meta property=\"og:description\" content=\"\u27a8 Norma T\u00e9cnica que crea el modelo de servicio educativo de Secundaria con residencia estudiantil en el \u00e1mbito rural\" \/>\n<meta property=\"og:url\" content=\"https:\/\/amautaenlinea.com\/blog\/norma-tecnica-que-crea-el-modelo-de-servicio-educativo-de-secundaria-con-residencia-estudiantil-en-el-ambito-rural\/\" \/>\n<meta property=\"og:site_name\" content=\"Grupo AMAUTA\" \/>\n<meta property=\"article:publisher\" content=\"https:\/\/www.facebook.com\/amautaperu.org\/\" \/>\n<meta property=\"article:published_time\" content=\"2025-12-25T14:53:26+00:00\" \/>\n<meta property=\"og:image\" content=\"https:\/\/amautaenlinea.com\/blog\/wp-content\/uploads\/2025\/12\/Norma-Tecnica-que-crea-el-modelo-de-servicio-educativo-de-Secundaria-con-residencia-estudiantil-en-el-ambito-rural.png\" \/>\n\t<meta property=\"og:image:width\" content=\"1280\" \/>\n\t<meta property=\"og:image:height\" content=\"720\" \/>\n\t<meta property=\"og:image:type\" content=\"image\/png\" \/>\n<meta name=\"author\" content=\"Grupo AMAUTA EBUSINESS\" \/>\n<meta name=\"twitter:card\" content=\"summary_large_image\" \/>\n<script type=\"application\/ld+json\" class=\"yoast-schema-graph\">{\"@context\":\"https:\\\/\\\/schema.org\",\"@graph\":[{\"@type\":\"Article\",\"@id\":\"https:\\\/\\\/amautaenlinea.com\\\/blog\\\/norma-tecnica-que-crea-el-modelo-de-servicio-educativo-de-secundaria-con-residencia-estudiantil-en-el-ambito-rural\\\/#article\",\"isPartOf\":{\"@id\":\"https:\\\/\\\/amautaenlinea.com\\\/blog\\\/norma-tecnica-que-crea-el-modelo-de-servicio-educativo-de-secundaria-con-residencia-estudiantil-en-el-ambito-rural\\\/\"},\"author\":{\"name\":\"Grupo AMAUTA EBUSINESS\",\"@id\":\"https:\\\/\\\/amautaenlinea.com\\\/blog\\\/#\\\/schema\\\/person\\\/d8d4b5d672e9edb72a6f23fd40dd31d5\"},\"headline\":\"Norma T\u00e9cnica que crea el modelo de servicio educativo de Secundaria con residencia estudiantil en el \u00e1mbito rural\",\"datePublished\":\"2025-12-25T14:53:26+00:00\",\"mainEntityOfPage\":{\"@id\":\"https:\\\/\\\/amautaenlinea.com\\\/blog\\\/norma-tecnica-que-crea-el-modelo-de-servicio-educativo-de-secundaria-con-residencia-estudiantil-en-el-ambito-rural\\\/\"},\"wordCount\":1288,\"commentCount\":0,\"publisher\":{\"@id\":\"https:\\\/\\\/amautaenlinea.com\\\/blog\\\/#organization\"},\"image\":{\"@id\":\"https:\\\/\\\/amautaenlinea.com\\\/blog\\\/norma-tecnica-que-crea-el-modelo-de-servicio-educativo-de-secundaria-con-residencia-estudiantil-en-el-ambito-rural\\\/#primaryimage\"},\"thumbnailUrl\":\"https:\\\/\\\/amautaenlinea.com\\\/blog\\\/wp-content\\\/uploads\\\/2025\\\/12\\\/Norma-Tecnica-que-crea-el-modelo-de-servicio-educativo-de-Secundaria-con-residencia-estudiantil-en-el-ambito-rural.png\",\"keywords\":[\"Norma T\u00e9cnica que crea el modelo de servicio educativo de Secundaria con residencia estudiantil en el \u00e1mbito rural\"],\"articleSection\":[\"Educaci\u00f3n\"],\"inLanguage\":\"es\",\"potentialAction\":[{\"@type\":\"CommentAction\",\"name\":\"Comment\",\"target\":[\"https:\\\/\\\/amautaenlinea.com\\\/blog\\\/norma-tecnica-que-crea-el-modelo-de-servicio-educativo-de-secundaria-con-residencia-estudiantil-en-el-ambito-rural\\\/#respond\"]}],\"copyrightYear\":\"2025\",\"copyrightHolder\":{\"@id\":\"https:\\\/\\\/amautaenlinea.com\\\/blog\\\/#organization\"}},{\"@type\":\"WebPage\",\"@id\":\"https:\\\/\\\/amautaenlinea.com\\\/blog\\\/norma-tecnica-que-crea-el-modelo-de-servicio-educativo-de-secundaria-con-residencia-estudiantil-en-el-ambito-rural\\\/\",\"url\":\"https:\\\/\\\/amautaenlinea.com\\\/blog\\\/norma-tecnica-que-crea-el-modelo-de-servicio-educativo-de-secundaria-con-residencia-estudiantil-en-el-ambito-rural\\\/\",\"name\":\"\u25b7 Norma T\u00e9cnica que crea el modelo de servicio educativo de Secundaria con residencia estudiantil en el \u00e1mbito rural \u2705\",\"isPartOf\":{\"@id\":\"https:\\\/\\\/amautaenlinea.com\\\/blog\\\/#website\"},\"primaryImageOfPage\":{\"@id\":\"https:\\\/\\\/amautaenlinea.com\\\/blog\\\/norma-tecnica-que-crea-el-modelo-de-servicio-educativo-de-secundaria-con-residencia-estudiantil-en-el-ambito-rural\\\/#primaryimage\"},\"image\":{\"@id\":\"https:\\\/\\\/amautaenlinea.com\\\/blog\\\/norma-tecnica-que-crea-el-modelo-de-servicio-educativo-de-secundaria-con-residencia-estudiantil-en-el-ambito-rural\\\/#primaryimage\"},\"thumbnailUrl\":\"https:\\\/\\\/amautaenlinea.com\\\/blog\\\/wp-content\\\/uploads\\\/2025\\\/12\\\/Norma-Tecnica-que-crea-el-modelo-de-servicio-educativo-de-Secundaria-con-residencia-estudiantil-en-el-ambito-rural.png\",\"datePublished\":\"2025-12-25T14:53:26+00:00\",\"description\":\"\u27a8 Norma T\u00e9cnica que crea el modelo de servicio educativo de Secundaria con residencia estudiantil en el \u00e1mbito rural\",\"breadcrumb\":{\"@id\":\"https:\\\/\\\/amautaenlinea.com\\\/blog\\\/norma-tecnica-que-crea-el-modelo-de-servicio-educativo-de-secundaria-con-residencia-estudiantil-en-el-ambito-rural\\\/#breadcrumb\"},\"inLanguage\":\"es\",\"potentialAction\":[{\"@type\":\"ReadAction\",\"target\":[\"https:\\\/\\\/amautaenlinea.com\\\/blog\\\/norma-tecnica-que-crea-el-modelo-de-servicio-educativo-de-secundaria-con-residencia-estudiantil-en-el-ambito-rural\\\/\"]}]},{\"@type\":\"ImageObject\",\"inLanguage\":\"es\",\"@id\":\"https:\\\/\\\/amautaenlinea.com\\\/blog\\\/norma-tecnica-que-crea-el-modelo-de-servicio-educativo-de-secundaria-con-residencia-estudiantil-en-el-ambito-rural\\\/#primaryimage\",\"url\":\"https:\\\/\\\/amautaenlinea.com\\\/blog\\\/wp-content\\\/uploads\\\/2025\\\/12\\\/Norma-Tecnica-que-crea-el-modelo-de-servicio-educativo-de-Secundaria-con-residencia-estudiantil-en-el-ambito-rural.png\",\"contentUrl\":\"https:\\\/\\\/amautaenlinea.com\\\/blog\\\/wp-content\\\/uploads\\\/2025\\\/12\\\/Norma-Tecnica-que-crea-el-modelo-de-servicio-educativo-de-Secundaria-con-residencia-estudiantil-en-el-ambito-rural.png\",\"width\":1280,\"height\":720},{\"@type\":\"BreadcrumbList\",\"@id\":\"https:\\\/\\\/amautaenlinea.com\\\/blog\\\/norma-tecnica-que-crea-el-modelo-de-servicio-educativo-de-secundaria-con-residencia-estudiantil-en-el-ambito-rural\\\/#breadcrumb\",\"itemListElement\":[{\"@type\":\"ListItem\",\"position\":1,\"name\":\"Portada\",\"item\":\"https:\\\/\\\/amautaenlinea.com\\\/blog\\\/\"},{\"@type\":\"ListItem\",\"position\":2,\"name\":\"Norma T\u00e9cnica que crea el modelo de servicio educativo de Secundaria con residencia estudiantil en el \u00e1mbito rural\"}]},{\"@type\":\"WebSite\",\"@id\":\"https:\\\/\\\/amautaenlinea.com\\\/blog\\\/#website\",\"url\":\"https:\\\/\\\/amautaenlinea.com\\\/blog\\\/\",\"name\":\"Grupo AMAUTA\",\"description\":\"\",\"publisher\":{\"@id\":\"https:\\\/\\\/amautaenlinea.com\\\/blog\\\/#organization\"},\"potentialAction\":[{\"@type\":\"SearchAction\",\"target\":{\"@type\":\"EntryPoint\",\"urlTemplate\":\"https:\\\/\\\/amautaenlinea.com\\\/blog\\\/?s={search_term_string}\"},\"query-input\":{\"@type\":\"PropertyValueSpecification\",\"valueRequired\":true,\"valueName\":\"search_term_string\"}}],\"inLanguage\":\"es\"},{\"@type\":\"Organization\",\"@id\":\"https:\\\/\\\/amautaenlinea.com\\\/blog\\\/#organization\",\"name\":\"Grupo AMAUTA E-BUSINESS\",\"url\":\"https:\\\/\\\/amautaenlinea.com\\\/blog\\\/\",\"logo\":{\"@type\":\"ImageObject\",\"inLanguage\":\"es\",\"@id\":\"https:\\\/\\\/amautaenlinea.com\\\/blog\\\/#\\\/schema\\\/logo\\\/image\\\/\",\"url\":\"https:\\\/\\\/amautaenlinea.com\\\/blog\\\/wp-content\\\/uploads\\\/2023\\\/09\\\/logo-amauta.png\",\"contentUrl\":\"https:\\\/\\\/amautaenlinea.com\\\/blog\\\/wp-content\\\/uploads\\\/2023\\\/09\\\/logo-amauta.png\",\"width\":1124,\"height\":368,\"caption\":\"Grupo AMAUTA E-BUSINESS\"},\"image\":{\"@id\":\"https:\\\/\\\/amautaenlinea.com\\\/blog\\\/#\\\/schema\\\/logo\\\/image\\\/\"},\"sameAs\":[\"https:\\\/\\\/www.facebook.com\\\/amautaperu.org\\\/\"]},{\"@type\":\"Person\",\"@id\":\"https:\\\/\\\/amautaenlinea.com\\\/blog\\\/#\\\/schema\\\/person\\\/d8d4b5d672e9edb72a6f23fd40dd31d5\",\"name\":\"Grupo AMAUTA EBUSINESS\",\"image\":{\"@type\":\"ImageObject\",\"inLanguage\":\"es\",\"@id\":\"https:\\\/\\\/secure.gravatar.com\\\/avatar\\\/97706b54c222a710310e2db50e02e68de0a4c8bb76654bcc4053b08241c6bd6c?s=96&d=mm&r=g\",\"url\":\"https:\\\/\\\/secure.gravatar.com\\\/avatar\\\/97706b54c222a710310e2db50e02e68de0a4c8bb76654bcc4053b08241c6bd6c?s=96&d=mm&r=g\",\"contentUrl\":\"https:\\\/\\\/secure.gravatar.com\\\/avatar\\\/97706b54c222a710310e2db50e02e68de0a4c8bb76654bcc4053b08241c6bd6c?s=96&d=mm&r=g\",\"caption\":\"Grupo AMAUTA EBUSINESS\"}}]}<\/script>\n<!-- \/ Yoast SEO Premium plugin. -->","yoast_head_json":{"title":"\u25b7 Norma T\u00e9cnica que crea el modelo de servicio educativo de Secundaria con residencia estudiantil en el \u00e1mbito rural \u2705","description":"\u27a8 Norma T\u00e9cnica que crea el modelo de servicio educativo de Secundaria con residencia estudiantil en el \u00e1mbito rural","robots":{"index":"index","follow":"follow","max-snippet":"max-snippet:-1","max-image-preview":"max-image-preview:large","max-video-preview":"max-video-preview:-1"},"canonical":"https:\/\/amautaenlinea.com\/blog\/norma-tecnica-que-crea-el-modelo-de-servicio-educativo-de-secundaria-con-residencia-estudiantil-en-el-ambito-rural\/","og_locale":"es_ES","og_type":"article","og_title":"Norma T\u00e9cnica que crea el modelo de servicio educativo de Secundaria con residencia estudiantil en el \u00e1mbito rural","og_description":"\u27a8 Norma T\u00e9cnica que crea el modelo de servicio educativo de Secundaria con residencia estudiantil en el \u00e1mbito rural","og_url":"https:\/\/amautaenlinea.com\/blog\/norma-tecnica-que-crea-el-modelo-de-servicio-educativo-de-secundaria-con-residencia-estudiantil-en-el-ambito-rural\/","og_site_name":"Grupo AMAUTA","article_publisher":"https:\/\/www.facebook.com\/amautaperu.org\/","article_published_time":"2025-12-25T14:53:26+00:00","og_image":[{"width":1280,"height":720,"url":"https:\/\/amautaenlinea.com\/blog\/wp-content\/uploads\/2025\/12\/Norma-Tecnica-que-crea-el-modelo-de-servicio-educativo-de-Secundaria-con-residencia-estudiantil-en-el-ambito-rural.png","type":"image\/png"}],"author":"Grupo AMAUTA EBUSINESS","twitter_card":"summary_large_image","schema":{"@context":"https:\/\/schema.org","@graph":[{"@type":"Article","@id":"https:\/\/amautaenlinea.com\/blog\/norma-tecnica-que-crea-el-modelo-de-servicio-educativo-de-secundaria-con-residencia-estudiantil-en-el-ambito-rural\/#article","isPartOf":{"@id":"https:\/\/amautaenlinea.com\/blog\/norma-tecnica-que-crea-el-modelo-de-servicio-educativo-de-secundaria-con-residencia-estudiantil-en-el-ambito-rural\/"},"author":{"name":"Grupo AMAUTA EBUSINESS","@id":"https:\/\/amautaenlinea.com\/blog\/#\/schema\/person\/d8d4b5d672e9edb72a6f23fd40dd31d5"},"headline":"Norma T\u00e9cnica que crea el modelo de servicio educativo de Secundaria con residencia estudiantil en el \u00e1mbito rural","datePublished":"2025-12-25T14:53:26+00:00","mainEntityOfPage":{"@id":"https:\/\/amautaenlinea.com\/blog\/norma-tecnica-que-crea-el-modelo-de-servicio-educativo-de-secundaria-con-residencia-estudiantil-en-el-ambito-rural\/"},"wordCount":1288,"commentCount":0,"publisher":{"@id":"https:\/\/amautaenlinea.com\/blog\/#organization"},"image":{"@id":"https:\/\/amautaenlinea.com\/blog\/norma-tecnica-que-crea-el-modelo-de-servicio-educativo-de-secundaria-con-residencia-estudiantil-en-el-ambito-rural\/#primaryimage"},"thumbnailUrl":"https:\/\/amautaenlinea.com\/blog\/wp-content\/uploads\/2025\/12\/Norma-Tecnica-que-crea-el-modelo-de-servicio-educativo-de-Secundaria-con-residencia-estudiantil-en-el-ambito-rural.png","keywords":["Norma T\u00e9cnica que crea el modelo de servicio educativo de Secundaria con residencia estudiantil en el \u00e1mbito rural"],"articleSection":["Educaci\u00f3n"],"inLanguage":"es","potentialAction":[{"@type":"CommentAction","name":"Comment","target":["https:\/\/amautaenlinea.com\/blog\/norma-tecnica-que-crea-el-modelo-de-servicio-educativo-de-secundaria-con-residencia-estudiantil-en-el-ambito-rural\/#respond"]}],"copyrightYear":"2025","copyrightHolder":{"@id":"https:\/\/amautaenlinea.com\/blog\/#organization"}},{"@type":"WebPage","@id":"https:\/\/amautaenlinea.com\/blog\/norma-tecnica-que-crea-el-modelo-de-servicio-educativo-de-secundaria-con-residencia-estudiantil-en-el-ambito-rural\/","url":"https:\/\/amautaenlinea.com\/blog\/norma-tecnica-que-crea-el-modelo-de-servicio-educativo-de-secundaria-con-residencia-estudiantil-en-el-ambito-rural\/","name":"\u25b7 Norma T\u00e9cnica que crea el modelo de servicio educativo de Secundaria con residencia estudiantil en el \u00e1mbito rural \u2705","isPartOf":{"@id":"https:\/\/amautaenlinea.com\/blog\/#website"},"primaryImageOfPage":{"@id":"https:\/\/amautaenlinea.com\/blog\/norma-tecnica-que-crea-el-modelo-de-servicio-educativo-de-secundaria-con-residencia-estudiantil-en-el-ambito-rural\/#primaryimage"},"image":{"@id":"https:\/\/amautaenlinea.com\/blog\/norma-tecnica-que-crea-el-modelo-de-servicio-educativo-de-secundaria-con-residencia-estudiantil-en-el-ambito-rural\/#primaryimage"},"thumbnailUrl":"https:\/\/amautaenlinea.com\/blog\/wp-content\/uploads\/2025\/12\/Norma-Tecnica-que-crea-el-modelo-de-servicio-educativo-de-Secundaria-con-residencia-estudiantil-en-el-ambito-rural.png","datePublished":"2025-12-25T14:53:26+00:00","description":"\u27a8 Norma T\u00e9cnica que crea el modelo de servicio educativo de Secundaria con residencia estudiantil en el \u00e1mbito rural","breadcrumb":{"@id":"https:\/\/amautaenlinea.com\/blog\/norma-tecnica-que-crea-el-modelo-de-servicio-educativo-de-secundaria-con-residencia-estudiantil-en-el-ambito-rural\/#breadcrumb"},"inLanguage":"es","potentialAction":[{"@type":"ReadAction","target":["https:\/\/amautaenlinea.com\/blog\/norma-tecnica-que-crea-el-modelo-de-servicio-educativo-de-secundaria-con-residencia-estudiantil-en-el-ambito-rural\/"]}]},{"@type":"ImageObject","inLanguage":"es","@id":"https:\/\/amautaenlinea.com\/blog\/norma-tecnica-que-crea-el-modelo-de-servicio-educativo-de-secundaria-con-residencia-estudiantil-en-el-ambito-rural\/#primaryimage","url":"https:\/\/amautaenlinea.com\/blog\/wp-content\/uploads\/2025\/12\/Norma-Tecnica-que-crea-el-modelo-de-servicio-educativo-de-Secundaria-con-residencia-estudiantil-en-el-ambito-rural.png","contentUrl":"https:\/\/amautaenlinea.com\/blog\/wp-content\/uploads\/2025\/12\/Norma-Tecnica-que-crea-el-modelo-de-servicio-educativo-de-Secundaria-con-residencia-estudiantil-en-el-ambito-rural.png","width":1280,"height":720},{"@type":"BreadcrumbList","@id":"https:\/\/amautaenlinea.com\/blog\/norma-tecnica-que-crea-el-modelo-de-servicio-educativo-de-secundaria-con-residencia-estudiantil-en-el-ambito-rural\/#breadcrumb","itemListElement":[{"@type":"ListItem","position":1,"name":"Portada","item":"https:\/\/amautaenlinea.com\/blog\/"},{"@type":"ListItem","position":2,"name":"Norma T\u00e9cnica que crea el modelo de servicio educativo de Secundaria con residencia estudiantil en el \u00e1mbito rural"}]},{"@type":"WebSite","@id":"https:\/\/amautaenlinea.com\/blog\/#website","url":"https:\/\/amautaenlinea.com\/blog\/","name":"Grupo AMAUTA","description":"","publisher":{"@id":"https:\/\/amautaenlinea.com\/blog\/#organization"},"potentialAction":[{"@type":"SearchAction","target":{"@type":"EntryPoint","urlTemplate":"https:\/\/amautaenlinea.com\/blog\/?s={search_term_string}"},"query-input":{"@type":"PropertyValueSpecification","valueRequired":true,"valueName":"search_term_string"}}],"inLanguage":"es"},{"@type":"Organization","@id":"https:\/\/amautaenlinea.com\/blog\/#organization","name":"Grupo AMAUTA E-BUSINESS","url":"https:\/\/amautaenlinea.com\/blog\/","logo":{"@type":"ImageObject","inLanguage":"es","@id":"https:\/\/amautaenlinea.com\/blog\/#\/schema\/logo\/image\/","url":"https:\/\/amautaenlinea.com\/blog\/wp-content\/uploads\/2023\/09\/logo-amauta.png","contentUrl":"https:\/\/amautaenlinea.com\/blog\/wp-content\/uploads\/2023\/09\/logo-amauta.png","width":1124,"height":368,"caption":"Grupo AMAUTA E-BUSINESS"},"image":{"@id":"https:\/\/amautaenlinea.com\/blog\/#\/schema\/logo\/image\/"},"sameAs":["https:\/\/www.facebook.com\/amautaperu.org\/"]},{"@type":"Person","@id":"https:\/\/amautaenlinea.com\/blog\/#\/schema\/person\/d8d4b5d672e9edb72a6f23fd40dd31d5","name":"Grupo AMAUTA EBUSINESS","image":{"@type":"ImageObject","inLanguage":"es","@id":"https:\/\/secure.gravatar.com\/avatar\/97706b54c222a710310e2db50e02e68de0a4c8bb76654bcc4053b08241c6bd6c?s=96&d=mm&r=g","url":"https:\/\/secure.gravatar.com\/avatar\/97706b54c222a710310e2db50e02e68de0a4c8bb76654bcc4053b08241c6bd6c?s=96&d=mm&r=g","contentUrl":"https:\/\/secure.gravatar.com\/avatar\/97706b54c222a710310e2db50e02e68de0a4c8bb76654bcc4053b08241c6bd6c?s=96&d=mm&r=g","caption":"Grupo AMAUTA EBUSINESS"}}]}},"_links":{"self":[{"href":"https:\/\/amautaenlinea.com\/blog\/wp-json\/wp\/v2\/posts\/18186","targetHints":{"allow":["GET"]}}],"collection":[{"href":"https:\/\/amautaenlinea.com\/blog\/wp-json\/wp\/v2\/posts"}],"about":[{"href":"https:\/\/amautaenlinea.com\/blog\/wp-json\/wp\/v2\/types\/post"}],"author":[{"embeddable":true,"href":"https:\/\/amautaenlinea.com\/blog\/wp-json\/wp\/v2\/users\/1"}],"replies":[{"embeddable":true,"href":"https:\/\/amautaenlinea.com\/blog\/wp-json\/wp\/v2\/comments?post=18186"}],"version-history":[{"count":1,"href":"https:\/\/amautaenlinea.com\/blog\/wp-json\/wp\/v2\/posts\/18186\/revisions"}],"predecessor-version":[{"id":18188,"href":"https:\/\/amautaenlinea.com\/blog\/wp-json\/wp\/v2\/posts\/18186\/revisions\/18188"}],"wp:featuredmedia":[{"embeddable":true,"href":"https:\/\/amautaenlinea.com\/blog\/wp-json\/wp\/v2\/media\/18187"}],"wp:attachment":[{"href":"https:\/\/amautaenlinea.com\/blog\/wp-json\/wp\/v2\/media?parent=18186"}],"wp:term":[{"taxonomy":"category","embeddable":true,"href":"https:\/\/amautaenlinea.com\/blog\/wp-json\/wp\/v2\/categories?post=18186"},{"taxonomy":"post_tag","embeddable":true,"href":"https:\/\/amautaenlinea.com\/blog\/wp-json\/wp\/v2\/tags?post=18186"}],"curies":[{"name":"wp","href":"https:\/\/api.w.org\/{rel}","templated":true}]}}