{"id":18183,"date":"2025-12-25T09:39:57","date_gmt":"2025-12-25T14:39:57","guid":{"rendered":"https:\/\/amautaenlinea.com\/blog\/?p=18183"},"modified":"2025-12-25T09:39:57","modified_gmt":"2025-12-25T14:39:57","slug":"aprueban-norma-para-el-proceso-de-contratacion-de-auxiliares-de-educacion-en-iiee-publicas-y-educacion-basica-especial","status":"publish","type":"post","link":"https:\/\/amautaenlinea.com\/blog\/aprueban-norma-para-el-proceso-de-contratacion-de-auxiliares-de-educacion-en-iiee-publicas-y-educacion-basica-especial\/","title":{"rendered":"Aprueban norma para el proceso de contrataci\u00f3n de auxiliares de educaci\u00f3n en IIEE p\u00fablicas y educaci\u00f3n b\u00e1sica especial"},"content":{"rendered":"<h1 class=\"sumilla\">Aprueban norma t\u00e9cnica denominada \u201cNorma que regula el proceso para la contrataci\u00f3n de auxiliares de educaci\u00f3n en las instituciones educativas p\u00fablicas de Educaci\u00f3n B\u00e1sica Regular y Educaci\u00f3n B\u00e1sica Especial\u201d<\/h1>\n<h2 class=\"resoluci-n\">Resoluci\u00f3n Viceministerial N\u00b0 158-2025-MINEDU<\/h2>\n<p class=\"cuerpo\">Lima, 23 de diciembre de 2025<\/p>\n<p class=\"cuerpo\">VISTOS, el Expediente N\u00b0 DITEN2025-INT-1083407, el Informe N\u00b0 01798-2025-MINEDU\/VMGP-DIGEDD-DITEN y el OFICIO N\u00b0 12019-2025-MINEDU\/VMGP-DIGEDD-DITEN de la Direcci\u00f3n T\u00e9cnico Normativa de Docentes de la Direcci\u00f3n General de Desarrollo Docente, el Informe N\u00b0 02267-2025-MINEDU\/SPE-OPEP-UPP de la Unidad de Planificaci\u00f3n y Presupuesto de la Oficina de Planificaci\u00f3n Estrat\u00e9gica y Presupuesto, el Informe N\u00b0 01949-2025-MINEDU\/SG-OGAJ de la Oficina General de Asesor\u00eda Jur\u00eddica, y;<\/p>\n<p class=\"cuerpo\">CONSIDERANDO:<\/p>\n<p class=\"cuerpo\">Que, el art\u00edculo 79 de la Ley N\u00b0 28044, Ley General de Educaci\u00f3n, establece que el Ministerio de Educaci\u00f3n es el \u00f3rgano del Gobierno Nacional que tiene por finalidad definir, dirigir y articular la pol\u00edtica de educaci\u00f3n, recreaci\u00f3n y deporte, en concordancia con la pol\u00edtica general del Estado;<\/p>\n<p class=\"cuerpo\">Que, conforme con lo dispuesto por el literal h) del art\u00edculo 80 de la Ley N\u00b0 28044, es funci\u00f3n del Ministerio de Educaci\u00f3n definir las pol\u00edticas sectoriales de personal, programas de mejoramiento del personal directivo, docente y administrativo del sector e implementar la Carrera P\u00fablica Magisterial;<\/p>\n<p class=\"cuerpo\">Que, seg\u00fan la Primera Disposici\u00f3n Complementaria Final de la Ley N\u00b0 30493, Ley que regula la pol\u00edtica remunerativa del auxiliar de educaci\u00f3n en las instituciones educativas p\u00fablicas, en el marco de la Ley N\u00b0 29944, Ley de Reforma Magisterial, el servicio del auxiliar de educaci\u00f3n, en el marco de la Ley N\u00b0 29944, se brinda en condici\u00f3n de nombrado y contratado, sujeto a las disposiciones establecidas en la Ley de Reforma Magisterial y su reglamento, aprobado por el Decreto Supremo N\u00b0 004-2013-ED;<\/p>\n<p class=\"cuerpo\">Que, de acuerdo con el art\u00edculo 7 de la Ley N\u00b0 30493 y el art\u00edculo 221 del Reglamento de la Ley N\u00b0 29944, el Ministerio de Educaci\u00f3n regula el procedimiento, requisitos y condiciones para la contrataci\u00f3n de auxiliares de educaci\u00f3n;<\/p>\n<p class=\"cuerpo\">Que, a trav\u00e9s de la Resoluci\u00f3n Viceministerial N\u00b0 005-2024-MINEDU, se aprueba la norma t\u00e9cnica denominada \u201cNorma que regula el procedimiento y requisitos para la contrataci\u00f3n de auxiliares de Educaci\u00f3n en las modalidades de Educaci\u00f3n B\u00e1sica Regular y Educaci\u00f3n B\u00e1sica Especial\u201d, modificada por las Resoluciones Viceministeriales N\u00b0 060-2024-MINEDU y N\u00b0 149-2024-MINEDU;<\/p>\n<p class=\"cuerpo\">Que, mediante el Oficio N\u00b0 02909-2025-MINEDU\/VMGP-DIGEDD, la Direcci\u00f3n General de Desarrollo Docente remite al Despacho Viceministerial de Gesti\u00f3n Pedag\u00f3gica el Informe N\u00b0 01798-2025-MINEDU\/VMGP-DIGEDD-DITEN, complementado con el Oficio N\u00b0 12019-2025-MINEDU\/VMGP-DIGEDD-DITEN, a trav\u00e9s de los cuales la Direcci\u00f3n T\u00e9cnico Normativa de Docentes sustenta la necesidad de aprobar la propuesta de norma t\u00e9cnica denominada \u201cNorma que regula el proceso para la contrataci\u00f3n de auxiliares de educaci\u00f3n en las instituciones educativas p\u00fablicas de Educaci\u00f3n B\u00e1sica Regular y Educaci\u00f3n B\u00e1sica Especial\u201d; y, de derogar la Resoluci\u00f3n Viceministerial N\u00b0 005-2024-MINEDU, que aprueba la \u201cNorma que regula el procedimiento y requisitos para la contrataci\u00f3n de auxiliares de Educaci\u00f3n en las modalidades de Educaci\u00f3n B\u00e1sica Regular y Educaci\u00f3n B\u00e1sica Especial\u201d, modificada por las Resoluciones Viceministeriales N\u00b0 060-2024-MINEDU y N\u00b0 149-2024-MINEDU;<\/p>\n<p class=\"cuerpo\">Que, la propuesta de norma t\u00e9cnica tiene como objetivo establecer el proceso, requisitos y condiciones para la contrataci\u00f3n de auxiliares de educaci\u00f3n en las Instituciones Educativas P\u00fablicas de Educaci\u00f3n B\u00e1sica Regular en los niveles educativos de inicial y secundaria; y de Educaci\u00f3n B\u00e1sica Especial en los niveles educativos de inicial y primaria;<\/p>\n<p class=\"cuerpo\">Que, la referida propuesta cuenta con la opini\u00f3n favorable de la Direcci\u00f3n General de Educaci\u00f3n B\u00e1sica Regular, de la Direcci\u00f3n General de Servicios Educativos Especializados, de la Direcci\u00f3n General de Calidad de la Gesti\u00f3n Escolar y de la Direcci\u00f3n General de Gesti\u00f3n Descentralizada;<\/p>\n<p class=\"cuerpo\">Que, a trav\u00e9s del Informe N\u00b0 02267-2025-MINEDU\/SPE-OPEP-UPP, la Unidad de Planificaci\u00f3n y Presupuesto de la Oficina de Planificaci\u00f3n Estrat\u00e9gica y Presupuesto, dependiente de la Secretar\u00eda de Planificaci\u00f3n Estrat\u00e9gica, emite opini\u00f3n t\u00e9cnica favorable a la propuesta de norma t\u00e9cnica, por cuanto, desde el punto de vista de planificaci\u00f3n, se encuentra alineada a los instrumentos de planeamiento estrat\u00e9gico e institucional del sector Educaci\u00f3n; y, desde el punto de vista presupuestal, no irrogar\u00e1 gastos adicionales al Pliego 010: M. de Educaci\u00f3n ni al Tesoro P\u00fablico para su implementaci\u00f3n;<\/p>\n<p class=\"cuerpo cuerpo-override\"><span class=\"no-style-override\">Que, con el Informe N\u00b0 01949-2025-MINEDU\/SG-OGAJ, la Oficina General de Asesor\u00eda Jur\u00eddica opina que la aprobaci\u00f3n de la propuesta de norma t\u00e9cnica, as\u00ed como la derogaci\u00f3n de la Resoluci\u00f3n Viceministerial N\u00b0 005-2024-MINEDU, que aprueba la \u201cNorma que regula el procedimiento y requisitos para la contrataci\u00f3n de auxiliares de Educaci\u00f3n en las modalidades de Educaci\u00f3n B\u00e1sica Regular y Educaci\u00f3n B\u00e1sica Especial\u201d, modificada por las Resoluciones Viceministeriales N\u00b0 060-2024-MINEDU y N\u00b0 149-2024-MINEDU, resultan legalmente viables;<\/span><\/p>\n<p class=\"cuerpo cuerpo-override\"><span class=\"no-style-override\">Que, mediante el literal a) del art\u00edculo 1 de la Resoluci\u00f3n Ministerial N\u00b0 008-2025-MINEDU, el Titular de la Entidad delega en la Viceministra de Gesti\u00f3n Pedag\u00f3gica del Ministerio de Educaci\u00f3n, durante el A\u00f1o Fiscal 2025, la facultad de emitir y aprobar los actos resolutivos que aprueban, modifican o dejan sin efecto los Documentos Normativos del Ministerio de Educaci\u00f3n en el \u00e1mbito de su competencia conforme a lo dispuesto en el Reglamento de Organizaci\u00f3n y Funciones del Ministerio de Educaci\u00f3n;<\/span><\/p>\n<p class=\"cuerpo\">De conformidad con lo dispuesto en la Ley N\u00b0 28044, Ley General de Educaci\u00f3n, en la Ley N\u00b0 30493, Ley que regula la pol\u00edtica remunerativa del auxiliar de educaci\u00f3n en las instituciones educativas p\u00fablicas, en el marco de la Ley N\u00b0 29944, Ley de Reforma Magisterial, en el Reglamento de la Ley N\u00b0 29944, aprobado por el Decreto Supremo N\u00b0 004-2013-ED, en el Reglamento de Organizaci\u00f3n y Funciones del Ministerio de Educaci\u00f3n, aprobado por el Decreto Supremo N\u00b0 001-2015-MINEDU; y, en virtud de las facultades delegadas mediante la Resoluci\u00f3n Ministerial N\u00b0 008-2025-MINEDU;<\/p>\n<h3 class=\"cuerpo\">SE RESUELVE:<\/h3>\n<p class=\"cuerpo cuerpo-override\"><strong><span class=\"no-style-override-1\">Art\u00edculo 1.-\u00a0<\/span>Aprobar la norma t\u00e9cnica denominada \u201cNorma que regula el proceso para la contrataci\u00f3n de auxiliares de educaci\u00f3n en las instituciones educativas p\u00fablicas de Educaci\u00f3n B\u00e1sica Regular y Educaci\u00f3n B\u00e1sica Especial\u201d, la misma que, como anexo, forma parte integrante de la presente Resoluci\u00f3n.<\/strong><\/p>\n<p class=\"cuerpo cuerpo-override\"><strong><span class=\"no-style-override-1\">Art\u00edculo 2.-\u00a0<\/span><span class=\"no-style-override\">Derogar la Resoluci\u00f3n Viceministerial N\u00b0 005-2024-MINEDU, que aprueba la norma t\u00e9cnica denominada \u201cNorma que regula el procedimiento y requisitos para la contrataci\u00f3n de auxiliares de Educaci\u00f3n en las modalidades de Educaci\u00f3n B\u00e1sica Regular y Educaci\u00f3n B\u00e1sica Especial\u201d, modificada por las Resoluciones Viceministeriales N\u00b0 060-2024-MINEDU y N\u00b0 149-2024-MINEDU.<\/span><\/strong><\/p>\n<p class=\"cuerpo cuerpo-override\"><span class=\"no-style-override-1\">Art\u00edculo 3.-\u00a0<\/span>Disponer la publicaci\u00f3n de la presente Resoluci\u00f3n y de su anexo en el Sistema de Informaci\u00f3n Jur\u00eddica de Educaci\u00f3n (SIJE), ubicado en la sede digital del Ministerio de Educaci\u00f3n (www.gob.pe\/minedu), el mismo d\u00eda de la publicaci\u00f3n de la presente Resoluci\u00f3n en el\u00a0<span class=\"no-style-override\">D<\/span>iario\u00a0<span class=\"no-style-override\">O<\/span>ficial \u201cEl Peruano\u201d.<\/p>\n<p class=\"cuerpo\">Reg\u00edstrese, comun\u00edquese y publ\u00edquese.<\/p>\n<p class=\"cuerpo\">MAR\u00cdA ESTHER CUADROS ESPINOZA<\/p>\n<p class=\"cuerpo\">Viceministra de Gesti\u00f3n Pedag\u00f3gica<\/p>\n","protected":false},"excerpt":{"rendered":"<p>Aprueban norma t\u00e9cnica denominada \u201cNorma que regula el proceso para la contrataci\u00f3n de auxiliares de educaci\u00f3n en las instituciones educativas p\u00fablicas de Educaci\u00f3n B\u00e1sica<\/p>\n","protected":false},"author":1,"featured_media":18184,"comment_status":"open","ping_status":"open","sticky":false,"template":"","format":"standard","meta":{"footnotes":""},"categories":[4],"tags":[3274],"class_list":["post-18183","post","type-post","status-publish","format-standard","has-post-thumbnail","hentry","category-educacion","tag-aprueban-norma-para-el-proceso-de-contratacion-de-auxiliares-de-educacion-en-iiee-publicas-y-educacion-basica-especial"],"yoast_head":"<!-- This site is optimized with the Yoast SEO Premium plugin v21.2 (Yoast SEO v27.4) - https:\/\/yoast.com\/product\/yoast-seo-premium-wordpress\/ -->\n<title>\u25b7 Aprueban norma para el proceso de contrataci\u00f3n de auxiliares de educaci\u00f3n en IIEE p\u00fablicas y educaci\u00f3n b\u00e1sica especial \u2705<\/title>\n<meta name=\"description\" content=\"\u27a8 Aprueban norma para el proceso de contrataci\u00f3n de auxiliares de educaci\u00f3n en IIEE p\u00fablicas y educaci\u00f3n b\u00e1sica especial\" \/>\n<meta name=\"robots\" content=\"index, follow, max-snippet:-1, max-image-preview:large, max-video-preview:-1\" \/>\n<link rel=\"canonical\" href=\"https:\/\/amautaenlinea.com\/blog\/aprueban-norma-para-el-proceso-de-contratacion-de-auxiliares-de-educacion-en-iiee-publicas-y-educacion-basica-especial\/\" \/>\n<meta property=\"og:locale\" content=\"es_ES\" \/>\n<meta property=\"og:type\" content=\"article\" \/>\n<meta property=\"og:title\" content=\"Aprueban norma para el proceso de contrataci\u00f3n de auxiliares de educaci\u00f3n en IIEE p\u00fablicas y educaci\u00f3n b\u00e1sica especial\" \/>\n<meta property=\"og:description\" content=\"\u27a8 Aprueban norma para el proceso de contrataci\u00f3n de auxiliares de educaci\u00f3n en IIEE p\u00fablicas y educaci\u00f3n b\u00e1sica especial\" \/>\n<meta property=\"og:url\" content=\"https:\/\/amautaenlinea.com\/blog\/aprueban-norma-para-el-proceso-de-contratacion-de-auxiliares-de-educacion-en-iiee-publicas-y-educacion-basica-especial\/\" \/>\n<meta property=\"og:site_name\" content=\"Grupo AMAUTA\" \/>\n<meta property=\"article:publisher\" content=\"https:\/\/www.facebook.com\/amautaperu.org\/\" \/>\n<meta property=\"article:published_time\" content=\"2025-12-25T14:39:57+00:00\" \/>\n<meta property=\"og:image\" content=\"https:\/\/amautaenlinea.com\/blog\/wp-content\/uploads\/2025\/12\/Aprueban-norma-para-el-proceso-de-contratacion-de-auxiliares-de-educacion-en-IIEE-publicas-y-educacion-basica-especial.png\" \/>\n\t<meta property=\"og:image:width\" content=\"1280\" \/>\n\t<meta property=\"og:image:height\" content=\"720\" \/>\n\t<meta property=\"og:image:type\" content=\"image\/png\" \/>\n<meta name=\"author\" content=\"Grupo AMAUTA EBUSINESS\" \/>\n<meta name=\"twitter:card\" content=\"summary_large_image\" \/>\n<script type=\"application\/ld+json\" class=\"yoast-schema-graph\">{\"@context\":\"https:\\\/\\\/schema.org\",\"@graph\":[{\"@type\":\"Article\",\"@id\":\"https:\\\/\\\/amautaenlinea.com\\\/blog\\\/aprueban-norma-para-el-proceso-de-contratacion-de-auxiliares-de-educacion-en-iiee-publicas-y-educacion-basica-especial\\\/#article\",\"isPartOf\":{\"@id\":\"https:\\\/\\\/amautaenlinea.com\\\/blog\\\/aprueban-norma-para-el-proceso-de-contratacion-de-auxiliares-de-educacion-en-iiee-publicas-y-educacion-basica-especial\\\/\"},\"author\":{\"name\":\"Grupo AMAUTA EBUSINESS\",\"@id\":\"https:\\\/\\\/amautaenlinea.com\\\/blog\\\/#\\\/schema\\\/person\\\/d8d4b5d672e9edb72a6f23fd40dd31d5\"},\"headline\":\"Aprueban norma para el proceso de contrataci\u00f3n de auxiliares de educaci\u00f3n en IIEE p\u00fablicas y educaci\u00f3n b\u00e1sica especial\",\"datePublished\":\"2025-12-25T14:39:57+00:00\",\"mainEntityOfPage\":{\"@id\":\"https:\\\/\\\/amautaenlinea.com\\\/blog\\\/aprueban-norma-para-el-proceso-de-contratacion-de-auxiliares-de-educacion-en-iiee-publicas-y-educacion-basica-especial\\\/\"},\"wordCount\":1276,\"commentCount\":1,\"publisher\":{\"@id\":\"https:\\\/\\\/amautaenlinea.com\\\/blog\\\/#organization\"},\"image\":{\"@id\":\"https:\\\/\\\/amautaenlinea.com\\\/blog\\\/aprueban-norma-para-el-proceso-de-contratacion-de-auxiliares-de-educacion-en-iiee-publicas-y-educacion-basica-especial\\\/#primaryimage\"},\"thumbnailUrl\":\"https:\\\/\\\/amautaenlinea.com\\\/blog\\\/wp-content\\\/uploads\\\/2025\\\/12\\\/Aprueban-norma-para-el-proceso-de-contratacion-de-auxiliares-de-educacion-en-IIEE-publicas-y-educacion-basica-especial.png\",\"keywords\":[\"Aprueban norma para el proceso de contrataci\u00f3n de auxiliares de educaci\u00f3n en IIEE p\u00fablicas y educaci\u00f3n b\u00e1sica especial\"],\"articleSection\":[\"Educaci\u00f3n\"],\"inLanguage\":\"es\",\"potentialAction\":[{\"@type\":\"CommentAction\",\"name\":\"Comment\",\"target\":[\"https:\\\/\\\/amautaenlinea.com\\\/blog\\\/aprueban-norma-para-el-proceso-de-contratacion-de-auxiliares-de-educacion-en-iiee-publicas-y-educacion-basica-especial\\\/#respond\"]}],\"copyrightYear\":\"2025\",\"copyrightHolder\":{\"@id\":\"https:\\\/\\\/amautaenlinea.com\\\/blog\\\/#organization\"}},{\"@type\":\"WebPage\",\"@id\":\"https:\\\/\\\/amautaenlinea.com\\\/blog\\\/aprueban-norma-para-el-proceso-de-contratacion-de-auxiliares-de-educacion-en-iiee-publicas-y-educacion-basica-especial\\\/\",\"url\":\"https:\\\/\\\/amautaenlinea.com\\\/blog\\\/aprueban-norma-para-el-proceso-de-contratacion-de-auxiliares-de-educacion-en-iiee-publicas-y-educacion-basica-especial\\\/\",\"name\":\"\u25b7 Aprueban norma para el proceso de contrataci\u00f3n de auxiliares de educaci\u00f3n en IIEE p\u00fablicas y educaci\u00f3n b\u00e1sica especial \u2705\",\"isPartOf\":{\"@id\":\"https:\\\/\\\/amautaenlinea.com\\\/blog\\\/#website\"},\"primaryImageOfPage\":{\"@id\":\"https:\\\/\\\/amautaenlinea.com\\\/blog\\\/aprueban-norma-para-el-proceso-de-contratacion-de-auxiliares-de-educacion-en-iiee-publicas-y-educacion-basica-especial\\\/#primaryimage\"},\"image\":{\"@id\":\"https:\\\/\\\/amautaenlinea.com\\\/blog\\\/aprueban-norma-para-el-proceso-de-contratacion-de-auxiliares-de-educacion-en-iiee-publicas-y-educacion-basica-especial\\\/#primaryimage\"},\"thumbnailUrl\":\"https:\\\/\\\/amautaenlinea.com\\\/blog\\\/wp-content\\\/uploads\\\/2025\\\/12\\\/Aprueban-norma-para-el-proceso-de-contratacion-de-auxiliares-de-educacion-en-IIEE-publicas-y-educacion-basica-especial.png\",\"datePublished\":\"2025-12-25T14:39:57+00:00\",\"description\":\"\u27a8 Aprueban norma para el proceso de contrataci\u00f3n de auxiliares de educaci\u00f3n en IIEE p\u00fablicas y educaci\u00f3n b\u00e1sica especial\",\"breadcrumb\":{\"@id\":\"https:\\\/\\\/amautaenlinea.com\\\/blog\\\/aprueban-norma-para-el-proceso-de-contratacion-de-auxiliares-de-educacion-en-iiee-publicas-y-educacion-basica-especial\\\/#breadcrumb\"},\"inLanguage\":\"es\",\"potentialAction\":[{\"@type\":\"ReadAction\",\"target\":[\"https:\\\/\\\/amautaenlinea.com\\\/blog\\\/aprueban-norma-para-el-proceso-de-contratacion-de-auxiliares-de-educacion-en-iiee-publicas-y-educacion-basica-especial\\\/\"]}]},{\"@type\":\"ImageObject\",\"inLanguage\":\"es\",\"@id\":\"https:\\\/\\\/amautaenlinea.com\\\/blog\\\/aprueban-norma-para-el-proceso-de-contratacion-de-auxiliares-de-educacion-en-iiee-publicas-y-educacion-basica-especial\\\/#primaryimage\",\"url\":\"https:\\\/\\\/amautaenlinea.com\\\/blog\\\/wp-content\\\/uploads\\\/2025\\\/12\\\/Aprueban-norma-para-el-proceso-de-contratacion-de-auxiliares-de-educacion-en-IIEE-publicas-y-educacion-basica-especial.png\",\"contentUrl\":\"https:\\\/\\\/amautaenlinea.com\\\/blog\\\/wp-content\\\/uploads\\\/2025\\\/12\\\/Aprueban-norma-para-el-proceso-de-contratacion-de-auxiliares-de-educacion-en-IIEE-publicas-y-educacion-basica-especial.png\",\"width\":1280,\"height\":720},{\"@type\":\"BreadcrumbList\",\"@id\":\"https:\\\/\\\/amautaenlinea.com\\\/blog\\\/aprueban-norma-para-el-proceso-de-contratacion-de-auxiliares-de-educacion-en-iiee-publicas-y-educacion-basica-especial\\\/#breadcrumb\",\"itemListElement\":[{\"@type\":\"ListItem\",\"position\":1,\"name\":\"Portada\",\"item\":\"https:\\\/\\\/amautaenlinea.com\\\/blog\\\/\"},{\"@type\":\"ListItem\",\"position\":2,\"name\":\"Aprueban norma para el proceso de contrataci\u00f3n de auxiliares de educaci\u00f3n en IIEE p\u00fablicas y educaci\u00f3n b\u00e1sica especial\"}]},{\"@type\":\"WebSite\",\"@id\":\"https:\\\/\\\/amautaenlinea.com\\\/blog\\\/#website\",\"url\":\"https:\\\/\\\/amautaenlinea.com\\\/blog\\\/\",\"name\":\"Grupo AMAUTA\",\"description\":\"\",\"publisher\":{\"@id\":\"https:\\\/\\\/amautaenlinea.com\\\/blog\\\/#organization\"},\"potentialAction\":[{\"@type\":\"SearchAction\",\"target\":{\"@type\":\"EntryPoint\",\"urlTemplate\":\"https:\\\/\\\/amautaenlinea.com\\\/blog\\\/?s={search_term_string}\"},\"query-input\":{\"@type\":\"PropertyValueSpecification\",\"valueRequired\":true,\"valueName\":\"search_term_string\"}}],\"inLanguage\":\"es\"},{\"@type\":\"Organization\",\"@id\":\"https:\\\/\\\/amautaenlinea.com\\\/blog\\\/#organization\",\"name\":\"Grupo AMAUTA E-BUSINESS\",\"url\":\"https:\\\/\\\/amautaenlinea.com\\\/blog\\\/\",\"logo\":{\"@type\":\"ImageObject\",\"inLanguage\":\"es\",\"@id\":\"https:\\\/\\\/amautaenlinea.com\\\/blog\\\/#\\\/schema\\\/logo\\\/image\\\/\",\"url\":\"https:\\\/\\\/amautaenlinea.com\\\/blog\\\/wp-content\\\/uploads\\\/2023\\\/09\\\/logo-amauta.png\",\"contentUrl\":\"https:\\\/\\\/amautaenlinea.com\\\/blog\\\/wp-content\\\/uploads\\\/2023\\\/09\\\/logo-amauta.png\",\"width\":1124,\"height\":368,\"caption\":\"Grupo AMAUTA E-BUSINESS\"},\"image\":{\"@id\":\"https:\\\/\\\/amautaenlinea.com\\\/blog\\\/#\\\/schema\\\/logo\\\/image\\\/\"},\"sameAs\":[\"https:\\\/\\\/www.facebook.com\\\/amautaperu.org\\\/\"]},{\"@type\":\"Person\",\"@id\":\"https:\\\/\\\/amautaenlinea.com\\\/blog\\\/#\\\/schema\\\/person\\\/d8d4b5d672e9edb72a6f23fd40dd31d5\",\"name\":\"Grupo AMAUTA EBUSINESS\",\"image\":{\"@type\":\"ImageObject\",\"inLanguage\":\"es\",\"@id\":\"https:\\\/\\\/secure.gravatar.com\\\/avatar\\\/97706b54c222a710310e2db50e02e68de0a4c8bb76654bcc4053b08241c6bd6c?s=96&d=mm&r=g\",\"url\":\"https:\\\/\\\/secure.gravatar.com\\\/avatar\\\/97706b54c222a710310e2db50e02e68de0a4c8bb76654bcc4053b08241c6bd6c?s=96&d=mm&r=g\",\"contentUrl\":\"https:\\\/\\\/secure.gravatar.com\\\/avatar\\\/97706b54c222a710310e2db50e02e68de0a4c8bb76654bcc4053b08241c6bd6c?s=96&d=mm&r=g\",\"caption\":\"Grupo AMAUTA EBUSINESS\"}}]}<\/script>\n<!-- \/ Yoast SEO Premium plugin. -->","yoast_head_json":{"title":"\u25b7 Aprueban norma para el proceso de contrataci\u00f3n de auxiliares de educaci\u00f3n en IIEE p\u00fablicas y educaci\u00f3n b\u00e1sica especial \u2705","description":"\u27a8 Aprueban norma para el proceso de contrataci\u00f3n de auxiliares de educaci\u00f3n en IIEE p\u00fablicas y educaci\u00f3n b\u00e1sica especial","robots":{"index":"index","follow":"follow","max-snippet":"max-snippet:-1","max-image-preview":"max-image-preview:large","max-video-preview":"max-video-preview:-1"},"canonical":"https:\/\/amautaenlinea.com\/blog\/aprueban-norma-para-el-proceso-de-contratacion-de-auxiliares-de-educacion-en-iiee-publicas-y-educacion-basica-especial\/","og_locale":"es_ES","og_type":"article","og_title":"Aprueban norma para el proceso de contrataci\u00f3n de auxiliares de educaci\u00f3n en IIEE p\u00fablicas y educaci\u00f3n b\u00e1sica especial","og_description":"\u27a8 Aprueban norma para el proceso de contrataci\u00f3n de auxiliares de educaci\u00f3n en IIEE p\u00fablicas y educaci\u00f3n b\u00e1sica especial","og_url":"https:\/\/amautaenlinea.com\/blog\/aprueban-norma-para-el-proceso-de-contratacion-de-auxiliares-de-educacion-en-iiee-publicas-y-educacion-basica-especial\/","og_site_name":"Grupo AMAUTA","article_publisher":"https:\/\/www.facebook.com\/amautaperu.org\/","article_published_time":"2025-12-25T14:39:57+00:00","og_image":[{"width":1280,"height":720,"url":"https:\/\/amautaenlinea.com\/blog\/wp-content\/uploads\/2025\/12\/Aprueban-norma-para-el-proceso-de-contratacion-de-auxiliares-de-educacion-en-IIEE-publicas-y-educacion-basica-especial.png","type":"image\/png"}],"author":"Grupo AMAUTA EBUSINESS","twitter_card":"summary_large_image","schema":{"@context":"https:\/\/schema.org","@graph":[{"@type":"Article","@id":"https:\/\/amautaenlinea.com\/blog\/aprueban-norma-para-el-proceso-de-contratacion-de-auxiliares-de-educacion-en-iiee-publicas-y-educacion-basica-especial\/#article","isPartOf":{"@id":"https:\/\/amautaenlinea.com\/blog\/aprueban-norma-para-el-proceso-de-contratacion-de-auxiliares-de-educacion-en-iiee-publicas-y-educacion-basica-especial\/"},"author":{"name":"Grupo AMAUTA EBUSINESS","@id":"https:\/\/amautaenlinea.com\/blog\/#\/schema\/person\/d8d4b5d672e9edb72a6f23fd40dd31d5"},"headline":"Aprueban norma para el proceso de contrataci\u00f3n de auxiliares de educaci\u00f3n en IIEE p\u00fablicas y educaci\u00f3n b\u00e1sica especial","datePublished":"2025-12-25T14:39:57+00:00","mainEntityOfPage":{"@id":"https:\/\/amautaenlinea.com\/blog\/aprueban-norma-para-el-proceso-de-contratacion-de-auxiliares-de-educacion-en-iiee-publicas-y-educacion-basica-especial\/"},"wordCount":1276,"commentCount":1,"publisher":{"@id":"https:\/\/amautaenlinea.com\/blog\/#organization"},"image":{"@id":"https:\/\/amautaenlinea.com\/blog\/aprueban-norma-para-el-proceso-de-contratacion-de-auxiliares-de-educacion-en-iiee-publicas-y-educacion-basica-especial\/#primaryimage"},"thumbnailUrl":"https:\/\/amautaenlinea.com\/blog\/wp-content\/uploads\/2025\/12\/Aprueban-norma-para-el-proceso-de-contratacion-de-auxiliares-de-educacion-en-IIEE-publicas-y-educacion-basica-especial.png","keywords":["Aprueban norma para el proceso de contrataci\u00f3n de auxiliares de educaci\u00f3n en IIEE p\u00fablicas y educaci\u00f3n b\u00e1sica especial"],"articleSection":["Educaci\u00f3n"],"inLanguage":"es","potentialAction":[{"@type":"CommentAction","name":"Comment","target":["https:\/\/amautaenlinea.com\/blog\/aprueban-norma-para-el-proceso-de-contratacion-de-auxiliares-de-educacion-en-iiee-publicas-y-educacion-basica-especial\/#respond"]}],"copyrightYear":"2025","copyrightHolder":{"@id":"https:\/\/amautaenlinea.com\/blog\/#organization"}},{"@type":"WebPage","@id":"https:\/\/amautaenlinea.com\/blog\/aprueban-norma-para-el-proceso-de-contratacion-de-auxiliares-de-educacion-en-iiee-publicas-y-educacion-basica-especial\/","url":"https:\/\/amautaenlinea.com\/blog\/aprueban-norma-para-el-proceso-de-contratacion-de-auxiliares-de-educacion-en-iiee-publicas-y-educacion-basica-especial\/","name":"\u25b7 Aprueban norma para el proceso de contrataci\u00f3n de auxiliares de educaci\u00f3n en IIEE p\u00fablicas y educaci\u00f3n b\u00e1sica especial \u2705","isPartOf":{"@id":"https:\/\/amautaenlinea.com\/blog\/#website"},"primaryImageOfPage":{"@id":"https:\/\/amautaenlinea.com\/blog\/aprueban-norma-para-el-proceso-de-contratacion-de-auxiliares-de-educacion-en-iiee-publicas-y-educacion-basica-especial\/#primaryimage"},"image":{"@id":"https:\/\/amautaenlinea.com\/blog\/aprueban-norma-para-el-proceso-de-contratacion-de-auxiliares-de-educacion-en-iiee-publicas-y-educacion-basica-especial\/#primaryimage"},"thumbnailUrl":"https:\/\/amautaenlinea.com\/blog\/wp-content\/uploads\/2025\/12\/Aprueban-norma-para-el-proceso-de-contratacion-de-auxiliares-de-educacion-en-IIEE-publicas-y-educacion-basica-especial.png","datePublished":"2025-12-25T14:39:57+00:00","description":"\u27a8 Aprueban norma para el proceso de contrataci\u00f3n de auxiliares de educaci\u00f3n en IIEE p\u00fablicas y educaci\u00f3n b\u00e1sica especial","breadcrumb":{"@id":"https:\/\/amautaenlinea.com\/blog\/aprueban-norma-para-el-proceso-de-contratacion-de-auxiliares-de-educacion-en-iiee-publicas-y-educacion-basica-especial\/#breadcrumb"},"inLanguage":"es","potentialAction":[{"@type":"ReadAction","target":["https:\/\/amautaenlinea.com\/blog\/aprueban-norma-para-el-proceso-de-contratacion-de-auxiliares-de-educacion-en-iiee-publicas-y-educacion-basica-especial\/"]}]},{"@type":"ImageObject","inLanguage":"es","@id":"https:\/\/amautaenlinea.com\/blog\/aprueban-norma-para-el-proceso-de-contratacion-de-auxiliares-de-educacion-en-iiee-publicas-y-educacion-basica-especial\/#primaryimage","url":"https:\/\/amautaenlinea.com\/blog\/wp-content\/uploads\/2025\/12\/Aprueban-norma-para-el-proceso-de-contratacion-de-auxiliares-de-educacion-en-IIEE-publicas-y-educacion-basica-especial.png","contentUrl":"https:\/\/amautaenlinea.com\/blog\/wp-content\/uploads\/2025\/12\/Aprueban-norma-para-el-proceso-de-contratacion-de-auxiliares-de-educacion-en-IIEE-publicas-y-educacion-basica-especial.png","width":1280,"height":720},{"@type":"BreadcrumbList","@id":"https:\/\/amautaenlinea.com\/blog\/aprueban-norma-para-el-proceso-de-contratacion-de-auxiliares-de-educacion-en-iiee-publicas-y-educacion-basica-especial\/#breadcrumb","itemListElement":[{"@type":"ListItem","position":1,"name":"Portada","item":"https:\/\/amautaenlinea.com\/blog\/"},{"@type":"ListItem","position":2,"name":"Aprueban norma para el proceso de contrataci\u00f3n de auxiliares de educaci\u00f3n en IIEE p\u00fablicas y educaci\u00f3n b\u00e1sica especial"}]},{"@type":"WebSite","@id":"https:\/\/amautaenlinea.com\/blog\/#website","url":"https:\/\/amautaenlinea.com\/blog\/","name":"Grupo AMAUTA","description":"","publisher":{"@id":"https:\/\/amautaenlinea.com\/blog\/#organization"},"potentialAction":[{"@type":"SearchAction","target":{"@type":"EntryPoint","urlTemplate":"https:\/\/amautaenlinea.com\/blog\/?s={search_term_string}"},"query-input":{"@type":"PropertyValueSpecification","valueRequired":true,"valueName":"search_term_string"}}],"inLanguage":"es"},{"@type":"Organization","@id":"https:\/\/amautaenlinea.com\/blog\/#organization","name":"Grupo AMAUTA E-BUSINESS","url":"https:\/\/amautaenlinea.com\/blog\/","logo":{"@type":"ImageObject","inLanguage":"es","@id":"https:\/\/amautaenlinea.com\/blog\/#\/schema\/logo\/image\/","url":"https:\/\/amautaenlinea.com\/blog\/wp-content\/uploads\/2023\/09\/logo-amauta.png","contentUrl":"https:\/\/amautaenlinea.com\/blog\/wp-content\/uploads\/2023\/09\/logo-amauta.png","width":1124,"height":368,"caption":"Grupo AMAUTA E-BUSINESS"},"image":{"@id":"https:\/\/amautaenlinea.com\/blog\/#\/schema\/logo\/image\/"},"sameAs":["https:\/\/www.facebook.com\/amautaperu.org\/"]},{"@type":"Person","@id":"https:\/\/amautaenlinea.com\/blog\/#\/schema\/person\/d8d4b5d672e9edb72a6f23fd40dd31d5","name":"Grupo AMAUTA EBUSINESS","image":{"@type":"ImageObject","inLanguage":"es","@id":"https:\/\/secure.gravatar.com\/avatar\/97706b54c222a710310e2db50e02e68de0a4c8bb76654bcc4053b08241c6bd6c?s=96&d=mm&r=g","url":"https:\/\/secure.gravatar.com\/avatar\/97706b54c222a710310e2db50e02e68de0a4c8bb76654bcc4053b08241c6bd6c?s=96&d=mm&r=g","contentUrl":"https:\/\/secure.gravatar.com\/avatar\/97706b54c222a710310e2db50e02e68de0a4c8bb76654bcc4053b08241c6bd6c?s=96&d=mm&r=g","caption":"Grupo AMAUTA EBUSINESS"}}]}},"_links":{"self":[{"href":"https:\/\/amautaenlinea.com\/blog\/wp-json\/wp\/v2\/posts\/18183","targetHints":{"allow":["GET"]}}],"collection":[{"href":"https:\/\/amautaenlinea.com\/blog\/wp-json\/wp\/v2\/posts"}],"about":[{"href":"https:\/\/amautaenlinea.com\/blog\/wp-json\/wp\/v2\/types\/post"}],"author":[{"embeddable":true,"href":"https:\/\/amautaenlinea.com\/blog\/wp-json\/wp\/v2\/users\/1"}],"replies":[{"embeddable":true,"href":"https:\/\/amautaenlinea.com\/blog\/wp-json\/wp\/v2\/comments?post=18183"}],"version-history":[{"count":1,"href":"https:\/\/amautaenlinea.com\/blog\/wp-json\/wp\/v2\/posts\/18183\/revisions"}],"predecessor-version":[{"id":18185,"href":"https:\/\/amautaenlinea.com\/blog\/wp-json\/wp\/v2\/posts\/18183\/revisions\/18185"}],"wp:featuredmedia":[{"embeddable":true,"href":"https:\/\/amautaenlinea.com\/blog\/wp-json\/wp\/v2\/media\/18184"}],"wp:attachment":[{"href":"https:\/\/amautaenlinea.com\/blog\/wp-json\/wp\/v2\/media?parent=18183"}],"wp:term":[{"taxonomy":"category","embeddable":true,"href":"https:\/\/amautaenlinea.com\/blog\/wp-json\/wp\/v2\/categories?post=18183"},{"taxonomy":"post_tag","embeddable":true,"href":"https:\/\/amautaenlinea.com\/blog\/wp-json\/wp\/v2\/tags?post=18183"}],"curies":[{"name":"wp","href":"https:\/\/api.w.org\/{rel}","templated":true}]}}