{"id":18180,"date":"2025-12-25T09:23:52","date_gmt":"2025-12-25T14:23:52","guid":{"rendered":"https:\/\/amautaenlinea.com\/blog\/?p=18180"},"modified":"2025-12-25T09:23:52","modified_gmt":"2025-12-25T14:23:52","slug":"aprueban-la-exclusion-de-diversas-instituciones-educativas-publicas-del-nivel-de-educacion-secundaria-del-modelo-jec","status":"publish","type":"post","link":"https:\/\/amautaenlinea.com\/blog\/aprueban-la-exclusion-de-diversas-instituciones-educativas-publicas-del-nivel-de-educacion-secundaria-del-modelo-jec\/","title":{"rendered":"Aprueban la exclusi\u00f3n de diversas instituciones educativas p\u00fablicas del nivel de Educaci\u00f3n Secundaria del modelo JEC"},"content":{"rendered":"<h1 class=\"sumilla sumilla-override\"><span class=\"no-style-override\">Aprueban la exclusi\u00f3n de diversas instituciones educativas p\u00fablicas del nivel de Educaci\u00f3n Secundaria del modelo de servicio educativo Jornada Escolar Completa<\/span><\/h1>\n<h2 class=\"resoluci-n resoluci-n-override\"><span class=\"no-style-override\">Resoluci\u00f3n Ministerial <\/span><span class=\"no-style-override\">N\u00b0 575-2025-MINEDU<\/span><\/h2>\n<p class=\"cuerpo cuerpo-override\"><span class=\"no-style-override\">Lima, 23 de diciembre de 2025<\/span><\/p>\n<p class=\"cuerpo cuerpo-override\"><span class=\"no-style-override\">VISTOS, los Expedientes N\u00b0 0733306-2025 y 0731772-2025, los Informes N\u00b0 01906-2025-MINEDU\/VMGP-DIGEBR-DES y N\u00b0 01907-2025-MINEDU\/VMGP-DIGEBR-DES de la Direcci\u00f3n de Educaci\u00f3n Secundaria de la Direcci\u00f3n General de Educaci\u00f3n B\u00e1sica Regular; el Informe N\u00b0 01957-2025-MINEDU\/SG-OGAJ de la Oficina General de Asesor\u00eda Jur\u00eddica, y;<\/span><\/p>\n<p class=\"cuerpo cuerpo-override\"><span class=\"no-style-override\">CONSIDERANDO:<\/span><\/p>\n<p class=\"cuerpo cuerpo-override\"><span class=\"no-style-override\">Que, mediante la Resoluci\u00f3n Ministerial N\u00b0 451-2014-MINEDU, se crea el modelo de servicio educativo \u201cJornada Escolar Completa para las instituciones educativas p\u00fablicas del nivel de Educaci\u00f3n Secundaria\u201d (en adelante, MSE JEC), el mismo que fue modificado por las Resoluciones Ministeriales N\u00b0 062-2015-MINEDU y N\u00b0 601-2015-MINEDU;<\/span><\/p>\n<p class=\"cuerpo cuerpo-override\"><span class=\"no-style-override\">Que, con la Resoluci\u00f3n Viceministerial N\u00b0 326-2019-MINEDU, se aprueba la Norma T\u00e9cnica denominada \u201cDisposiciones para la implementaci\u00f3n del Modelo de Servicio Educativo Jornada Escolar Completa para las Instituciones Educativas P\u00fablicas del nivel de Educaci\u00f3n Secundaria\u201d, siendo modificada mediante las Resoluciones Viceministeriales N\u00b0 161-2020-MINEDU, N\u00b0 165-2021-MINEDU y N\u00b0 340-2021-MINEDU;<\/span><\/p>\n<p class=\"cuerpo cuerpo-override\"><span class=\"no-style-override\">Que, a trav\u00e9s de la Resoluci\u00f3n Viceministerial N\u00b0 079-2023-MINEDU, se aprueba la Norma T\u00e9cnica denominada \u201cDisposiciones para la inclusi\u00f3n o exclusi\u00f3n de instituciones educativas al\/del modelo de servicio educativo Jornada Escolar Completa\u201d, cuyos numerales 5.5, 5.6 y 5.7 regulan las causales, las consideraciones y el procedimiento, respectivamente, para solicitar la exclusi\u00f3n del MSE JEC;<\/span><\/p>\n<p class=\"cuerpo cuerpo-override\"><span class=\"no-style-override\">Que, el literal b) del subnumeral 6.1 del numeral 6 de la citada Norma T\u00e9cnica establece que es responsabilidad del Ministerio de Educaci\u00f3n emitir la resoluci\u00f3n ministerial de inclusi\u00f3n o exclusi\u00f3n del MSE JEC y adoptar las acciones derivadas que correspondan, precisando que las gestiones para su emisi\u00f3n se realizan a trav\u00e9s de la Direcci\u00f3n de Educaci\u00f3n Secundaria, dependiente de la Direcci\u00f3n General de Educaci\u00f3n B\u00e1sica Regular, en coordinaci\u00f3n con el \u00f3rgano que resulte competente;<\/span><\/p>\n<p class=\"cuerpo cuerpo-override\"><span class=\"no-style-override\">Que, en el marco de las disposiciones legales antes se\u00f1aladas, la Direcci\u00f3n de Educaci\u00f3n Secundaria de la Direcci\u00f3n General de Educaci\u00f3n B\u00e1sica Regular, a trav\u00e9s del Informe N\u00b0 01906-2025-MINEDU\/VMGP-DIGEBR-DES, concluye que, como resultado de la evaluaci\u00f3n efectuada a la solicitud presentada por la Direcci\u00f3n Regional de Educaci\u00f3n Ica para la exclusi\u00f3n del MSE JEC de la Instituci\u00f3n Educativa \u201cN\u00b0 22346 San Mart\u00edn de Porras\u201d y de la Instituci\u00f3n Educativa \u201cJos\u00e9 Manuel Meza\u201d, se acredita el cumplimiento de los plazos, las causales y el procedimiento para la exclusi\u00f3n del MSE JEC, conforme con lo establecido en la precitada norma t\u00e9cnica, por lo que propone y sustenta emitir la resoluci\u00f3n ministerial que apruebe su exclusi\u00f3n del MSE JEC;<\/span><\/p>\n<p class=\"cuerpo cuerpo-override\"><span class=\"no-style-override\">Que, as\u00ed tambi\u00e9n, la Direcci\u00f3n de Educaci\u00f3n Secundaria de la Direcci\u00f3n General de Educaci\u00f3n B\u00e1sica Regular, a trav\u00e9s del Informe N\u00b0 01907-2025-MINEDU\/VMGP-DIGEBR-DES, concluye que, como resultado de la evaluaci\u00f3n efectuada a la solicitud presentada por la Direcci\u00f3n Regional de Educaci\u00f3n Madre de Dios para la exclusi\u00f3n del MSE JEC de la Instituci\u00f3n Educativa \u201cLa Pastora\u201d y de la Instituci\u00f3n Educativa \u201cCap. FAP Jos\u00e9 Abelardo Qui\u00f1ones\u201d, se acredita el cumplimiento de los plazos, las causales y el procedimiento para la exclusi\u00f3n del MSE JEC, conforme con lo establecido en la precitada norma t\u00e9cnica, por lo que propone y sustenta emitir la resoluci\u00f3n ministerial que apruebe su exclusi\u00f3n del MSE JEC;<\/span><\/p>\n<p class=\"cuerpo cuerpo-override\"><span class=\"no-style-override\">Que, mediante el Informe N\u00b0 01957-2025-MINEDU\/SG-OGAJ, la Oficina General de Asesor\u00eda Jur\u00eddica emite opini\u00f3n legal favorable respecto de la propuesta;<\/span><\/p>\n<p class=\"cuerpo cuerpo-override\"><span class=\"no-style-override\">De conformidad con la Ley N\u00b0 31224, Ley de Organizaci\u00f3n y Funciones del Ministerio de Educaci\u00f3n; la Ley N\u00b0 28044, Ley General de Educaci\u00f3n; y, el Reglamento de Organizaci\u00f3n y Funciones del Ministerio de Educaci\u00f3n, aprobado por Decreto Supremo N\u00b0 001-2015-MINEDU;<\/span><\/p>\n<h3 class=\"cuerpo cuerpo-override\"><span class=\"no-style-override\">SE RESUELVE:<\/span><\/h3>\n<p class=\"cuerpo cuerpo-override\"><span class=\"no-style-override-1\">Art\u00edculo 1.-\u00a0<a id=\"x-292-anchor-1\" name=\"x-292-anchor-1\"><\/a><\/span><span class=\"no-style-override\">Aprobar la exclusi\u00f3n del modelo de servicio educativo Jornada Escolar Completa de las siguientes instituciones educativas:<\/span><\/p>\n<table id=\"table-1\">\n<tbody>\n<tr>\n<td>\n<p class=\"normal normal-override\"><span class=\"no-style-override-2\">N\u00b0<\/span><\/p>\n<\/td>\n<td>\n<p class=\"normal normal-override\"><span class=\"no-style-override-2\">C\u00d3DIGO MODULAR<\/span><\/p>\n<\/td>\n<td>\n<p class=\"normal normal-override\"><span class=\"no-style-override-2\">IE<\/span><\/p>\n<\/td>\n<td>\n<p class=\"normal normal-override\"><span class=\"no-style-override-2\">C\u00d3DIGO UBIGEO<\/span><\/p>\n<\/td>\n<td>\n<p class=\"normal normal-override\"><span class=\"no-style-override-2\">DEPARTAMENTO<\/span><\/p>\n<\/td>\n<td>\n<p class=\"normal normal-override\"><span class=\"no-style-override-2\">PROVINCIA<\/span><\/p>\n<\/td>\n<td>\n<p class=\"normal normal-override\"><span class=\"no-style-override-2\">DISTRITO<\/span><\/p>\n<\/td>\n<td>\n<p class=\"normal normal-override\"><span class=\"no-style-override-2\">CENTRO POBLADO<\/span><\/p>\n<\/td>\n<td>\n<p class=\"normal normal-override\"><span class=\"no-style-override-2\">\u00c1REA GEOGR\u00c1FICA*<\/span><\/p>\n<\/td>\n<td>\n<p class=\"normal normal-override\"><span class=\"no-style-override-2\">DRE<\/span><\/p>\n<\/td>\n<td>\n<p class=\"normal normal-override\"><span class=\"no-style-override-2\">UGEL<\/span><\/p>\n<\/td>\n<td>\n<p class=\"normal normal-override\"><span class=\"no-style-override-2\">RESOLUCI\u00d3N DE INCORPORACI\u00d3N<\/span><\/p>\n<\/td>\n<\/tr>\n<tr>\n<td>\n<p class=\"normal normal-override\"><span class=\"no-style-override-3\">1<\/span><\/p>\n<\/td>\n<td>\n<p class=\"normal normal-override\"><span class=\"no-style-override-3\">0581017<\/span><\/p>\n<\/td>\n<td>\n<p class=\"normal normal-override\"><span class=\"no-style-override-3\">N.\u00b0 22346 \u201cSan Mart\u00edn de Porras\u201d<\/span><\/p>\n<\/td>\n<td>\n<p class=\"normal normal-override\"><span class=\"no-style-override-3\">110111<\/span><\/p>\n<\/td>\n<td>\n<p class=\"normal normal-override\"><span class=\"no-style-override-3\">Ica<\/span><\/p>\n<\/td>\n<td>\n<p class=\"normal normal-override\"><span class=\"no-style-override-3\">Ica<\/span><\/p>\n<\/td>\n<td>\n<p class=\"normal normal-override\"><span class=\"no-style-override-3\">Santiago<\/span><\/p>\n<\/td>\n<td>\n<p class=\"normal normal-override\"><span class=\"no-style-override-3\">Casa Blanca<\/span><\/p>\n<\/td>\n<td>\n<p class=\"normal normal-override\"><span class=\"no-style-override-3\">Urbana<\/span><\/p>\n<\/td>\n<td>\n<p class=\"normal normal-override\"><span class=\"no-style-override-3\">Ica<\/span><\/p>\n<\/td>\n<td>\n<p class=\"normal normal-override\"><span class=\"no-style-override-3\">Ica<\/span><\/p>\n<\/td>\n<td>\n<p class=\"normal normal-override\"><span class=\"no-style-override-3\">Resoluci\u00f3n Ministerial N\u00b0 451-2014-MINEDU<\/span><\/p>\n<\/td>\n<\/tr>\n<tr>\n<td>\n<p class=\"normal normal-override\"><span class=\"no-style-override-3\">2<\/span><\/p>\n<\/td>\n<td>\n<p class=\"normal normal-override\"><span class=\"no-style-override-3\">0275743<\/span><\/p>\n<\/td>\n<td>\n<p class=\"normal normal-override\"><span class=\"no-style-override-3\">Jos\u00e9 Manuel Meza<\/span><\/p>\n<\/td>\n<td>\n<p class=\"normal normal-override\"><span class=\"no-style-override-3\">110303<\/span><\/p>\n<\/td>\n<td>\n<p class=\"normal normal-override\"><span class=\"no-style-override-3\">Ica<\/span><\/p>\n<\/td>\n<td>\n<p class=\"normal normal-override\"><span class=\"no-style-override-3\">Nazca<\/span><\/p>\n<\/td>\n<td>\n<p class=\"normal normal-override\"><span class=\"no-style-override-3\">El Ingenio<\/span><\/p>\n<\/td>\n<td>\n<p class=\"normal normal-override\"><span class=\"no-style-override-3\">El Ingenio<\/span><\/p>\n<\/td>\n<td>\n<p class=\"normal normal-override\"><span class=\"no-style-override-3\">Urbana<\/span><\/p>\n<\/td>\n<td>\n<p class=\"normal normal-override\"><span class=\"no-style-override-3\">Ica<\/span><\/p>\n<\/td>\n<td>\n<p class=\"normal normal-override\"><span class=\"no-style-override-3\">Nazca<\/span><\/p>\n<\/td>\n<td>\n<p class=\"normal normal-override\"><span class=\"no-style-override-3\">Resoluci\u00f3n Ministerial N\u00b0 451-2014-MINEDU<\/span><\/p>\n<\/td>\n<\/tr>\n<tr>\n<td>\n<p class=\"normal normal-override\"><span class=\"no-style-override-3\">3<\/span><\/p>\n<\/td>\n<td>\n<p class=\"normal normal-override\"><span class=\"no-style-override-3\">1543917<\/span><\/p>\n<\/td>\n<td>\n<p class=\"normal normal-override\"><span class=\"no-style-override-3\">La Pastora<\/span><\/p>\n<\/td>\n<td>\n<p class=\"normal normal-override\"><span class=\"no-style-override-3\">170101<\/span><\/p>\n<\/td>\n<td>\n<p class=\"normal normal-override\"><span class=\"no-style-override-3\">Madre de Dios<\/span><\/p>\n<\/td>\n<td>\n<p class=\"normal normal-override\"><span class=\"no-style-override-3\">Tambopata<\/span><\/p>\n<\/td>\n<td>\n<p class=\"normal normal-override\"><span class=\"no-style-override-3\">Tambopata<\/span><\/p>\n<\/td>\n<td>\n<p class=\"normal normal-override\"><span class=\"no-style-override-3\">La Pastora<\/span><\/p>\n<\/td>\n<td>\n<p class=\"normal normal-override\"><span class=\"no-style-override-3\">Urbana<\/span><\/p>\n<\/td>\n<td>\n<p class=\"normal normal-override\"><span class=\"no-style-override-3\">Madre de Dios<\/span><\/p>\n<\/td>\n<td>\n<p class=\"normal normal-override\"><span class=\"no-style-override-3\">Tambopata<\/span><\/p>\n<\/td>\n<td>\n<p class=\"normal normal-override\"><span class=\"no-style-override-3\">Resoluci\u00f3n Ministerial N\u00b0 451-2014-MINEDU<\/span><\/p>\n<\/td>\n<\/tr>\n<tr>\n<td>\n<p class=\"normal normal-override\"><span class=\"no-style-override-3\">4<\/span><\/p>\n<\/td>\n<td>\n<p class=\"normal normal-override\"><span class=\"no-style-override-3\">0935692<\/span><\/p>\n<\/td>\n<td>\n<p class=\"normal normal-override\"><span class=\"no-style-override-3\">Cap. FAP \u201cJos\u00e9 Abelardo Qui\u00f1ones\u201d<\/span><\/p>\n<\/td>\n<td>\n<p class=\"normal normal-override\"><span class=\"no-style-override-3\">170101<\/span><\/p>\n<\/td>\n<td>\n<p class=\"normal normal-override\"><span class=\"no-style-override-3\">Madre de Dios<\/span><\/p>\n<\/td>\n<td>\n<p class=\"normal normal-override\"><span class=\"no-style-override-3\">Tambopata<\/span><\/p>\n<\/td>\n<td>\n<p class=\"normal normal-override\"><span class=\"no-style-override-3\">Tambopata<\/span><\/p>\n<\/td>\n<td>\n<p class=\"normal normal-override\"><span class=\"no-style-override-3\">La Joya<\/span><\/p>\n<\/td>\n<td>\n<p class=\"normal normal-override\"><span class=\"no-style-override-3\">Urbana<\/span><\/p>\n<\/td>\n<td>\n<p class=\"normal normal-override\"><span class=\"no-style-override-3\">Madre de Dios<\/span><\/p>\n<\/td>\n<td>\n<p class=\"normal normal-override\"><span class=\"no-style-override-3\">Tambopata<\/span><\/p>\n<\/td>\n<td>\n<p class=\"normal normal-override\"><span class=\"no-style-override-3\">Resoluci\u00f3n Ministerial N\u00b0 451-2014-MINEDU<\/span><\/p>\n<\/td>\n<\/tr>\n<\/tbody>\n<\/table>\n<p class=\"cuerpo cuerpo-override\"><span class=\"no-style-override-3\">* El \u00e1rea geogr\u00e1fica es determinada seg\u00fan el Padr\u00f3n de Servicios Educativos del ESCALE<\/span><\/p>\n<p class=\"cuerpo cuerpo-override\"><span class=\"no-style-override-1\">Art\u00edculo 2.-\u00a0<a id=\"x-316-anchor-4\" name=\"x-316-anchor-4\"><\/a><\/span><span class=\"no-style-override\">Encargar el cumplimiento de lo dispuesto en el art\u00edculo precedente a la Direcci\u00f3n de Educaci\u00f3n Secundaria de la Direcci\u00f3n General de Educaci\u00f3n B\u00e1sica Regular, a las Direcciones Regionales de Educaci\u00f3n y a las Unidades de Gesti\u00f3n Educativa Local indicadas en el cuadro contenido en el art\u00edculo 1 de la presente resoluci\u00f3n.<\/span><\/p>\n<p class=\"cuerpo cuerpo-override\"><span class=\"no-style-override-1\">Art\u00edculo 3.-\u00a0<\/span><span class=\"no-style-override\">Disponer la publicaci\u00f3n de la presente resoluci\u00f3n en el Sistema de Informaci\u00f3n Jur\u00eddica de Educaci\u00f3n (SIJE), ubicado en la sede digital del Ministerio de Educaci\u00f3n (www.gob.pe\/minedu), el mismo d\u00eda de su publicaci\u00f3n en el\u00a0<\/span><span class=\"no-style-override\">D<\/span><span class=\"no-style-override\">iario\u00a0<\/span><span class=\"no-style-override\">O<\/span><span class=\"no-style-override\">ficial \u201cEl Peruano\u201d.<\/span><\/p>\n<p class=\"cuerpo cuerpo-override\"><span class=\"no-style-override\">Reg\u00edstrese, comun\u00edquese y publ\u00edquese.<\/span><\/p>\n<p><a id=\"x-319-anchor-2\" name=\"x-319-anchor-2\"><\/a><a id=\"x-322-anchor-2\" name=\"x-322-anchor-2\"><\/a><a id=\"x-325-anchor-1\" name=\"x-325-anchor-1\"><\/a><a id=\"x-328-anchor-1\" name=\"x-328-anchor-1\"><\/a><\/p>\n<p class=\"cuerpo cuerpo-override\"><span class=\"no-style-override\">JORGE EDUARDO FIGUEROA GUZM\u00c1N<\/span><\/p>\n<p class=\"cuerpo\">Ministro de Educaci\u00f3n<\/p>\n<p class=\"subrayado subrayado-override\"><span class=\"bold-cuerpo bold-cuerpo-override\">2471796-1<\/span><\/p>\n","protected":false},"excerpt":{"rendered":"<p>Aprueban la exclusi\u00f3n de diversas instituciones educativas p\u00fablicas del nivel de Educaci\u00f3n Secundaria del modelo de servicio educativo Jornada Escolar Completa Resoluci\u00f3n Ministerial N\u00b0<\/p>\n","protected":false},"author":1,"featured_media":18181,"comment_status":"open","ping_status":"open","sticky":false,"template":"","format":"standard","meta":{"footnotes":""},"categories":[4],"tags":[3273],"class_list":["post-18180","post","type-post","status-publish","format-standard","has-post-thumbnail","hentry","category-educacion","tag-aprueban-la-exclusion-de-diversas-instituciones-educativas-publicas-del-nivel-de-educacion-secundaria-del-modelo-jec"],"yoast_head":"<!-- This site is optimized with the Yoast SEO Premium plugin v21.2 (Yoast SEO v27.4) - https:\/\/yoast.com\/product\/yoast-seo-premium-wordpress\/ -->\n<title>\u25b7 Aprueban la exclusi\u00f3n de diversas instituciones educativas p\u00fablicas del nivel de Educaci\u00f3n Secundaria del modelo JEC \u2705<\/title>\n<meta name=\"description\" content=\"\u27a8 Aprueban la exclusi\u00f3n de diversas instituciones educativas p\u00fablicas del nivel de Educaci\u00f3n Secundaria del modelo JEC\" \/>\n<meta name=\"robots\" content=\"index, follow, max-snippet:-1, max-image-preview:large, max-video-preview:-1\" \/>\n<link rel=\"canonical\" href=\"https:\/\/amautaenlinea.com\/blog\/aprueban-la-exclusion-de-diversas-instituciones-educativas-publicas-del-nivel-de-educacion-secundaria-del-modelo-jec\/\" \/>\n<meta property=\"og:locale\" content=\"es_ES\" \/>\n<meta property=\"og:type\" content=\"article\" \/>\n<meta property=\"og:title\" content=\"Aprueban la exclusi\u00f3n de diversas instituciones educativas p\u00fablicas del nivel de Educaci\u00f3n Secundaria del modelo JEC\" \/>\n<meta property=\"og:description\" content=\"\u27a8 Aprueban la exclusi\u00f3n de diversas instituciones educativas p\u00fablicas del nivel de Educaci\u00f3n Secundaria del modelo JEC\" \/>\n<meta property=\"og:url\" content=\"https:\/\/amautaenlinea.com\/blog\/aprueban-la-exclusion-de-diversas-instituciones-educativas-publicas-del-nivel-de-educacion-secundaria-del-modelo-jec\/\" \/>\n<meta property=\"og:site_name\" content=\"Grupo AMAUTA\" \/>\n<meta property=\"article:publisher\" content=\"https:\/\/www.facebook.com\/amautaperu.org\/\" \/>\n<meta property=\"article:published_time\" content=\"2025-12-25T14:23:52+00:00\" \/>\n<meta property=\"og:image\" content=\"https:\/\/amautaenlinea.com\/blog\/wp-content\/uploads\/2025\/12\/Aprueban-la-exclusion-de-diversas-instituciones-educativas-publicas-del-nivel-de-Educacion-Secundaria-del-modelo-JEC.png\" \/>\n\t<meta property=\"og:image:width\" content=\"1280\" \/>\n\t<meta property=\"og:image:height\" content=\"720\" \/>\n\t<meta property=\"og:image:type\" content=\"image\/png\" \/>\n<meta name=\"author\" content=\"Grupo AMAUTA EBUSINESS\" \/>\n<meta name=\"twitter:card\" content=\"summary_large_image\" \/>\n<script type=\"application\/ld+json\" class=\"yoast-schema-graph\">{\"@context\":\"https:\\\/\\\/schema.org\",\"@graph\":[{\"@type\":\"Article\",\"@id\":\"https:\\\/\\\/amautaenlinea.com\\\/blog\\\/aprueban-la-exclusion-de-diversas-instituciones-educativas-publicas-del-nivel-de-educacion-secundaria-del-modelo-jec\\\/#article\",\"isPartOf\":{\"@id\":\"https:\\\/\\\/amautaenlinea.com\\\/blog\\\/aprueban-la-exclusion-de-diversas-instituciones-educativas-publicas-del-nivel-de-educacion-secundaria-del-modelo-jec\\\/\"},\"author\":{\"name\":\"Grupo AMAUTA EBUSINESS\",\"@id\":\"https:\\\/\\\/amautaenlinea.com\\\/blog\\\/#\\\/schema\\\/person\\\/d8d4b5d672e9edb72a6f23fd40dd31d5\"},\"headline\":\"Aprueban la exclusi\u00f3n de diversas instituciones educativas p\u00fablicas del nivel de Educaci\u00f3n Secundaria del modelo JEC\",\"datePublished\":\"2025-12-25T14:23:52+00:00\",\"mainEntityOfPage\":{\"@id\":\"https:\\\/\\\/amautaenlinea.com\\\/blog\\\/aprueban-la-exclusion-de-diversas-instituciones-educativas-publicas-del-nivel-de-educacion-secundaria-del-modelo-jec\\\/\"},\"wordCount\":971,\"commentCount\":0,\"publisher\":{\"@id\":\"https:\\\/\\\/amautaenlinea.com\\\/blog\\\/#organization\"},\"image\":{\"@id\":\"https:\\\/\\\/amautaenlinea.com\\\/blog\\\/aprueban-la-exclusion-de-diversas-instituciones-educativas-publicas-del-nivel-de-educacion-secundaria-del-modelo-jec\\\/#primaryimage\"},\"thumbnailUrl\":\"https:\\\/\\\/amautaenlinea.com\\\/blog\\\/wp-content\\\/uploads\\\/2025\\\/12\\\/Aprueban-la-exclusion-de-diversas-instituciones-educativas-publicas-del-nivel-de-Educacion-Secundaria-del-modelo-JEC.png\",\"keywords\":[\"Aprueban la exclusi\u00f3n de diversas instituciones educativas p\u00fablicas del nivel de Educaci\u00f3n Secundaria del modelo JEC\"],\"articleSection\":[\"Educaci\u00f3n\"],\"inLanguage\":\"es\",\"potentialAction\":[{\"@type\":\"CommentAction\",\"name\":\"Comment\",\"target\":[\"https:\\\/\\\/amautaenlinea.com\\\/blog\\\/aprueban-la-exclusion-de-diversas-instituciones-educativas-publicas-del-nivel-de-educacion-secundaria-del-modelo-jec\\\/#respond\"]}],\"copyrightYear\":\"2025\",\"copyrightHolder\":{\"@id\":\"https:\\\/\\\/amautaenlinea.com\\\/blog\\\/#organization\"}},{\"@type\":\"WebPage\",\"@id\":\"https:\\\/\\\/amautaenlinea.com\\\/blog\\\/aprueban-la-exclusion-de-diversas-instituciones-educativas-publicas-del-nivel-de-educacion-secundaria-del-modelo-jec\\\/\",\"url\":\"https:\\\/\\\/amautaenlinea.com\\\/blog\\\/aprueban-la-exclusion-de-diversas-instituciones-educativas-publicas-del-nivel-de-educacion-secundaria-del-modelo-jec\\\/\",\"name\":\"\u25b7 Aprueban la exclusi\u00f3n de diversas instituciones educativas p\u00fablicas del nivel de Educaci\u00f3n Secundaria del modelo JEC \u2705\",\"isPartOf\":{\"@id\":\"https:\\\/\\\/amautaenlinea.com\\\/blog\\\/#website\"},\"primaryImageOfPage\":{\"@id\":\"https:\\\/\\\/amautaenlinea.com\\\/blog\\\/aprueban-la-exclusion-de-diversas-instituciones-educativas-publicas-del-nivel-de-educacion-secundaria-del-modelo-jec\\\/#primaryimage\"},\"image\":{\"@id\":\"https:\\\/\\\/amautaenlinea.com\\\/blog\\\/aprueban-la-exclusion-de-diversas-instituciones-educativas-publicas-del-nivel-de-educacion-secundaria-del-modelo-jec\\\/#primaryimage\"},\"thumbnailUrl\":\"https:\\\/\\\/amautaenlinea.com\\\/blog\\\/wp-content\\\/uploads\\\/2025\\\/12\\\/Aprueban-la-exclusion-de-diversas-instituciones-educativas-publicas-del-nivel-de-Educacion-Secundaria-del-modelo-JEC.png\",\"datePublished\":\"2025-12-25T14:23:52+00:00\",\"description\":\"\u27a8 Aprueban la exclusi\u00f3n de diversas instituciones educativas p\u00fablicas del nivel de Educaci\u00f3n Secundaria del modelo JEC\",\"breadcrumb\":{\"@id\":\"https:\\\/\\\/amautaenlinea.com\\\/blog\\\/aprueban-la-exclusion-de-diversas-instituciones-educativas-publicas-del-nivel-de-educacion-secundaria-del-modelo-jec\\\/#breadcrumb\"},\"inLanguage\":\"es\",\"potentialAction\":[{\"@type\":\"ReadAction\",\"target\":[\"https:\\\/\\\/amautaenlinea.com\\\/blog\\\/aprueban-la-exclusion-de-diversas-instituciones-educativas-publicas-del-nivel-de-educacion-secundaria-del-modelo-jec\\\/\"]}]},{\"@type\":\"ImageObject\",\"inLanguage\":\"es\",\"@id\":\"https:\\\/\\\/amautaenlinea.com\\\/blog\\\/aprueban-la-exclusion-de-diversas-instituciones-educativas-publicas-del-nivel-de-educacion-secundaria-del-modelo-jec\\\/#primaryimage\",\"url\":\"https:\\\/\\\/amautaenlinea.com\\\/blog\\\/wp-content\\\/uploads\\\/2025\\\/12\\\/Aprueban-la-exclusion-de-diversas-instituciones-educativas-publicas-del-nivel-de-Educacion-Secundaria-del-modelo-JEC.png\",\"contentUrl\":\"https:\\\/\\\/amautaenlinea.com\\\/blog\\\/wp-content\\\/uploads\\\/2025\\\/12\\\/Aprueban-la-exclusion-de-diversas-instituciones-educativas-publicas-del-nivel-de-Educacion-Secundaria-del-modelo-JEC.png\",\"width\":1280,\"height\":720},{\"@type\":\"BreadcrumbList\",\"@id\":\"https:\\\/\\\/amautaenlinea.com\\\/blog\\\/aprueban-la-exclusion-de-diversas-instituciones-educativas-publicas-del-nivel-de-educacion-secundaria-del-modelo-jec\\\/#breadcrumb\",\"itemListElement\":[{\"@type\":\"ListItem\",\"position\":1,\"name\":\"Portada\",\"item\":\"https:\\\/\\\/amautaenlinea.com\\\/blog\\\/\"},{\"@type\":\"ListItem\",\"position\":2,\"name\":\"Aprueban la exclusi\u00f3n de diversas instituciones educativas p\u00fablicas del nivel de Educaci\u00f3n Secundaria del modelo JEC\"}]},{\"@type\":\"WebSite\",\"@id\":\"https:\\\/\\\/amautaenlinea.com\\\/blog\\\/#website\",\"url\":\"https:\\\/\\\/amautaenlinea.com\\\/blog\\\/\",\"name\":\"Grupo AMAUTA\",\"description\":\"\",\"publisher\":{\"@id\":\"https:\\\/\\\/amautaenlinea.com\\\/blog\\\/#organization\"},\"potentialAction\":[{\"@type\":\"SearchAction\",\"target\":{\"@type\":\"EntryPoint\",\"urlTemplate\":\"https:\\\/\\\/amautaenlinea.com\\\/blog\\\/?s={search_term_string}\"},\"query-input\":{\"@type\":\"PropertyValueSpecification\",\"valueRequired\":true,\"valueName\":\"search_term_string\"}}],\"inLanguage\":\"es\"},{\"@type\":\"Organization\",\"@id\":\"https:\\\/\\\/amautaenlinea.com\\\/blog\\\/#organization\",\"name\":\"Grupo AMAUTA E-BUSINESS\",\"url\":\"https:\\\/\\\/amautaenlinea.com\\\/blog\\\/\",\"logo\":{\"@type\":\"ImageObject\",\"inLanguage\":\"es\",\"@id\":\"https:\\\/\\\/amautaenlinea.com\\\/blog\\\/#\\\/schema\\\/logo\\\/image\\\/\",\"url\":\"https:\\\/\\\/amautaenlinea.com\\\/blog\\\/wp-content\\\/uploads\\\/2023\\\/09\\\/logo-amauta.png\",\"contentUrl\":\"https:\\\/\\\/amautaenlinea.com\\\/blog\\\/wp-content\\\/uploads\\\/2023\\\/09\\\/logo-amauta.png\",\"width\":1124,\"height\":368,\"caption\":\"Grupo AMAUTA E-BUSINESS\"},\"image\":{\"@id\":\"https:\\\/\\\/amautaenlinea.com\\\/blog\\\/#\\\/schema\\\/logo\\\/image\\\/\"},\"sameAs\":[\"https:\\\/\\\/www.facebook.com\\\/amautaperu.org\\\/\"]},{\"@type\":\"Person\",\"@id\":\"https:\\\/\\\/amautaenlinea.com\\\/blog\\\/#\\\/schema\\\/person\\\/d8d4b5d672e9edb72a6f23fd40dd31d5\",\"name\":\"Grupo AMAUTA EBUSINESS\",\"image\":{\"@type\":\"ImageObject\",\"inLanguage\":\"es\",\"@id\":\"https:\\\/\\\/secure.gravatar.com\\\/avatar\\\/97706b54c222a710310e2db50e02e68de0a4c8bb76654bcc4053b08241c6bd6c?s=96&d=mm&r=g\",\"url\":\"https:\\\/\\\/secure.gravatar.com\\\/avatar\\\/97706b54c222a710310e2db50e02e68de0a4c8bb76654bcc4053b08241c6bd6c?s=96&d=mm&r=g\",\"contentUrl\":\"https:\\\/\\\/secure.gravatar.com\\\/avatar\\\/97706b54c222a710310e2db50e02e68de0a4c8bb76654bcc4053b08241c6bd6c?s=96&d=mm&r=g\",\"caption\":\"Grupo AMAUTA EBUSINESS\"}}]}<\/script>\n<!-- \/ Yoast SEO Premium plugin. -->","yoast_head_json":{"title":"\u25b7 Aprueban la exclusi\u00f3n de diversas instituciones educativas p\u00fablicas del nivel de Educaci\u00f3n Secundaria del modelo JEC \u2705","description":"\u27a8 Aprueban la exclusi\u00f3n de diversas instituciones educativas p\u00fablicas del nivel de Educaci\u00f3n Secundaria del modelo JEC","robots":{"index":"index","follow":"follow","max-snippet":"max-snippet:-1","max-image-preview":"max-image-preview:large","max-video-preview":"max-video-preview:-1"},"canonical":"https:\/\/amautaenlinea.com\/blog\/aprueban-la-exclusion-de-diversas-instituciones-educativas-publicas-del-nivel-de-educacion-secundaria-del-modelo-jec\/","og_locale":"es_ES","og_type":"article","og_title":"Aprueban la exclusi\u00f3n de diversas instituciones educativas p\u00fablicas del nivel de Educaci\u00f3n Secundaria del modelo JEC","og_description":"\u27a8 Aprueban la exclusi\u00f3n de diversas instituciones educativas p\u00fablicas del nivel de Educaci\u00f3n Secundaria del modelo JEC","og_url":"https:\/\/amautaenlinea.com\/blog\/aprueban-la-exclusion-de-diversas-instituciones-educativas-publicas-del-nivel-de-educacion-secundaria-del-modelo-jec\/","og_site_name":"Grupo AMAUTA","article_publisher":"https:\/\/www.facebook.com\/amautaperu.org\/","article_published_time":"2025-12-25T14:23:52+00:00","og_image":[{"width":1280,"height":720,"url":"https:\/\/amautaenlinea.com\/blog\/wp-content\/uploads\/2025\/12\/Aprueban-la-exclusion-de-diversas-instituciones-educativas-publicas-del-nivel-de-Educacion-Secundaria-del-modelo-JEC.png","type":"image\/png"}],"author":"Grupo AMAUTA EBUSINESS","twitter_card":"summary_large_image","schema":{"@context":"https:\/\/schema.org","@graph":[{"@type":"Article","@id":"https:\/\/amautaenlinea.com\/blog\/aprueban-la-exclusion-de-diversas-instituciones-educativas-publicas-del-nivel-de-educacion-secundaria-del-modelo-jec\/#article","isPartOf":{"@id":"https:\/\/amautaenlinea.com\/blog\/aprueban-la-exclusion-de-diversas-instituciones-educativas-publicas-del-nivel-de-educacion-secundaria-del-modelo-jec\/"},"author":{"name":"Grupo AMAUTA EBUSINESS","@id":"https:\/\/amautaenlinea.com\/blog\/#\/schema\/person\/d8d4b5d672e9edb72a6f23fd40dd31d5"},"headline":"Aprueban la exclusi\u00f3n de diversas instituciones educativas p\u00fablicas del nivel de Educaci\u00f3n Secundaria del modelo JEC","datePublished":"2025-12-25T14:23:52+00:00","mainEntityOfPage":{"@id":"https:\/\/amautaenlinea.com\/blog\/aprueban-la-exclusion-de-diversas-instituciones-educativas-publicas-del-nivel-de-educacion-secundaria-del-modelo-jec\/"},"wordCount":971,"commentCount":0,"publisher":{"@id":"https:\/\/amautaenlinea.com\/blog\/#organization"},"image":{"@id":"https:\/\/amautaenlinea.com\/blog\/aprueban-la-exclusion-de-diversas-instituciones-educativas-publicas-del-nivel-de-educacion-secundaria-del-modelo-jec\/#primaryimage"},"thumbnailUrl":"https:\/\/amautaenlinea.com\/blog\/wp-content\/uploads\/2025\/12\/Aprueban-la-exclusion-de-diversas-instituciones-educativas-publicas-del-nivel-de-Educacion-Secundaria-del-modelo-JEC.png","keywords":["Aprueban la exclusi\u00f3n de diversas instituciones educativas p\u00fablicas del nivel de Educaci\u00f3n Secundaria del modelo JEC"],"articleSection":["Educaci\u00f3n"],"inLanguage":"es","potentialAction":[{"@type":"CommentAction","name":"Comment","target":["https:\/\/amautaenlinea.com\/blog\/aprueban-la-exclusion-de-diversas-instituciones-educativas-publicas-del-nivel-de-educacion-secundaria-del-modelo-jec\/#respond"]}],"copyrightYear":"2025","copyrightHolder":{"@id":"https:\/\/amautaenlinea.com\/blog\/#organization"}},{"@type":"WebPage","@id":"https:\/\/amautaenlinea.com\/blog\/aprueban-la-exclusion-de-diversas-instituciones-educativas-publicas-del-nivel-de-educacion-secundaria-del-modelo-jec\/","url":"https:\/\/amautaenlinea.com\/blog\/aprueban-la-exclusion-de-diversas-instituciones-educativas-publicas-del-nivel-de-educacion-secundaria-del-modelo-jec\/","name":"\u25b7 Aprueban la exclusi\u00f3n de diversas instituciones educativas p\u00fablicas del nivel de Educaci\u00f3n Secundaria del modelo JEC \u2705","isPartOf":{"@id":"https:\/\/amautaenlinea.com\/blog\/#website"},"primaryImageOfPage":{"@id":"https:\/\/amautaenlinea.com\/blog\/aprueban-la-exclusion-de-diversas-instituciones-educativas-publicas-del-nivel-de-educacion-secundaria-del-modelo-jec\/#primaryimage"},"image":{"@id":"https:\/\/amautaenlinea.com\/blog\/aprueban-la-exclusion-de-diversas-instituciones-educativas-publicas-del-nivel-de-educacion-secundaria-del-modelo-jec\/#primaryimage"},"thumbnailUrl":"https:\/\/amautaenlinea.com\/blog\/wp-content\/uploads\/2025\/12\/Aprueban-la-exclusion-de-diversas-instituciones-educativas-publicas-del-nivel-de-Educacion-Secundaria-del-modelo-JEC.png","datePublished":"2025-12-25T14:23:52+00:00","description":"\u27a8 Aprueban la exclusi\u00f3n de diversas instituciones educativas p\u00fablicas del nivel de Educaci\u00f3n Secundaria del modelo JEC","breadcrumb":{"@id":"https:\/\/amautaenlinea.com\/blog\/aprueban-la-exclusion-de-diversas-instituciones-educativas-publicas-del-nivel-de-educacion-secundaria-del-modelo-jec\/#breadcrumb"},"inLanguage":"es","potentialAction":[{"@type":"ReadAction","target":["https:\/\/amautaenlinea.com\/blog\/aprueban-la-exclusion-de-diversas-instituciones-educativas-publicas-del-nivel-de-educacion-secundaria-del-modelo-jec\/"]}]},{"@type":"ImageObject","inLanguage":"es","@id":"https:\/\/amautaenlinea.com\/blog\/aprueban-la-exclusion-de-diversas-instituciones-educativas-publicas-del-nivel-de-educacion-secundaria-del-modelo-jec\/#primaryimage","url":"https:\/\/amautaenlinea.com\/blog\/wp-content\/uploads\/2025\/12\/Aprueban-la-exclusion-de-diversas-instituciones-educativas-publicas-del-nivel-de-Educacion-Secundaria-del-modelo-JEC.png","contentUrl":"https:\/\/amautaenlinea.com\/blog\/wp-content\/uploads\/2025\/12\/Aprueban-la-exclusion-de-diversas-instituciones-educativas-publicas-del-nivel-de-Educacion-Secundaria-del-modelo-JEC.png","width":1280,"height":720},{"@type":"BreadcrumbList","@id":"https:\/\/amautaenlinea.com\/blog\/aprueban-la-exclusion-de-diversas-instituciones-educativas-publicas-del-nivel-de-educacion-secundaria-del-modelo-jec\/#breadcrumb","itemListElement":[{"@type":"ListItem","position":1,"name":"Portada","item":"https:\/\/amautaenlinea.com\/blog\/"},{"@type":"ListItem","position":2,"name":"Aprueban la exclusi\u00f3n de diversas instituciones educativas p\u00fablicas del nivel de Educaci\u00f3n Secundaria del modelo JEC"}]},{"@type":"WebSite","@id":"https:\/\/amautaenlinea.com\/blog\/#website","url":"https:\/\/amautaenlinea.com\/blog\/","name":"Grupo AMAUTA","description":"","publisher":{"@id":"https:\/\/amautaenlinea.com\/blog\/#organization"},"potentialAction":[{"@type":"SearchAction","target":{"@type":"EntryPoint","urlTemplate":"https:\/\/amautaenlinea.com\/blog\/?s={search_term_string}"},"query-input":{"@type":"PropertyValueSpecification","valueRequired":true,"valueName":"search_term_string"}}],"inLanguage":"es"},{"@type":"Organization","@id":"https:\/\/amautaenlinea.com\/blog\/#organization","name":"Grupo AMAUTA E-BUSINESS","url":"https:\/\/amautaenlinea.com\/blog\/","logo":{"@type":"ImageObject","inLanguage":"es","@id":"https:\/\/amautaenlinea.com\/blog\/#\/schema\/logo\/image\/","url":"https:\/\/amautaenlinea.com\/blog\/wp-content\/uploads\/2023\/09\/logo-amauta.png","contentUrl":"https:\/\/amautaenlinea.com\/blog\/wp-content\/uploads\/2023\/09\/logo-amauta.png","width":1124,"height":368,"caption":"Grupo AMAUTA E-BUSINESS"},"image":{"@id":"https:\/\/amautaenlinea.com\/blog\/#\/schema\/logo\/image\/"},"sameAs":["https:\/\/www.facebook.com\/amautaperu.org\/"]},{"@type":"Person","@id":"https:\/\/amautaenlinea.com\/blog\/#\/schema\/person\/d8d4b5d672e9edb72a6f23fd40dd31d5","name":"Grupo AMAUTA EBUSINESS","image":{"@type":"ImageObject","inLanguage":"es","@id":"https:\/\/secure.gravatar.com\/avatar\/97706b54c222a710310e2db50e02e68de0a4c8bb76654bcc4053b08241c6bd6c?s=96&d=mm&r=g","url":"https:\/\/secure.gravatar.com\/avatar\/97706b54c222a710310e2db50e02e68de0a4c8bb76654bcc4053b08241c6bd6c?s=96&d=mm&r=g","contentUrl":"https:\/\/secure.gravatar.com\/avatar\/97706b54c222a710310e2db50e02e68de0a4c8bb76654bcc4053b08241c6bd6c?s=96&d=mm&r=g","caption":"Grupo AMAUTA EBUSINESS"}}]}},"_links":{"self":[{"href":"https:\/\/amautaenlinea.com\/blog\/wp-json\/wp\/v2\/posts\/18180","targetHints":{"allow":["GET"]}}],"collection":[{"href":"https:\/\/amautaenlinea.com\/blog\/wp-json\/wp\/v2\/posts"}],"about":[{"href":"https:\/\/amautaenlinea.com\/blog\/wp-json\/wp\/v2\/types\/post"}],"author":[{"embeddable":true,"href":"https:\/\/amautaenlinea.com\/blog\/wp-json\/wp\/v2\/users\/1"}],"replies":[{"embeddable":true,"href":"https:\/\/amautaenlinea.com\/blog\/wp-json\/wp\/v2\/comments?post=18180"}],"version-history":[{"count":1,"href":"https:\/\/amautaenlinea.com\/blog\/wp-json\/wp\/v2\/posts\/18180\/revisions"}],"predecessor-version":[{"id":18182,"href":"https:\/\/amautaenlinea.com\/blog\/wp-json\/wp\/v2\/posts\/18180\/revisions\/18182"}],"wp:featuredmedia":[{"embeddable":true,"href":"https:\/\/amautaenlinea.com\/blog\/wp-json\/wp\/v2\/media\/18181"}],"wp:attachment":[{"href":"https:\/\/amautaenlinea.com\/blog\/wp-json\/wp\/v2\/media?parent=18180"}],"wp:term":[{"taxonomy":"category","embeddable":true,"href":"https:\/\/amautaenlinea.com\/blog\/wp-json\/wp\/v2\/categories?post=18180"},{"taxonomy":"post_tag","embeddable":true,"href":"https:\/\/amautaenlinea.com\/blog\/wp-json\/wp\/v2\/tags?post=18180"}],"curies":[{"name":"wp","href":"https:\/\/api.w.org\/{rel}","templated":true}]}}