{"id":18173,"date":"2025-12-24T06:36:56","date_gmt":"2025-12-24T11:36:56","guid":{"rendered":"https:\/\/amautaenlinea.com\/blog\/?p=18173"},"modified":"2025-12-24T06:36:56","modified_gmt":"2025-12-24T11:36:56","slug":"minedu-salio-la-lista-de-feriados-y-fechas-festivas-no-laborables-para-el-ano-lectivo-2026-atencion-docente","status":"publish","type":"post","link":"https:\/\/amautaenlinea.com\/blog\/minedu-salio-la-lista-de-feriados-y-fechas-festivas-no-laborables-para-el-ano-lectivo-2026-atencion-docente\/","title":{"rendered":"Minedu: Sali\u00f3 la lista de feriados y fechas festivas no laborables para el a\u00f1o lectivo 2026 \u00a1ATENCI\u00d3N DOCENTE!"},"content":{"rendered":"<h2 class=\"sht__summary sht__summary--gestionv2 sht--w-list\">Trabajadores contar\u00e1n con m\u00e1s de 15 d\u00edas libres a lo largo del 2026. Conoce cu\u00e1les:<\/h2>\n<p class=\"story-contents__font-paragraph\" data-mrf-recirculation=\"Enlaces P\u00e1rrafos\">El 2026 tiene 16\u00a0feriados calendario, d\u00edas festivos de descanso para trabajadores tanto del sector p\u00fablico como privado. Sigue con atenci\u00f3n la presente informaci\u00f3n para\u00a0planificar tus vacaciones\u00a0u otras actividades durante este nuevo a\u00f1o.<\/p>\n<h3 class=\"story-contents__font-paragraph\" data-mrf-recirculation=\"Enlaces P\u00e1rrafos\"><b>En estas fechas, los trabajadores tienen el derecho a un d\u00eda de descanso remunerado.<\/b><\/h3>\n<p class=\"story-contents__font-paragraph\" data-mrf-recirculation=\"Enlaces P\u00e1rrafos\">Es fundamental que tanto trabajadores como empresas conozcan los feriados con anticipaci\u00f3n. Esto permite a los empleadores planificar de manera m\u00e1s eficiente las actividades laborales, evitando que la paralizaci\u00f3n afecte la productividad.<\/p>\n<div class=\"contenedorTruvidPos\">\n<div class=\"truvidPos\">Cabe precisar que durante el gobierno de Dina Boluarte, la Sociedad Nacional de Construcci\u00f3n e Infraestructura (SNCI) hizo llegar una propuesta para que 4 feriados y 3 d\u00edas no laborales sean eliminados; que habr\u00eda contado con el respaldo del Ministerio de Econom\u00eda y Finanzas. Sin embargo, a\u00fan no prospera.<\/div>\n<\/div>\n<p class=\"story-contents__font-paragraph\" data-mrf-recirculation=\"Enlaces P\u00e1rrafos\">Por su parte, desde la Comisi\u00f3n de Trabajo del Congreso aprobaron hace unos meses -con cargo a redacci\u00f3n-, el dictamen que plantea\u00a0<b>trasladar determinados feriados al lunes inmediato posterior<\/b>\u00a0con el prop\u00f3sito de generar fines de semana largos que fomenten el turismo interno y dinamicen las econom\u00edas locales. La propuesta a\u00fan deber\u00e1 ser debatida en el Pleno.<\/p>\n<h2 class=\"story-contents__header\"><b>\u00bfCu\u00e1les son los feriados del 2026?<\/b><\/h2>\n<h2 class=\"story-contents__header\"><b>Feriados de Enero:<\/b><\/h2>\n<p class=\"story-contents__font-paragraph\" data-mrf-recirculation=\"Enlaces P\u00e1rrafos\">Jueves 1\u00b0 de enero: A\u00f1o Nuevo.<\/p>\n<h2 class=\"story-contents__header\"><b>Feriados de Abril:<\/b><\/h2>\n<p class=\"story-contents__font-paragraph\" data-mrf-recirculation=\"Enlaces P\u00e1rrafos\">Jueves 2 de abril (Jueves Santo).<\/p>\n<div class=\"content_gpt_caja4\">\n<div id=\"gpt_caja4\" data-ads-name=\"\/28253241\/gestion\/web\/post\/peru\/caja4\" data-ads-dimensions-m=\"[[300, 100], [320, 50], [300, 50], [320, 100], [300, 250]]\" data-bloque=\"3\" data-prebid-enabled=\"true\">Viernes 3 de abril (Viernes Santo).<\/div>\n<\/div>\n<h2 class=\"story-contents__header\"><b>Feriados de Mayo:<\/b><\/h2>\n<p class=\"story-contents__font-paragraph\" data-mrf-recirculation=\"Enlaces P\u00e1rrafos\">Viernes 1\u00b0 de mayo: D\u00eda del Trabajo.<\/p>\n<div class=\"content_gpt_caja5\">\n<h2 id=\"gpt_caja5\" data-ads-name=\"\/28253241\/gestion\/web\/post\/peru\/caja5\" data-ads-dimensions-m=\"[[300, 100], [320, 50], [300, 50], [320, 100], [300, 250]]\" data-bloque=\"4\" data-prebid-enabled=\"true\"><b>Feriados de Junio:<\/b><\/h2>\n<\/div>\n<p class=\"story-contents__font-paragraph\" data-mrf-recirculation=\"Enlaces P\u00e1rrafos\">Domingo 7 de junio: Batalla de Arica y D\u00eda de la Bandera.<\/p>\n<p class=\"story-contents__font-paragraph\" data-mrf-recirculation=\"Enlaces P\u00e1rrafos\">Lunes 29 de junio: San Pedro y San Pablo.<\/p>\n<h2 class=\"story-contents__header\"><b>Feriados de Julio:<\/b><\/h2>\n<p class=\"story-contents__font-paragraph\" data-mrf-recirculation=\"Enlaces P\u00e1rrafos\">Jueves 23 de julio: D\u00eda de la Fuerza A\u00e9rea del Per\u00fa.<\/p>\n<p class=\"story-contents__font-paragraph\" data-mrf-recirculation=\"Enlaces P\u00e1rrafos\">Martes 28 de julio: Fiestas Patrias.<\/p>\n<p class=\"story-contents__font-paragraph\" data-mrf-recirculation=\"Enlaces P\u00e1rrafos\">Mi\u00e9rcoles 29 de julio: Fiestas Patrias.<\/p>\n<h2 class=\"story-contents__header\"><u><b>Feriados de Agosto:<\/b><\/u><\/h2>\n<ul class=\"story-contents__paragraph-list list-unordered\" data-mrf-recirculation=\"Te puede interesar footer\">\n<li>Jueves 6 de agosto: Batalla de Jun\u00edn.<\/li>\n<li>Domingo 30 de agosto: Santa Rosa de Lima.<\/li>\n<\/ul>\n<h2 class=\"story-contents__header\"><u><b>Feriados de Octubre:<\/b><\/u><\/h2>\n<ul class=\"story-contents__paragraph-list list-unordered\" data-mrf-recirculation=\"Te puede interesar footer\">\n<li>Jueves 8 de octubre: Combate de Angamos.<\/li>\n<\/ul>\n<h2 class=\"story-contents__header\"><u><b>Feriados de Noviembre:<\/b><\/u><\/h2>\n<ul class=\"story-contents__paragraph-list list-unordered\" data-mrf-recirculation=\"Te puede interesar footer\">\n<li>Domingo 1\u00b0 de noviembre: D\u00eda de Todos los Santos.<\/li>\n<\/ul>\n<h2 class=\"story-contents__header\"><u><b>Feriados de Diciembre:<\/b><\/u><\/h2>\n<ul class=\"story-contents__paragraph-list list-unordered\" data-mrf-recirculation=\"Te puede interesar footer\">\n<li>Martes 8 de diciembre: Inmaculada Concepci\u00f3n.<\/li>\n<li>Mi\u00e9rcoles 9 de diciembre: Batalla de Ayacucho.<\/li>\n<li>Viernes 25 de diciembre: Navidad.<\/li>\n<\/ul>\n<h2 class=\"story-contents__header\"><b>\u00bfCu\u00e1nto es la remuneraci\u00f3n durante un feriado?<\/b><\/h2>\n<p class=\"story-contents__font-paragraph\" data-mrf-recirculation=\"Enlaces P\u00e1rrafos\">La remuneraci\u00f3n en un feriado depende de si el trabajador labora o no. Si no trabaja en el feriado, recibe su remuneraci\u00f3n ordinaria por ese d\u00eda, proporcional a los d\u00edas trabajados durante la semana.<\/p>\n<p class=\"story-contents__font-paragraph\" data-mrf-recirculation=\"Enlaces P\u00e1rrafos\">En cambio, si realiza trabajo en un d\u00eda feriado, sin contar con un descanso sustitutorio, recibir\u00e1 el pago correspondiente al feriado m\u00e1s la remuneraci\u00f3n por el d\u00eda laborado, con un adicional del 100% de la tarifa habitual.<\/p>\n<p data-mrf-recirculation=\"Enlaces P\u00e1rrafos\">Fuente: DIARIO GESTI\u00d3N<\/p>\n","protected":false},"excerpt":{"rendered":"<p>Trabajadores contar\u00e1n con m\u00e1s de 15 d\u00edas libres a lo largo del 2026. Conoce cu\u00e1les: El 2026 tiene 16\u00a0feriados calendario, d\u00edas festivos de descanso<\/p>\n","protected":false},"author":1,"featured_media":18174,"comment_status":"open","ping_status":"open","sticky":false,"template":"","format":"standard","meta":{"footnotes":""},"categories":[4],"tags":[3271],"class_list":["post-18173","post","type-post","status-publish","format-standard","has-post-thumbnail","hentry","category-educacion","tag-minedu-salio-la-lista-de-feriados-y-fechas-festivas-no-laborables-para-el-ano-lectivo-2026"],"yoast_head":"<!-- This site is optimized with the Yoast SEO Premium plugin v21.2 (Yoast SEO v27.4) - https:\/\/yoast.com\/product\/yoast-seo-premium-wordpress\/ -->\n<title>\u25b7 Minedu: Sali\u00f3 la lista de feriados y fechas festivas no laborables para el a\u00f1o lectivo 2026 \u00a1ATENCI\u00d3N DOCENTE! \u2705<\/title>\n<meta name=\"description\" content=\"\u27a8 Minedu: Sali\u00f3 la lista de feriados y fechas festivas no laborables para el a\u00f1o lectivo 2026\" \/>\n<meta name=\"robots\" content=\"index, follow, max-snippet:-1, max-image-preview:large, max-video-preview:-1\" \/>\n<link rel=\"canonical\" href=\"https:\/\/amautaenlinea.com\/blog\/minedu-salio-la-lista-de-feriados-y-fechas-festivas-no-laborables-para-el-ano-lectivo-2026-atencion-docente\/\" \/>\n<meta property=\"og:locale\" content=\"es_ES\" \/>\n<meta property=\"og:type\" content=\"article\" \/>\n<meta property=\"og:title\" content=\"Minedu: Sali\u00f3 la lista de feriados y fechas festivas no laborables para el a\u00f1o lectivo 2026 \u00a1ATENCI\u00d3N DOCENTE!\" \/>\n<meta property=\"og:description\" content=\"\u27a8 Minedu: Sali\u00f3 la lista de feriados y fechas festivas no laborables para el a\u00f1o lectivo 2026\" \/>\n<meta property=\"og:url\" content=\"https:\/\/amautaenlinea.com\/blog\/minedu-salio-la-lista-de-feriados-y-fechas-festivas-no-laborables-para-el-ano-lectivo-2026-atencion-docente\/\" \/>\n<meta property=\"og:site_name\" content=\"Grupo AMAUTA\" \/>\n<meta property=\"article:publisher\" content=\"https:\/\/www.facebook.com\/amautaperu.org\/\" \/>\n<meta property=\"article:published_time\" content=\"2025-12-24T11:36:56+00:00\" \/>\n<meta property=\"og:image\" content=\"https:\/\/amautaenlinea.com\/blog\/wp-content\/uploads\/2025\/12\/Salio-la-lista-de-feriados-y-fechas-festivas-no-laborables-para-el-ano-lectivo-2026.png\" \/>\n\t<meta property=\"og:image:width\" content=\"1280\" \/>\n\t<meta property=\"og:image:height\" content=\"720\" \/>\n\t<meta property=\"og:image:type\" content=\"image\/png\" \/>\n<meta name=\"author\" content=\"Grupo AMAUTA EBUSINESS\" \/>\n<meta name=\"twitter:card\" content=\"summary_large_image\" \/>\n<script type=\"application\/ld+json\" class=\"yoast-schema-graph\">{\"@context\":\"https:\\\/\\\/schema.org\",\"@graph\":[{\"@type\":\"Article\",\"@id\":\"https:\\\/\\\/amautaenlinea.com\\\/blog\\\/minedu-salio-la-lista-de-feriados-y-fechas-festivas-no-laborables-para-el-ano-lectivo-2026-atencion-docente\\\/#article\",\"isPartOf\":{\"@id\":\"https:\\\/\\\/amautaenlinea.com\\\/blog\\\/minedu-salio-la-lista-de-feriados-y-fechas-festivas-no-laborables-para-el-ano-lectivo-2026-atencion-docente\\\/\"},\"author\":{\"name\":\"Grupo AMAUTA EBUSINESS\",\"@id\":\"https:\\\/\\\/amautaenlinea.com\\\/blog\\\/#\\\/schema\\\/person\\\/d8d4b5d672e9edb72a6f23fd40dd31d5\"},\"headline\":\"Minedu: Sali\u00f3 la lista de feriados y fechas festivas no laborables para el a\u00f1o lectivo 2026 \u00a1ATENCI\u00d3N DOCENTE!\",\"datePublished\":\"2025-12-24T11:36:56+00:00\",\"mainEntityOfPage\":{\"@id\":\"https:\\\/\\\/amautaenlinea.com\\\/blog\\\/minedu-salio-la-lista-de-feriados-y-fechas-festivas-no-laborables-para-el-ano-lectivo-2026-atencion-docente\\\/\"},\"wordCount\":474,\"commentCount\":0,\"publisher\":{\"@id\":\"https:\\\/\\\/amautaenlinea.com\\\/blog\\\/#organization\"},\"image\":{\"@id\":\"https:\\\/\\\/amautaenlinea.com\\\/blog\\\/minedu-salio-la-lista-de-feriados-y-fechas-festivas-no-laborables-para-el-ano-lectivo-2026-atencion-docente\\\/#primaryimage\"},\"thumbnailUrl\":\"https:\\\/\\\/amautaenlinea.com\\\/blog\\\/wp-content\\\/uploads\\\/2025\\\/12\\\/Salio-la-lista-de-feriados-y-fechas-festivas-no-laborables-para-el-ano-lectivo-2026.png\",\"keywords\":[\"Minedu: Sali\u00f3 la lista de feriados y fechas festivas no laborables para el a\u00f1o lectivo 2026\"],\"articleSection\":[\"Educaci\u00f3n\"],\"inLanguage\":\"es\",\"potentialAction\":[{\"@type\":\"CommentAction\",\"name\":\"Comment\",\"target\":[\"https:\\\/\\\/amautaenlinea.com\\\/blog\\\/minedu-salio-la-lista-de-feriados-y-fechas-festivas-no-laborables-para-el-ano-lectivo-2026-atencion-docente\\\/#respond\"]}],\"copyrightYear\":\"2025\",\"copyrightHolder\":{\"@id\":\"https:\\\/\\\/amautaenlinea.com\\\/blog\\\/#organization\"}},{\"@type\":\"WebPage\",\"@id\":\"https:\\\/\\\/amautaenlinea.com\\\/blog\\\/minedu-salio-la-lista-de-feriados-y-fechas-festivas-no-laborables-para-el-ano-lectivo-2026-atencion-docente\\\/\",\"url\":\"https:\\\/\\\/amautaenlinea.com\\\/blog\\\/minedu-salio-la-lista-de-feriados-y-fechas-festivas-no-laborables-para-el-ano-lectivo-2026-atencion-docente\\\/\",\"name\":\"\u25b7 Minedu: Sali\u00f3 la lista de feriados y fechas festivas no laborables para el a\u00f1o lectivo 2026 \u00a1ATENCI\u00d3N DOCENTE! \u2705\",\"isPartOf\":{\"@id\":\"https:\\\/\\\/amautaenlinea.com\\\/blog\\\/#website\"},\"primaryImageOfPage\":{\"@id\":\"https:\\\/\\\/amautaenlinea.com\\\/blog\\\/minedu-salio-la-lista-de-feriados-y-fechas-festivas-no-laborables-para-el-ano-lectivo-2026-atencion-docente\\\/#primaryimage\"},\"image\":{\"@id\":\"https:\\\/\\\/amautaenlinea.com\\\/blog\\\/minedu-salio-la-lista-de-feriados-y-fechas-festivas-no-laborables-para-el-ano-lectivo-2026-atencion-docente\\\/#primaryimage\"},\"thumbnailUrl\":\"https:\\\/\\\/amautaenlinea.com\\\/blog\\\/wp-content\\\/uploads\\\/2025\\\/12\\\/Salio-la-lista-de-feriados-y-fechas-festivas-no-laborables-para-el-ano-lectivo-2026.png\",\"datePublished\":\"2025-12-24T11:36:56+00:00\",\"description\":\"\u27a8 Minedu: Sali\u00f3 la lista de feriados y fechas festivas no laborables para el a\u00f1o lectivo 2026\",\"breadcrumb\":{\"@id\":\"https:\\\/\\\/amautaenlinea.com\\\/blog\\\/minedu-salio-la-lista-de-feriados-y-fechas-festivas-no-laborables-para-el-ano-lectivo-2026-atencion-docente\\\/#breadcrumb\"},\"inLanguage\":\"es\",\"potentialAction\":[{\"@type\":\"ReadAction\",\"target\":[\"https:\\\/\\\/amautaenlinea.com\\\/blog\\\/minedu-salio-la-lista-de-feriados-y-fechas-festivas-no-laborables-para-el-ano-lectivo-2026-atencion-docente\\\/\"]}]},{\"@type\":\"ImageObject\",\"inLanguage\":\"es\",\"@id\":\"https:\\\/\\\/amautaenlinea.com\\\/blog\\\/minedu-salio-la-lista-de-feriados-y-fechas-festivas-no-laborables-para-el-ano-lectivo-2026-atencion-docente\\\/#primaryimage\",\"url\":\"https:\\\/\\\/amautaenlinea.com\\\/blog\\\/wp-content\\\/uploads\\\/2025\\\/12\\\/Salio-la-lista-de-feriados-y-fechas-festivas-no-laborables-para-el-ano-lectivo-2026.png\",\"contentUrl\":\"https:\\\/\\\/amautaenlinea.com\\\/blog\\\/wp-content\\\/uploads\\\/2025\\\/12\\\/Salio-la-lista-de-feriados-y-fechas-festivas-no-laborables-para-el-ano-lectivo-2026.png\",\"width\":1280,\"height\":720},{\"@type\":\"BreadcrumbList\",\"@id\":\"https:\\\/\\\/amautaenlinea.com\\\/blog\\\/minedu-salio-la-lista-de-feriados-y-fechas-festivas-no-laborables-para-el-ano-lectivo-2026-atencion-docente\\\/#breadcrumb\",\"itemListElement\":[{\"@type\":\"ListItem\",\"position\":1,\"name\":\"Portada\",\"item\":\"https:\\\/\\\/amautaenlinea.com\\\/blog\\\/\"},{\"@type\":\"ListItem\",\"position\":2,\"name\":\"Minedu: Sali\u00f3 la lista de feriados y fechas festivas no laborables para el a\u00f1o lectivo 2026 \u00a1ATENCI\u00d3N DOCENTE!\"}]},{\"@type\":\"WebSite\",\"@id\":\"https:\\\/\\\/amautaenlinea.com\\\/blog\\\/#website\",\"url\":\"https:\\\/\\\/amautaenlinea.com\\\/blog\\\/\",\"name\":\"Grupo AMAUTA\",\"description\":\"\",\"publisher\":{\"@id\":\"https:\\\/\\\/amautaenlinea.com\\\/blog\\\/#organization\"},\"potentialAction\":[{\"@type\":\"SearchAction\",\"target\":{\"@type\":\"EntryPoint\",\"urlTemplate\":\"https:\\\/\\\/amautaenlinea.com\\\/blog\\\/?s={search_term_string}\"},\"query-input\":{\"@type\":\"PropertyValueSpecification\",\"valueRequired\":true,\"valueName\":\"search_term_string\"}}],\"inLanguage\":\"es\"},{\"@type\":\"Organization\",\"@id\":\"https:\\\/\\\/amautaenlinea.com\\\/blog\\\/#organization\",\"name\":\"Grupo AMAUTA E-BUSINESS\",\"url\":\"https:\\\/\\\/amautaenlinea.com\\\/blog\\\/\",\"logo\":{\"@type\":\"ImageObject\",\"inLanguage\":\"es\",\"@id\":\"https:\\\/\\\/amautaenlinea.com\\\/blog\\\/#\\\/schema\\\/logo\\\/image\\\/\",\"url\":\"https:\\\/\\\/amautaenlinea.com\\\/blog\\\/wp-content\\\/uploads\\\/2023\\\/09\\\/logo-amauta.png\",\"contentUrl\":\"https:\\\/\\\/amautaenlinea.com\\\/blog\\\/wp-content\\\/uploads\\\/2023\\\/09\\\/logo-amauta.png\",\"width\":1124,\"height\":368,\"caption\":\"Grupo AMAUTA E-BUSINESS\"},\"image\":{\"@id\":\"https:\\\/\\\/amautaenlinea.com\\\/blog\\\/#\\\/schema\\\/logo\\\/image\\\/\"},\"sameAs\":[\"https:\\\/\\\/www.facebook.com\\\/amautaperu.org\\\/\"]},{\"@type\":\"Person\",\"@id\":\"https:\\\/\\\/amautaenlinea.com\\\/blog\\\/#\\\/schema\\\/person\\\/d8d4b5d672e9edb72a6f23fd40dd31d5\",\"name\":\"Grupo AMAUTA EBUSINESS\",\"image\":{\"@type\":\"ImageObject\",\"inLanguage\":\"es\",\"@id\":\"https:\\\/\\\/secure.gravatar.com\\\/avatar\\\/97706b54c222a710310e2db50e02e68de0a4c8bb76654bcc4053b08241c6bd6c?s=96&d=mm&r=g\",\"url\":\"https:\\\/\\\/secure.gravatar.com\\\/avatar\\\/97706b54c222a710310e2db50e02e68de0a4c8bb76654bcc4053b08241c6bd6c?s=96&d=mm&r=g\",\"contentUrl\":\"https:\\\/\\\/secure.gravatar.com\\\/avatar\\\/97706b54c222a710310e2db50e02e68de0a4c8bb76654bcc4053b08241c6bd6c?s=96&d=mm&r=g\",\"caption\":\"Grupo AMAUTA EBUSINESS\"}}]}<\/script>\n<!-- \/ Yoast SEO Premium plugin. -->","yoast_head_json":{"title":"\u25b7 Minedu: Sali\u00f3 la lista de feriados y fechas festivas no laborables para el a\u00f1o lectivo 2026 \u00a1ATENCI\u00d3N DOCENTE! \u2705","description":"\u27a8 Minedu: Sali\u00f3 la lista de feriados y fechas festivas no laborables para el a\u00f1o lectivo 2026","robots":{"index":"index","follow":"follow","max-snippet":"max-snippet:-1","max-image-preview":"max-image-preview:large","max-video-preview":"max-video-preview:-1"},"canonical":"https:\/\/amautaenlinea.com\/blog\/minedu-salio-la-lista-de-feriados-y-fechas-festivas-no-laborables-para-el-ano-lectivo-2026-atencion-docente\/","og_locale":"es_ES","og_type":"article","og_title":"Minedu: Sali\u00f3 la lista de feriados y fechas festivas no laborables para el a\u00f1o lectivo 2026 \u00a1ATENCI\u00d3N DOCENTE!","og_description":"\u27a8 Minedu: Sali\u00f3 la lista de feriados y fechas festivas no laborables para el a\u00f1o lectivo 2026","og_url":"https:\/\/amautaenlinea.com\/blog\/minedu-salio-la-lista-de-feriados-y-fechas-festivas-no-laborables-para-el-ano-lectivo-2026-atencion-docente\/","og_site_name":"Grupo AMAUTA","article_publisher":"https:\/\/www.facebook.com\/amautaperu.org\/","article_published_time":"2025-12-24T11:36:56+00:00","og_image":[{"width":1280,"height":720,"url":"https:\/\/amautaenlinea.com\/blog\/wp-content\/uploads\/2025\/12\/Salio-la-lista-de-feriados-y-fechas-festivas-no-laborables-para-el-ano-lectivo-2026.png","type":"image\/png"}],"author":"Grupo AMAUTA EBUSINESS","twitter_card":"summary_large_image","schema":{"@context":"https:\/\/schema.org","@graph":[{"@type":"Article","@id":"https:\/\/amautaenlinea.com\/blog\/minedu-salio-la-lista-de-feriados-y-fechas-festivas-no-laborables-para-el-ano-lectivo-2026-atencion-docente\/#article","isPartOf":{"@id":"https:\/\/amautaenlinea.com\/blog\/minedu-salio-la-lista-de-feriados-y-fechas-festivas-no-laborables-para-el-ano-lectivo-2026-atencion-docente\/"},"author":{"name":"Grupo AMAUTA EBUSINESS","@id":"https:\/\/amautaenlinea.com\/blog\/#\/schema\/person\/d8d4b5d672e9edb72a6f23fd40dd31d5"},"headline":"Minedu: Sali\u00f3 la lista de feriados y fechas festivas no laborables para el a\u00f1o lectivo 2026 \u00a1ATENCI\u00d3N DOCENTE!","datePublished":"2025-12-24T11:36:56+00:00","mainEntityOfPage":{"@id":"https:\/\/amautaenlinea.com\/blog\/minedu-salio-la-lista-de-feriados-y-fechas-festivas-no-laborables-para-el-ano-lectivo-2026-atencion-docente\/"},"wordCount":474,"commentCount":0,"publisher":{"@id":"https:\/\/amautaenlinea.com\/blog\/#organization"},"image":{"@id":"https:\/\/amautaenlinea.com\/blog\/minedu-salio-la-lista-de-feriados-y-fechas-festivas-no-laborables-para-el-ano-lectivo-2026-atencion-docente\/#primaryimage"},"thumbnailUrl":"https:\/\/amautaenlinea.com\/blog\/wp-content\/uploads\/2025\/12\/Salio-la-lista-de-feriados-y-fechas-festivas-no-laborables-para-el-ano-lectivo-2026.png","keywords":["Minedu: Sali\u00f3 la lista de feriados y fechas festivas no laborables para el a\u00f1o lectivo 2026"],"articleSection":["Educaci\u00f3n"],"inLanguage":"es","potentialAction":[{"@type":"CommentAction","name":"Comment","target":["https:\/\/amautaenlinea.com\/blog\/minedu-salio-la-lista-de-feriados-y-fechas-festivas-no-laborables-para-el-ano-lectivo-2026-atencion-docente\/#respond"]}],"copyrightYear":"2025","copyrightHolder":{"@id":"https:\/\/amautaenlinea.com\/blog\/#organization"}},{"@type":"WebPage","@id":"https:\/\/amautaenlinea.com\/blog\/minedu-salio-la-lista-de-feriados-y-fechas-festivas-no-laborables-para-el-ano-lectivo-2026-atencion-docente\/","url":"https:\/\/amautaenlinea.com\/blog\/minedu-salio-la-lista-de-feriados-y-fechas-festivas-no-laborables-para-el-ano-lectivo-2026-atencion-docente\/","name":"\u25b7 Minedu: Sali\u00f3 la lista de feriados y fechas festivas no laborables para el a\u00f1o lectivo 2026 \u00a1ATENCI\u00d3N DOCENTE! \u2705","isPartOf":{"@id":"https:\/\/amautaenlinea.com\/blog\/#website"},"primaryImageOfPage":{"@id":"https:\/\/amautaenlinea.com\/blog\/minedu-salio-la-lista-de-feriados-y-fechas-festivas-no-laborables-para-el-ano-lectivo-2026-atencion-docente\/#primaryimage"},"image":{"@id":"https:\/\/amautaenlinea.com\/blog\/minedu-salio-la-lista-de-feriados-y-fechas-festivas-no-laborables-para-el-ano-lectivo-2026-atencion-docente\/#primaryimage"},"thumbnailUrl":"https:\/\/amautaenlinea.com\/blog\/wp-content\/uploads\/2025\/12\/Salio-la-lista-de-feriados-y-fechas-festivas-no-laborables-para-el-ano-lectivo-2026.png","datePublished":"2025-12-24T11:36:56+00:00","description":"\u27a8 Minedu: Sali\u00f3 la lista de feriados y fechas festivas no laborables para el a\u00f1o lectivo 2026","breadcrumb":{"@id":"https:\/\/amautaenlinea.com\/blog\/minedu-salio-la-lista-de-feriados-y-fechas-festivas-no-laborables-para-el-ano-lectivo-2026-atencion-docente\/#breadcrumb"},"inLanguage":"es","potentialAction":[{"@type":"ReadAction","target":["https:\/\/amautaenlinea.com\/blog\/minedu-salio-la-lista-de-feriados-y-fechas-festivas-no-laborables-para-el-ano-lectivo-2026-atencion-docente\/"]}]},{"@type":"ImageObject","inLanguage":"es","@id":"https:\/\/amautaenlinea.com\/blog\/minedu-salio-la-lista-de-feriados-y-fechas-festivas-no-laborables-para-el-ano-lectivo-2026-atencion-docente\/#primaryimage","url":"https:\/\/amautaenlinea.com\/blog\/wp-content\/uploads\/2025\/12\/Salio-la-lista-de-feriados-y-fechas-festivas-no-laborables-para-el-ano-lectivo-2026.png","contentUrl":"https:\/\/amautaenlinea.com\/blog\/wp-content\/uploads\/2025\/12\/Salio-la-lista-de-feriados-y-fechas-festivas-no-laborables-para-el-ano-lectivo-2026.png","width":1280,"height":720},{"@type":"BreadcrumbList","@id":"https:\/\/amautaenlinea.com\/blog\/minedu-salio-la-lista-de-feriados-y-fechas-festivas-no-laborables-para-el-ano-lectivo-2026-atencion-docente\/#breadcrumb","itemListElement":[{"@type":"ListItem","position":1,"name":"Portada","item":"https:\/\/amautaenlinea.com\/blog\/"},{"@type":"ListItem","position":2,"name":"Minedu: Sali\u00f3 la lista de feriados y fechas festivas no laborables para el a\u00f1o lectivo 2026 \u00a1ATENCI\u00d3N DOCENTE!"}]},{"@type":"WebSite","@id":"https:\/\/amautaenlinea.com\/blog\/#website","url":"https:\/\/amautaenlinea.com\/blog\/","name":"Grupo AMAUTA","description":"","publisher":{"@id":"https:\/\/amautaenlinea.com\/blog\/#organization"},"potentialAction":[{"@type":"SearchAction","target":{"@type":"EntryPoint","urlTemplate":"https:\/\/amautaenlinea.com\/blog\/?s={search_term_string}"},"query-input":{"@type":"PropertyValueSpecification","valueRequired":true,"valueName":"search_term_string"}}],"inLanguage":"es"},{"@type":"Organization","@id":"https:\/\/amautaenlinea.com\/blog\/#organization","name":"Grupo AMAUTA E-BUSINESS","url":"https:\/\/amautaenlinea.com\/blog\/","logo":{"@type":"ImageObject","inLanguage":"es","@id":"https:\/\/amautaenlinea.com\/blog\/#\/schema\/logo\/image\/","url":"https:\/\/amautaenlinea.com\/blog\/wp-content\/uploads\/2023\/09\/logo-amauta.png","contentUrl":"https:\/\/amautaenlinea.com\/blog\/wp-content\/uploads\/2023\/09\/logo-amauta.png","width":1124,"height":368,"caption":"Grupo AMAUTA E-BUSINESS"},"image":{"@id":"https:\/\/amautaenlinea.com\/blog\/#\/schema\/logo\/image\/"},"sameAs":["https:\/\/www.facebook.com\/amautaperu.org\/"]},{"@type":"Person","@id":"https:\/\/amautaenlinea.com\/blog\/#\/schema\/person\/d8d4b5d672e9edb72a6f23fd40dd31d5","name":"Grupo AMAUTA EBUSINESS","image":{"@type":"ImageObject","inLanguage":"es","@id":"https:\/\/secure.gravatar.com\/avatar\/97706b54c222a710310e2db50e02e68de0a4c8bb76654bcc4053b08241c6bd6c?s=96&d=mm&r=g","url":"https:\/\/secure.gravatar.com\/avatar\/97706b54c222a710310e2db50e02e68de0a4c8bb76654bcc4053b08241c6bd6c?s=96&d=mm&r=g","contentUrl":"https:\/\/secure.gravatar.com\/avatar\/97706b54c222a710310e2db50e02e68de0a4c8bb76654bcc4053b08241c6bd6c?s=96&d=mm&r=g","caption":"Grupo AMAUTA EBUSINESS"}}]}},"_links":{"self":[{"href":"https:\/\/amautaenlinea.com\/blog\/wp-json\/wp\/v2\/posts\/18173","targetHints":{"allow":["GET"]}}],"collection":[{"href":"https:\/\/amautaenlinea.com\/blog\/wp-json\/wp\/v2\/posts"}],"about":[{"href":"https:\/\/amautaenlinea.com\/blog\/wp-json\/wp\/v2\/types\/post"}],"author":[{"embeddable":true,"href":"https:\/\/amautaenlinea.com\/blog\/wp-json\/wp\/v2\/users\/1"}],"replies":[{"embeddable":true,"href":"https:\/\/amautaenlinea.com\/blog\/wp-json\/wp\/v2\/comments?post=18173"}],"version-history":[{"count":1,"href":"https:\/\/amautaenlinea.com\/blog\/wp-json\/wp\/v2\/posts\/18173\/revisions"}],"predecessor-version":[{"id":18175,"href":"https:\/\/amautaenlinea.com\/blog\/wp-json\/wp\/v2\/posts\/18173\/revisions\/18175"}],"wp:featuredmedia":[{"embeddable":true,"href":"https:\/\/amautaenlinea.com\/blog\/wp-json\/wp\/v2\/media\/18174"}],"wp:attachment":[{"href":"https:\/\/amautaenlinea.com\/blog\/wp-json\/wp\/v2\/media?parent=18173"}],"wp:term":[{"taxonomy":"category","embeddable":true,"href":"https:\/\/amautaenlinea.com\/blog\/wp-json\/wp\/v2\/categories?post=18173"},{"taxonomy":"post_tag","embeddable":true,"href":"https:\/\/amautaenlinea.com\/blog\/wp-json\/wp\/v2\/tags?post=18173"}],"curies":[{"name":"wp","href":"https:\/\/api.w.org\/{rel}","templated":true}]}}