{"id":18165,"date":"2025-12-23T05:33:50","date_gmt":"2025-12-23T10:33:50","guid":{"rendered":"https:\/\/amautaenlinea.com\/blog\/?p=18165"},"modified":"2025-12-23T05:33:50","modified_gmt":"2025-12-23T10:33:50","slug":"minedu-como-docente-contratado-en-que-mes-estaria-recibiendo-mi-cts-y-como-docente-nombrado-cuando-cese-cuanto-estaria-recibiendo","status":"publish","type":"post","link":"https:\/\/amautaenlinea.com\/blog\/minedu-como-docente-contratado-en-que-mes-estaria-recibiendo-mi-cts-y-como-docente-nombrado-cuando-cese-cuanto-estaria-recibiendo\/","title":{"rendered":"Minedu: \u00bfC\u00f3mo docente contratado en que mes estar\u00eda recibiendo mi CTS y como docente nombrado cuando cese cuanto estar\u00eda recibiendo?"},"content":{"rendered":"<p>Estimados docentes muchos docentes por la finalizaci\u00f3n del a\u00f1o escolar 2025 se preguntan \u00bfCu\u00e1nto estar\u00eda recibiendo mi cts como docente de primera escala y siendo contratado?<\/p>\n<p>La respuesta a esta pregunta ser\u00eda que la CTS se entregar\u00eda a los docentes contratados en el <strong>mes de febrero del 2025<\/strong> ya que en marzo empieza un nuevo periodo y por lo tanto el Minedu no deber\u00eda tener deudas con ning\u00fan maestro.<\/p>\n<h2>\u00bfCu\u00e1nto estar\u00eda recibiendo un docente nombrado cuando cesa de acuerdo a su escala magisterial?<\/h2>\n<p><img loading=\"lazy\" decoding=\"async\" class=\"alignnone size-medium wp-image-18166\" src=\"https:\/\/amautaenlinea.com\/blog\/wp-content\/uploads\/2025\/12\/CTS-para-docentes-nombrados-y-contratados-300x143.jpg\" alt=\"\" width=\"300\" height=\"143\" srcset=\"https:\/\/amautaenlinea.com\/blog\/wp-content\/uploads\/2025\/12\/CTS-para-docentes-nombrados-y-contratados-300x143.jpg 300w, https:\/\/amautaenlinea.com\/blog\/wp-content\/uploads\/2025\/12\/CTS-para-docentes-nombrados-y-contratados-1024x488.jpg 1024w, https:\/\/amautaenlinea.com\/blog\/wp-content\/uploads\/2025\/12\/CTS-para-docentes-nombrados-y-contratados-768x366.jpg 768w, https:\/\/amautaenlinea.com\/blog\/wp-content\/uploads\/2025\/12\/CTS-para-docentes-nombrados-y-contratados.jpg 1111w\" sizes=\"auto, (max-width: 300px) 100vw, 300px\" \/><\/p>\n<p>&nbsp;<\/p>\n","protected":false},"excerpt":{"rendered":"<p>Estimados docentes muchos docentes por la finalizaci\u00f3n del a\u00f1o escolar 2025 se preguntan \u00bfCu\u00e1nto estar\u00eda recibiendo mi cts como docente de primera escala y<\/p>\n","protected":false},"author":1,"featured_media":18167,"comment_status":"open","ping_status":"open","sticky":false,"template":"","format":"standard","meta":{"footnotes":""},"categories":[4],"tags":[3269],"class_list":["post-18165","post","type-post","status-publish","format-standard","has-post-thumbnail","hentry","category-educacion","tag-como-docente-contratado-en-que-mes-estaria-recibiendo-mi-cts-y-como-docente-nombrado-cuando-cese-cuanto-estaria-recibiendo"],"yoast_head":"<!-- This site is optimized with the Yoast SEO Premium plugin v21.2 (Yoast SEO v27.4) - https:\/\/yoast.com\/product\/yoast-seo-premium-wordpress\/ -->\n<title>\u25b7 Minedu: \u00bfC\u00f3mo docente contratado en que mes estar\u00eda recibiendo mi CTS y como docente nombrado cuando cese cuanto estar\u00eda recibiendo? \u2705<\/title>\n<meta name=\"description\" content=\"\u27a8 C\u00f3mo docente contratado en que mes estar\u00eda recibiendo mi CTS y como docente nombrado cuando cese cuanto estar\u00eda recibiendo\" \/>\n<meta name=\"robots\" content=\"index, follow, max-snippet:-1, max-image-preview:large, max-video-preview:-1\" \/>\n<link rel=\"canonical\" href=\"https:\/\/amautaenlinea.com\/blog\/minedu-como-docente-contratado-en-que-mes-estaria-recibiendo-mi-cts-y-como-docente-nombrado-cuando-cese-cuanto-estaria-recibiendo\/\" \/>\n<meta property=\"og:locale\" content=\"es_ES\" \/>\n<meta property=\"og:type\" content=\"article\" \/>\n<meta property=\"og:title\" content=\"Minedu: \u00bfC\u00f3mo docente contratado en que mes estar\u00eda recibiendo mi CTS y como docente nombrado cuando cese cuanto estar\u00eda recibiendo?\" \/>\n<meta property=\"og:description\" content=\"\u27a8 C\u00f3mo docente contratado en que mes estar\u00eda recibiendo mi CTS y como docente nombrado cuando cese cuanto estar\u00eda recibiendo\" \/>\n<meta property=\"og:url\" content=\"https:\/\/amautaenlinea.com\/blog\/minedu-como-docente-contratado-en-que-mes-estaria-recibiendo-mi-cts-y-como-docente-nombrado-cuando-cese-cuanto-estaria-recibiendo\/\" \/>\n<meta property=\"og:site_name\" content=\"Grupo AMAUTA\" \/>\n<meta property=\"article:publisher\" content=\"https:\/\/www.facebook.com\/amautaperu.org\/\" \/>\n<meta property=\"article:published_time\" content=\"2025-12-23T10:33:50+00:00\" \/>\n<meta property=\"og:image\" content=\"https:\/\/amautaenlinea.com\/blog\/wp-content\/uploads\/2025\/12\/Como-docente-contratado-en-que-mes-estaria-recibiendo-mi-CTS-y-como-docente-nombrado-cuando-ceso-cuanto-estaria-recibiendo.png\" \/>\n\t<meta property=\"og:image:width\" content=\"1280\" \/>\n\t<meta property=\"og:image:height\" content=\"720\" \/>\n\t<meta property=\"og:image:type\" content=\"image\/png\" \/>\n<meta name=\"author\" content=\"Grupo AMAUTA EBUSINESS\" \/>\n<meta name=\"twitter:card\" content=\"summary_large_image\" \/>\n<script type=\"application\/ld+json\" class=\"yoast-schema-graph\">{\"@context\":\"https:\\\/\\\/schema.org\",\"@graph\":[{\"@type\":\"Article\",\"@id\":\"https:\\\/\\\/amautaenlinea.com\\\/blog\\\/minedu-como-docente-contratado-en-que-mes-estaria-recibiendo-mi-cts-y-como-docente-nombrado-cuando-cese-cuanto-estaria-recibiendo\\\/#article\",\"isPartOf\":{\"@id\":\"https:\\\/\\\/amautaenlinea.com\\\/blog\\\/minedu-como-docente-contratado-en-que-mes-estaria-recibiendo-mi-cts-y-como-docente-nombrado-cuando-cese-cuanto-estaria-recibiendo\\\/\"},\"author\":{\"name\":\"Grupo AMAUTA EBUSINESS\",\"@id\":\"https:\\\/\\\/amautaenlinea.com\\\/blog\\\/#\\\/schema\\\/person\\\/d8d4b5d672e9edb72a6f23fd40dd31d5\"},\"headline\":\"Minedu: \u00bfC\u00f3mo docente contratado en que mes estar\u00eda recibiendo mi CTS y como docente nombrado cuando cese cuanto estar\u00eda recibiendo?\",\"datePublished\":\"2025-12-23T10:33:50+00:00\",\"mainEntityOfPage\":{\"@id\":\"https:\\\/\\\/amautaenlinea.com\\\/blog\\\/minedu-como-docente-contratado-en-que-mes-estaria-recibiendo-mi-cts-y-como-docente-nombrado-cuando-cese-cuanto-estaria-recibiendo\\\/\"},\"wordCount\":115,\"commentCount\":0,\"publisher\":{\"@id\":\"https:\\\/\\\/amautaenlinea.com\\\/blog\\\/#organization\"},\"image\":{\"@id\":\"https:\\\/\\\/amautaenlinea.com\\\/blog\\\/minedu-como-docente-contratado-en-que-mes-estaria-recibiendo-mi-cts-y-como-docente-nombrado-cuando-cese-cuanto-estaria-recibiendo\\\/#primaryimage\"},\"thumbnailUrl\":\"https:\\\/\\\/amautaenlinea.com\\\/blog\\\/wp-content\\\/uploads\\\/2025\\\/12\\\/Como-docente-contratado-en-que-mes-estaria-recibiendo-mi-CTS-y-como-docente-nombrado-cuando-ceso-cuanto-estaria-recibiendo.png\",\"keywords\":[\"C\u00f3mo docente contratado en que mes estar\u00eda recibiendo mi CTS y como docente nombrado cuando cese cuanto estar\u00eda recibiendo\"],\"articleSection\":[\"Educaci\u00f3n\"],\"inLanguage\":\"es\",\"potentialAction\":[{\"@type\":\"CommentAction\",\"name\":\"Comment\",\"target\":[\"https:\\\/\\\/amautaenlinea.com\\\/blog\\\/minedu-como-docente-contratado-en-que-mes-estaria-recibiendo-mi-cts-y-como-docente-nombrado-cuando-cese-cuanto-estaria-recibiendo\\\/#respond\"]}],\"copyrightYear\":\"2025\",\"copyrightHolder\":{\"@id\":\"https:\\\/\\\/amautaenlinea.com\\\/blog\\\/#organization\"}},{\"@type\":\"WebPage\",\"@id\":\"https:\\\/\\\/amautaenlinea.com\\\/blog\\\/minedu-como-docente-contratado-en-que-mes-estaria-recibiendo-mi-cts-y-como-docente-nombrado-cuando-cese-cuanto-estaria-recibiendo\\\/\",\"url\":\"https:\\\/\\\/amautaenlinea.com\\\/blog\\\/minedu-como-docente-contratado-en-que-mes-estaria-recibiendo-mi-cts-y-como-docente-nombrado-cuando-cese-cuanto-estaria-recibiendo\\\/\",\"name\":\"\u25b7 Minedu: \u00bfC\u00f3mo docente contratado en que mes estar\u00eda recibiendo mi CTS y como docente nombrado cuando cese cuanto estar\u00eda recibiendo? \u2705\",\"isPartOf\":{\"@id\":\"https:\\\/\\\/amautaenlinea.com\\\/blog\\\/#website\"},\"primaryImageOfPage\":{\"@id\":\"https:\\\/\\\/amautaenlinea.com\\\/blog\\\/minedu-como-docente-contratado-en-que-mes-estaria-recibiendo-mi-cts-y-como-docente-nombrado-cuando-cese-cuanto-estaria-recibiendo\\\/#primaryimage\"},\"image\":{\"@id\":\"https:\\\/\\\/amautaenlinea.com\\\/blog\\\/minedu-como-docente-contratado-en-que-mes-estaria-recibiendo-mi-cts-y-como-docente-nombrado-cuando-cese-cuanto-estaria-recibiendo\\\/#primaryimage\"},\"thumbnailUrl\":\"https:\\\/\\\/amautaenlinea.com\\\/blog\\\/wp-content\\\/uploads\\\/2025\\\/12\\\/Como-docente-contratado-en-que-mes-estaria-recibiendo-mi-CTS-y-como-docente-nombrado-cuando-ceso-cuanto-estaria-recibiendo.png\",\"datePublished\":\"2025-12-23T10:33:50+00:00\",\"description\":\"\u27a8 C\u00f3mo docente contratado en que mes estar\u00eda recibiendo mi CTS y como docente nombrado cuando cese cuanto estar\u00eda recibiendo\",\"breadcrumb\":{\"@id\":\"https:\\\/\\\/amautaenlinea.com\\\/blog\\\/minedu-como-docente-contratado-en-que-mes-estaria-recibiendo-mi-cts-y-como-docente-nombrado-cuando-cese-cuanto-estaria-recibiendo\\\/#breadcrumb\"},\"inLanguage\":\"es\",\"potentialAction\":[{\"@type\":\"ReadAction\",\"target\":[\"https:\\\/\\\/amautaenlinea.com\\\/blog\\\/minedu-como-docente-contratado-en-que-mes-estaria-recibiendo-mi-cts-y-como-docente-nombrado-cuando-cese-cuanto-estaria-recibiendo\\\/\"]}]},{\"@type\":\"ImageObject\",\"inLanguage\":\"es\",\"@id\":\"https:\\\/\\\/amautaenlinea.com\\\/blog\\\/minedu-como-docente-contratado-en-que-mes-estaria-recibiendo-mi-cts-y-como-docente-nombrado-cuando-cese-cuanto-estaria-recibiendo\\\/#primaryimage\",\"url\":\"https:\\\/\\\/amautaenlinea.com\\\/blog\\\/wp-content\\\/uploads\\\/2025\\\/12\\\/Como-docente-contratado-en-que-mes-estaria-recibiendo-mi-CTS-y-como-docente-nombrado-cuando-ceso-cuanto-estaria-recibiendo.png\",\"contentUrl\":\"https:\\\/\\\/amautaenlinea.com\\\/blog\\\/wp-content\\\/uploads\\\/2025\\\/12\\\/Como-docente-contratado-en-que-mes-estaria-recibiendo-mi-CTS-y-como-docente-nombrado-cuando-ceso-cuanto-estaria-recibiendo.png\",\"width\":1280,\"height\":720},{\"@type\":\"BreadcrumbList\",\"@id\":\"https:\\\/\\\/amautaenlinea.com\\\/blog\\\/minedu-como-docente-contratado-en-que-mes-estaria-recibiendo-mi-cts-y-como-docente-nombrado-cuando-cese-cuanto-estaria-recibiendo\\\/#breadcrumb\",\"itemListElement\":[{\"@type\":\"ListItem\",\"position\":1,\"name\":\"Portada\",\"item\":\"https:\\\/\\\/amautaenlinea.com\\\/blog\\\/\"},{\"@type\":\"ListItem\",\"position\":2,\"name\":\"Minedu: \u00bfC\u00f3mo docente contratado en que mes estar\u00eda recibiendo mi CTS y como docente nombrado cuando cese cuanto estar\u00eda recibiendo?\"}]},{\"@type\":\"WebSite\",\"@id\":\"https:\\\/\\\/amautaenlinea.com\\\/blog\\\/#website\",\"url\":\"https:\\\/\\\/amautaenlinea.com\\\/blog\\\/\",\"name\":\"Grupo AMAUTA\",\"description\":\"\",\"publisher\":{\"@id\":\"https:\\\/\\\/amautaenlinea.com\\\/blog\\\/#organization\"},\"potentialAction\":[{\"@type\":\"SearchAction\",\"target\":{\"@type\":\"EntryPoint\",\"urlTemplate\":\"https:\\\/\\\/amautaenlinea.com\\\/blog\\\/?s={search_term_string}\"},\"query-input\":{\"@type\":\"PropertyValueSpecification\",\"valueRequired\":true,\"valueName\":\"search_term_string\"}}],\"inLanguage\":\"es\"},{\"@type\":\"Organization\",\"@id\":\"https:\\\/\\\/amautaenlinea.com\\\/blog\\\/#organization\",\"name\":\"Grupo AMAUTA E-BUSINESS\",\"url\":\"https:\\\/\\\/amautaenlinea.com\\\/blog\\\/\",\"logo\":{\"@type\":\"ImageObject\",\"inLanguage\":\"es\",\"@id\":\"https:\\\/\\\/amautaenlinea.com\\\/blog\\\/#\\\/schema\\\/logo\\\/image\\\/\",\"url\":\"https:\\\/\\\/amautaenlinea.com\\\/blog\\\/wp-content\\\/uploads\\\/2023\\\/09\\\/logo-amauta.png\",\"contentUrl\":\"https:\\\/\\\/amautaenlinea.com\\\/blog\\\/wp-content\\\/uploads\\\/2023\\\/09\\\/logo-amauta.png\",\"width\":1124,\"height\":368,\"caption\":\"Grupo AMAUTA E-BUSINESS\"},\"image\":{\"@id\":\"https:\\\/\\\/amautaenlinea.com\\\/blog\\\/#\\\/schema\\\/logo\\\/image\\\/\"},\"sameAs\":[\"https:\\\/\\\/www.facebook.com\\\/amautaperu.org\\\/\"]},{\"@type\":\"Person\",\"@id\":\"https:\\\/\\\/amautaenlinea.com\\\/blog\\\/#\\\/schema\\\/person\\\/d8d4b5d672e9edb72a6f23fd40dd31d5\",\"name\":\"Grupo AMAUTA EBUSINESS\",\"image\":{\"@type\":\"ImageObject\",\"inLanguage\":\"es\",\"@id\":\"https:\\\/\\\/secure.gravatar.com\\\/avatar\\\/97706b54c222a710310e2db50e02e68de0a4c8bb76654bcc4053b08241c6bd6c?s=96&d=mm&r=g\",\"url\":\"https:\\\/\\\/secure.gravatar.com\\\/avatar\\\/97706b54c222a710310e2db50e02e68de0a4c8bb76654bcc4053b08241c6bd6c?s=96&d=mm&r=g\",\"contentUrl\":\"https:\\\/\\\/secure.gravatar.com\\\/avatar\\\/97706b54c222a710310e2db50e02e68de0a4c8bb76654bcc4053b08241c6bd6c?s=96&d=mm&r=g\",\"caption\":\"Grupo AMAUTA EBUSINESS\"}}]}<\/script>\n<!-- \/ Yoast SEO Premium plugin. -->","yoast_head_json":{"title":"\u25b7 Minedu: \u00bfC\u00f3mo docente contratado en que mes estar\u00eda recibiendo mi CTS y como docente nombrado cuando cese cuanto estar\u00eda recibiendo? \u2705","description":"\u27a8 C\u00f3mo docente contratado en que mes estar\u00eda recibiendo mi CTS y como docente nombrado cuando cese cuanto estar\u00eda recibiendo","robots":{"index":"index","follow":"follow","max-snippet":"max-snippet:-1","max-image-preview":"max-image-preview:large","max-video-preview":"max-video-preview:-1"},"canonical":"https:\/\/amautaenlinea.com\/blog\/minedu-como-docente-contratado-en-que-mes-estaria-recibiendo-mi-cts-y-como-docente-nombrado-cuando-cese-cuanto-estaria-recibiendo\/","og_locale":"es_ES","og_type":"article","og_title":"Minedu: \u00bfC\u00f3mo docente contratado en que mes estar\u00eda recibiendo mi CTS y como docente nombrado cuando cese cuanto estar\u00eda recibiendo?","og_description":"\u27a8 C\u00f3mo docente contratado en que mes estar\u00eda recibiendo mi CTS y como docente nombrado cuando cese cuanto estar\u00eda recibiendo","og_url":"https:\/\/amautaenlinea.com\/blog\/minedu-como-docente-contratado-en-que-mes-estaria-recibiendo-mi-cts-y-como-docente-nombrado-cuando-cese-cuanto-estaria-recibiendo\/","og_site_name":"Grupo AMAUTA","article_publisher":"https:\/\/www.facebook.com\/amautaperu.org\/","article_published_time":"2025-12-23T10:33:50+00:00","og_image":[{"width":1280,"height":720,"url":"https:\/\/amautaenlinea.com\/blog\/wp-content\/uploads\/2025\/12\/Como-docente-contratado-en-que-mes-estaria-recibiendo-mi-CTS-y-como-docente-nombrado-cuando-ceso-cuanto-estaria-recibiendo.png","type":"image\/png"}],"author":"Grupo AMAUTA EBUSINESS","twitter_card":"summary_large_image","schema":{"@context":"https:\/\/schema.org","@graph":[{"@type":"Article","@id":"https:\/\/amautaenlinea.com\/blog\/minedu-como-docente-contratado-en-que-mes-estaria-recibiendo-mi-cts-y-como-docente-nombrado-cuando-cese-cuanto-estaria-recibiendo\/#article","isPartOf":{"@id":"https:\/\/amautaenlinea.com\/blog\/minedu-como-docente-contratado-en-que-mes-estaria-recibiendo-mi-cts-y-como-docente-nombrado-cuando-cese-cuanto-estaria-recibiendo\/"},"author":{"name":"Grupo AMAUTA EBUSINESS","@id":"https:\/\/amautaenlinea.com\/blog\/#\/schema\/person\/d8d4b5d672e9edb72a6f23fd40dd31d5"},"headline":"Minedu: \u00bfC\u00f3mo docente contratado en que mes estar\u00eda recibiendo mi CTS y como docente nombrado cuando cese cuanto estar\u00eda recibiendo?","datePublished":"2025-12-23T10:33:50+00:00","mainEntityOfPage":{"@id":"https:\/\/amautaenlinea.com\/blog\/minedu-como-docente-contratado-en-que-mes-estaria-recibiendo-mi-cts-y-como-docente-nombrado-cuando-cese-cuanto-estaria-recibiendo\/"},"wordCount":115,"commentCount":0,"publisher":{"@id":"https:\/\/amautaenlinea.com\/blog\/#organization"},"image":{"@id":"https:\/\/amautaenlinea.com\/blog\/minedu-como-docente-contratado-en-que-mes-estaria-recibiendo-mi-cts-y-como-docente-nombrado-cuando-cese-cuanto-estaria-recibiendo\/#primaryimage"},"thumbnailUrl":"https:\/\/amautaenlinea.com\/blog\/wp-content\/uploads\/2025\/12\/Como-docente-contratado-en-que-mes-estaria-recibiendo-mi-CTS-y-como-docente-nombrado-cuando-ceso-cuanto-estaria-recibiendo.png","keywords":["C\u00f3mo docente contratado en que mes estar\u00eda recibiendo mi CTS y como docente nombrado cuando cese cuanto estar\u00eda recibiendo"],"articleSection":["Educaci\u00f3n"],"inLanguage":"es","potentialAction":[{"@type":"CommentAction","name":"Comment","target":["https:\/\/amautaenlinea.com\/blog\/minedu-como-docente-contratado-en-que-mes-estaria-recibiendo-mi-cts-y-como-docente-nombrado-cuando-cese-cuanto-estaria-recibiendo\/#respond"]}],"copyrightYear":"2025","copyrightHolder":{"@id":"https:\/\/amautaenlinea.com\/blog\/#organization"}},{"@type":"WebPage","@id":"https:\/\/amautaenlinea.com\/blog\/minedu-como-docente-contratado-en-que-mes-estaria-recibiendo-mi-cts-y-como-docente-nombrado-cuando-cese-cuanto-estaria-recibiendo\/","url":"https:\/\/amautaenlinea.com\/blog\/minedu-como-docente-contratado-en-que-mes-estaria-recibiendo-mi-cts-y-como-docente-nombrado-cuando-cese-cuanto-estaria-recibiendo\/","name":"\u25b7 Minedu: \u00bfC\u00f3mo docente contratado en que mes estar\u00eda recibiendo mi CTS y como docente nombrado cuando cese cuanto estar\u00eda recibiendo? \u2705","isPartOf":{"@id":"https:\/\/amautaenlinea.com\/blog\/#website"},"primaryImageOfPage":{"@id":"https:\/\/amautaenlinea.com\/blog\/minedu-como-docente-contratado-en-que-mes-estaria-recibiendo-mi-cts-y-como-docente-nombrado-cuando-cese-cuanto-estaria-recibiendo\/#primaryimage"},"image":{"@id":"https:\/\/amautaenlinea.com\/blog\/minedu-como-docente-contratado-en-que-mes-estaria-recibiendo-mi-cts-y-como-docente-nombrado-cuando-cese-cuanto-estaria-recibiendo\/#primaryimage"},"thumbnailUrl":"https:\/\/amautaenlinea.com\/blog\/wp-content\/uploads\/2025\/12\/Como-docente-contratado-en-que-mes-estaria-recibiendo-mi-CTS-y-como-docente-nombrado-cuando-ceso-cuanto-estaria-recibiendo.png","datePublished":"2025-12-23T10:33:50+00:00","description":"\u27a8 C\u00f3mo docente contratado en que mes estar\u00eda recibiendo mi CTS y como docente nombrado cuando cese cuanto estar\u00eda recibiendo","breadcrumb":{"@id":"https:\/\/amautaenlinea.com\/blog\/minedu-como-docente-contratado-en-que-mes-estaria-recibiendo-mi-cts-y-como-docente-nombrado-cuando-cese-cuanto-estaria-recibiendo\/#breadcrumb"},"inLanguage":"es","potentialAction":[{"@type":"ReadAction","target":["https:\/\/amautaenlinea.com\/blog\/minedu-como-docente-contratado-en-que-mes-estaria-recibiendo-mi-cts-y-como-docente-nombrado-cuando-cese-cuanto-estaria-recibiendo\/"]}]},{"@type":"ImageObject","inLanguage":"es","@id":"https:\/\/amautaenlinea.com\/blog\/minedu-como-docente-contratado-en-que-mes-estaria-recibiendo-mi-cts-y-como-docente-nombrado-cuando-cese-cuanto-estaria-recibiendo\/#primaryimage","url":"https:\/\/amautaenlinea.com\/blog\/wp-content\/uploads\/2025\/12\/Como-docente-contratado-en-que-mes-estaria-recibiendo-mi-CTS-y-como-docente-nombrado-cuando-ceso-cuanto-estaria-recibiendo.png","contentUrl":"https:\/\/amautaenlinea.com\/blog\/wp-content\/uploads\/2025\/12\/Como-docente-contratado-en-que-mes-estaria-recibiendo-mi-CTS-y-como-docente-nombrado-cuando-ceso-cuanto-estaria-recibiendo.png","width":1280,"height":720},{"@type":"BreadcrumbList","@id":"https:\/\/amautaenlinea.com\/blog\/minedu-como-docente-contratado-en-que-mes-estaria-recibiendo-mi-cts-y-como-docente-nombrado-cuando-cese-cuanto-estaria-recibiendo\/#breadcrumb","itemListElement":[{"@type":"ListItem","position":1,"name":"Portada","item":"https:\/\/amautaenlinea.com\/blog\/"},{"@type":"ListItem","position":2,"name":"Minedu: \u00bfC\u00f3mo docente contratado en que mes estar\u00eda recibiendo mi CTS y como docente nombrado cuando cese cuanto estar\u00eda recibiendo?"}]},{"@type":"WebSite","@id":"https:\/\/amautaenlinea.com\/blog\/#website","url":"https:\/\/amautaenlinea.com\/blog\/","name":"Grupo AMAUTA","description":"","publisher":{"@id":"https:\/\/amautaenlinea.com\/blog\/#organization"},"potentialAction":[{"@type":"SearchAction","target":{"@type":"EntryPoint","urlTemplate":"https:\/\/amautaenlinea.com\/blog\/?s={search_term_string}"},"query-input":{"@type":"PropertyValueSpecification","valueRequired":true,"valueName":"search_term_string"}}],"inLanguage":"es"},{"@type":"Organization","@id":"https:\/\/amautaenlinea.com\/blog\/#organization","name":"Grupo AMAUTA E-BUSINESS","url":"https:\/\/amautaenlinea.com\/blog\/","logo":{"@type":"ImageObject","inLanguage":"es","@id":"https:\/\/amautaenlinea.com\/blog\/#\/schema\/logo\/image\/","url":"https:\/\/amautaenlinea.com\/blog\/wp-content\/uploads\/2023\/09\/logo-amauta.png","contentUrl":"https:\/\/amautaenlinea.com\/blog\/wp-content\/uploads\/2023\/09\/logo-amauta.png","width":1124,"height":368,"caption":"Grupo AMAUTA E-BUSINESS"},"image":{"@id":"https:\/\/amautaenlinea.com\/blog\/#\/schema\/logo\/image\/"},"sameAs":["https:\/\/www.facebook.com\/amautaperu.org\/"]},{"@type":"Person","@id":"https:\/\/amautaenlinea.com\/blog\/#\/schema\/person\/d8d4b5d672e9edb72a6f23fd40dd31d5","name":"Grupo AMAUTA EBUSINESS","image":{"@type":"ImageObject","inLanguage":"es","@id":"https:\/\/secure.gravatar.com\/avatar\/97706b54c222a710310e2db50e02e68de0a4c8bb76654bcc4053b08241c6bd6c?s=96&d=mm&r=g","url":"https:\/\/secure.gravatar.com\/avatar\/97706b54c222a710310e2db50e02e68de0a4c8bb76654bcc4053b08241c6bd6c?s=96&d=mm&r=g","contentUrl":"https:\/\/secure.gravatar.com\/avatar\/97706b54c222a710310e2db50e02e68de0a4c8bb76654bcc4053b08241c6bd6c?s=96&d=mm&r=g","caption":"Grupo AMAUTA EBUSINESS"}}]}},"_links":{"self":[{"href":"https:\/\/amautaenlinea.com\/blog\/wp-json\/wp\/v2\/posts\/18165","targetHints":{"allow":["GET"]}}],"collection":[{"href":"https:\/\/amautaenlinea.com\/blog\/wp-json\/wp\/v2\/posts"}],"about":[{"href":"https:\/\/amautaenlinea.com\/blog\/wp-json\/wp\/v2\/types\/post"}],"author":[{"embeddable":true,"href":"https:\/\/amautaenlinea.com\/blog\/wp-json\/wp\/v2\/users\/1"}],"replies":[{"embeddable":true,"href":"https:\/\/amautaenlinea.com\/blog\/wp-json\/wp\/v2\/comments?post=18165"}],"version-history":[{"count":1,"href":"https:\/\/amautaenlinea.com\/blog\/wp-json\/wp\/v2\/posts\/18165\/revisions"}],"predecessor-version":[{"id":18168,"href":"https:\/\/amautaenlinea.com\/blog\/wp-json\/wp\/v2\/posts\/18165\/revisions\/18168"}],"wp:featuredmedia":[{"embeddable":true,"href":"https:\/\/amautaenlinea.com\/blog\/wp-json\/wp\/v2\/media\/18167"}],"wp:attachment":[{"href":"https:\/\/amautaenlinea.com\/blog\/wp-json\/wp\/v2\/media?parent=18165"}],"wp:term":[{"taxonomy":"category","embeddable":true,"href":"https:\/\/amautaenlinea.com\/blog\/wp-json\/wp\/v2\/categories?post=18165"},{"taxonomy":"post_tag","embeddable":true,"href":"https:\/\/amautaenlinea.com\/blog\/wp-json\/wp\/v2\/tags?post=18165"}],"curies":[{"name":"wp","href":"https:\/\/api.w.org\/{rel}","templated":true}]}}