{"id":18147,"date":"2025-12-20T13:58:41","date_gmt":"2025-12-20T18:58:41","guid":{"rendered":"https:\/\/amautaenlinea.com\/blog\/?p=18147"},"modified":"2025-12-20T13:58:41","modified_gmt":"2025-12-20T18:58:41","slug":"minedu-repositorio-de-carpetas-de-recuperacion-por-nivel-y-areas-por-cierre-del-ano-escolar-2025-lo-ultimo","status":"publish","type":"post","link":"https:\/\/amautaenlinea.com\/blog\/minedu-repositorio-de-carpetas-de-recuperacion-por-nivel-y-areas-por-cierre-del-ano-escolar-2025-lo-ultimo\/","title":{"rendered":"Minedu: Repositorio de carpetas de recuperaci\u00f3n por nivel y \u00e1reas por cierre del a\u00f1o escolar 2025 \u00a1LO \u00daLTIMO!"},"content":{"rendered":"<p data-path-to-node=\"0\"><span class=\"citation-11\">Las <\/span><b data-path-to-node=\"0\" data-index-in-node=\"4\"><span class=\"citation-11\">carpetas de recuperaci\u00f3n<\/span><\/b><span class=\"citation-11 citation-end-11\"> son una estrategia pedag\u00f3gica dise\u00f1ada por el Ministerio de Educaci\u00f3n del Per\u00fa (MINEDU) para garantizar que los estudiantes que no lograron alcanzar los aprendizajes esperados durante el a\u00f1o escolar regular tengan una oportunidad adicional de nivelarse.<\/span><\/p>\n<p data-path-to-node=\"1\">Aqu\u00ed te explico los puntos clave para entender qu\u00e9 son y c\u00f3mo funcionan:<\/p>\n<h3 data-path-to-node=\"2\">1. \u00bfCu\u00e1l es su objetivo principal?<\/h3>\n<p data-path-to-node=\"3\"><span class=\"citation-10 citation-end-10\">Su finalidad es brindar a los estudiantes un conjunto de materiales educativos (fichas, lecturas y actividades) para que desarrollen de manera aut\u00f3noma las competencias en las que tuvieron dificultades.<\/span> Esto permite que el estudiante no se quede atr\u00e1s y pueda iniciar el siguiente a\u00f1o escolar en mejores condiciones.<\/p>\n<h3 data-path-to-node=\"4\">2. \u00bfA qui\u00e9nes est\u00e1n dirigidas?<\/h3>\n<p data-path-to-node=\"5\"><span class=\"citation-9\">Generalmente, estas carpetas est\u00e1n destinadas a estudiantes de <\/span><b data-path-to-node=\"5\" data-index-in-node=\"63\"><span class=\"citation-9\">primaria y secundaria<\/span><\/b><span class=\"citation-9 citation-end-9\"> que se encuentran en las siguientes situaciones:<\/span><\/p>\n<ul data-path-to-node=\"6\">\n<li>\n<p data-path-to-node=\"6,0,0\"><b data-path-to-node=\"6,0,0\" data-index-in-node=\"0\">Progreso insuficiente:<\/b> Aquellos que no lograron los niveles esperados en las \u00e1reas curriculares (calificaciones C o menores).<\/p>\n<\/li>\n<li>\n<p data-path-to-node=\"6,1,0\"><b data-path-to-node=\"6,1,0\" data-index-in-node=\"0\">Falta de conectividad:<\/b> Estudiantes que no pudieron participar de las clases de manera regular (por problemas de internet, salud o situaciones familiares).<\/p>\n<\/li>\n<li>\n<p data-path-to-node=\"6,2,0\"><b data-path-to-node=\"6,2,0\" data-index-in-node=\"0\">Ingreso tard\u00edo:<\/b> Estudiantes que se incorporaron al sistema educativo avanzado el a\u00f1o escolar.<\/p>\n<\/li>\n<\/ul>\n<p>A continuaci\u00f3n compartimos diversas carpetas de recuperaci\u00f3n por nivel<\/p>\n<h2>CARPETAS DE RECUPERACI\u00d3N<\/h2>\n<p><em><strong>Descargar Archivos para el\u00a0<mark class=\"has-inline-color has-vivid-red-color\"><a href=\"https:\/\/drive.google.com\/drive\/folders\/1b18dPGAkanViVTLcQ5UWxLwG2q8E0KIv?usp=sharing\" target=\"_blank\" rel=\"noreferrer noopener\" data-type=\"URL\" data-id=\"https:\/\/drive.google.com\/drive\/folders\/1b18dPGAkanViVTLcQ5UWxLwG2q8E0KIv?usp=sharing\">1er grado<\/a><\/mark>\u00a0Secundaria<\/strong><\/em><\/p>\n<p><em><strong>Descargar Archivos para el\u00a0<mark class=\"has-inline-color has-vivid-red-color\"><a href=\"https:\/\/drive.google.com\/drive\/folders\/1NDjsOqx2KLEf2fJ6lJPEaZkoUw8NmkQh?usp=sharing\" target=\"_blank\" rel=\"noreferrer noopener\" data-type=\"URL\" data-id=\"https:\/\/drive.google.com\/drive\/folders\/1NDjsOqx2KLEf2fJ6lJPEaZkoUw8NmkQh?usp=sharing\">2do grado<\/a><\/mark>\u00a0Secundaria<\/strong><\/em><\/p>\n<p><em><strong>Descargar Archivos para el\u00a0<mark class=\"has-inline-color has-vivid-red-color\"><a href=\"https:\/\/drive.google.com\/drive\/folders\/1UWliZ7wb-xEcH71ME54ZDaeTUBTBbZB8?usp=sharing\" target=\"_blank\" rel=\"noreferrer noopener\" data-type=\"URL\" data-id=\"https:\/\/drive.google.com\/drive\/folders\/1UWliZ7wb-xEcH71ME54ZDaeTUBTBbZB8?usp=sharing\">3er grado<\/a><\/mark>\u00a0Secundaria<\/strong><\/em><\/p>\n<p><em><strong>Descargar Archivos para el\u00a0<mark class=\"has-inline-color has-vivid-red-color\"><a href=\"https:\/\/drive.google.com\/drive\/folders\/1vRqMaHqu_1l34HF6dZnxhnmLeBUvxb46?usp=sharing\" target=\"_blank\" rel=\"noreferrer noopener\" data-type=\"URL\" data-id=\"https:\/\/drive.google.com\/drive\/folders\/1vRqMaHqu_1l34HF6dZnxhnmLeBUvxb46?usp=sharing\">4to grado<\/a><\/mark>\u00a0Secundaria<\/strong><\/em><\/p>\n<h2>OPCI\u00d3N 3<\/h2>\n<h3>Repositorio Minedu de carpetas de recuperaci\u00f3n por niveles y ciclos<\/h3>\n<div id=\"aspect_artifactbrowser_CommunityViewer_div_community-view\" class=\"ds-static-div secondary\">\n<ul class=\"ds-artifact-list list-unstyled\">\n<li class=\"ds-artifact-item odd\">\n<div class=\"artifact-description\">\n<h4 class=\"artifact-title\"><a href=\"https:\/\/repositorio.minedu.gob.pe\/handle\/20.500.12799\/7018\"><span class=\"Z3988\">Educaci\u00f3n primaria<\/span><\/a><\/h4>\n<\/div>\n<\/li>\n<li class=\"ds-artifact-item even\">\n<div class=\"artifact-description\">\n<h4 class=\"artifact-title\"><a href=\"https:\/\/repositorio.minedu.gob.pe\/handle\/20.500.12799\/7062\"><span class=\"Z3988\">Educaci\u00f3n Primaria Intercultural Biling\u00fce-Amaz\u00f3nico<\/span><\/a><\/h4>\n<\/div>\n<\/li>\n<li class=\"ds-artifact-item odd\">\n<div class=\"artifact-description\">\n<h4 class=\"artifact-title\"><a href=\"https:\/\/repositorio.minedu.gob.pe\/handle\/20.500.12799\/7046\"><span class=\"Z3988\">Educaci\u00f3n Primaria Intercultural Biling\u00fce-Andino<\/span><\/a><\/h4>\n<\/div>\n<\/li>\n<li class=\"ds-artifact-item even\">\n<div class=\"artifact-description\">\n<h4 class=\"artifact-title\"><a href=\"https:\/\/repositorio.minedu.gob.pe\/handle\/20.500.12799\/7035\"><span class=\"Z3988\">Educaci\u00f3n primaria multigrado<\/span><\/a><\/h4>\n<\/div>\n<\/li>\n<li class=\"ds-artifact-item odd\">\n<div class=\"artifact-description\">\n<h4 class=\"artifact-title\"><a href=\"https:\/\/repositorio.minedu.gob.pe\/handle\/20.500.12799\/7076\"><span class=\"Z3988\">Educaci\u00f3n secundaria<\/span><\/a><\/h4>\n<\/div>\n<\/li>\n<li class=\"ds-artifact-item even\">\n<div class=\"artifact-description\">\n<h4 class=\"artifact-title\"><a href=\"https:\/\/repositorio.minedu.gob.pe\/handle\/20.500.12799\/7107\"><span class=\"Z3988\">Educaci\u00f3n Secundaria Intercultural Biling\u00fce-Amaz\u00f3nico<\/span><\/a><\/h4>\n<\/div>\n<\/li>\n<li class=\"ds-artifact-item odd\">\n<div class=\"artifact-description\">\n<h4 class=\"artifact-title\"><a href=\"https:\/\/repositorio.minedu.gob.pe\/handle\/20.500.12799\/7100\"><span class=\"Z3988\">Educaci\u00f3n Secundaria Intercultural Biling\u00fce-Andino<\/span><\/a><\/h4>\n<\/div>\n<\/li>\n<li class=\"ds-artifact-item even\">\n<div class=\"artifact-description\">\n<h4 class=\"artifact-title\"><a href=\"https:\/\/repositorio.minedu.gob.pe\/handle\/20.500.12799\/7087\"><span class=\"Z3988\">Educaci\u00f3n secundaria Modelos Educativos Rurales<\/span><\/a><\/h4>\n<\/div>\n<\/li>\n<\/ul>\n<\/div>\n<h3 class=\"ds-div-head\">Env\u00edos recientes<\/h3>\n<div id=\"aspect_discovery_CommunityRecentSubmissions_div_community-recent-submission\" class=\"ds-static-div secondary recent-submission\">\n<ul class=\"ds-artifact-list list-unstyled\">\n<li class=\"ds-artifact-item odd\">\n<div class=\"artifact-description\">\n<h4 class=\"artifact-title\"><a href=\"https:\/\/repositorio.minedu.gob.pe\/handle\/20.500.12799\/7113\">Carpeta de Recuperaci\u00f3n H Quinto Grado de Educaci\u00f3n Secundaria Intercultural Biling\u00fce-Amaz\u00f3nico<\/a><span class=\"Z3988\" title=\"ctx_ver=Z39.88-2004&amp;rft_val_fmt=info%3Aofi%2Ffmt%3Akev%3Amtx%3Adc&amp;rft_id=https%3A%2F%2Fhdl.handle.net%2F20.500.12799%2F7113&amp;rfr_id=info%3Asid%2Fdspace.org%3Arepository&amp;\">\u00a0<\/span><\/h4>\n<h4 class=\"artifact-title\"><a href=\"https:\/\/repositorio.minedu.gob.pe\/handle\/20.500.12799\/7111\">Carpeta de Recuperaci\u00f3n H Tercer y Cuarto Grado de Educaci\u00f3n Secundaria Intercultural Biling\u00fce-Amaz\u00f3nico<\/a><span class=\"Z3988\" title=\"ctx_ver=Z39.88-2004&amp;rft_val_fmt=info%3Aofi%2Ffmt%3Akev%3Amtx%3Adc&amp;rft_id=https%3A%2F%2Fhdl.handle.net%2F20.500.12799%2F7111&amp;rfr_id=info%3Asid%2Fdspace.org%3Arepository&amp;\">\u00a0<\/span><\/h4>\n<h4 class=\"artifact-title\"><a href=\"https:\/\/repositorio.minedu.gob.pe\/handle\/20.500.12799\/7109\">Carpeta de Recuperaci\u00f3n H Primer y Segundo Grado de Educaci\u00f3n Secundaria Intercultural Biling\u00fce-Amaz\u00f3nico<\/a><span class=\"Z3988\" title=\"ctx_ver=Z39.88-2004&amp;rft_val_fmt=info%3Aofi%2Ffmt%3Akev%3Amtx%3Adc&amp;rft_id=https%3A%2F%2Fhdl.handle.net%2F20.500.12799%2F7109&amp;rfr_id=info%3Asid%2Fdspace.org%3Arepository&amp;\">\u00a0<\/span><\/h4>\n<h4 class=\"artifact-title\"><a href=\"https:\/\/repositorio.minedu.gob.pe\/handle\/20.500.12799\/7106\">Carpeta de Recuperaci\u00f3n G Quinto Grado de Educaci\u00f3n Secundaria Intercultural Biling\u00fce-Andino<\/a><span class=\"Z3988\" title=\"ctx_ver=Z39.88-2004&amp;rft_val_fmt=info%3Aofi%2Ffmt%3Akev%3Amtx%3Adc&amp;rft_id=https%3A%2F%2Fhdl.handle.net%2F20.500.12799%2F7106&amp;rfr_id=info%3Asid%2Fdspace.org%3Arepository&amp;\">\u00a0<\/span><\/h4>\n<h4 class=\"artifact-title\"><a href=\"https:\/\/repositorio.minedu.gob.pe\/handle\/20.500.12799\/7104\">Carpeta de Recuperaci\u00f3n G Tercer y Cuarto Grado de Educaci\u00f3n Secundaria Intercultural Biling\u00fce-Andino<\/a><span class=\"Z3988\" title=\"ctx_ver=Z39.88-2004&amp;rft_val_fmt=info%3Aofi%2Ffmt%3Akev%3Amtx%3Adc&amp;rft_id=https%3A%2F%2Fhdl.handle.net%2F20.500.12799%2F7104&amp;rfr_id=info%3Asid%2Fdspace.org%3Arepository&amp;\">\u00a0<\/span><\/h4>\n<h4 class=\"artifact-title\"><a href=\"https:\/\/repositorio.minedu.gob.pe\/handle\/20.500.12799\/7102\">Carpeta de Recuperaci\u00f3n G Primer y Segundo Grado de Educaci\u00f3n Secundaria Intercultural Biling\u00fce-Andino<\/a><span class=\"Z3988\" title=\"ctx_ver=Z39.88-2004&amp;rft_val_fmt=info%3Aofi%2Ffmt%3Akev%3Amtx%3Adc&amp;rft_id=https%3A%2F%2Fhdl.handle.net%2F20.500.12799%2F7102&amp;rfr_id=info%3Asid%2Fdspace.org%3Arepository&amp;\">\u00a0<\/span><\/h4>\n<h4 class=\"artifact-title\"><a href=\"https:\/\/repositorio.minedu.gob.pe\/handle\/20.500.12799\/7099\">Carpeta de Recuperaci\u00f3n F Quinto Grado de Secundaria de Modelos Educativos Rurales (Residencial, Tutorial y Alternancia)<\/a><span class=\"Z3988\" title=\"ctx_ver=Z39.88-2004&amp;rft_val_fmt=info%3Aofi%2Ffmt%3Akev%3Amtx%3Adc&amp;rft_id=https%3A%2F%2Fhdl.handle.net%2F20.500.12799%2F7099&amp;rfr_id=info%3Asid%2Fdspace.org%3Arepository&amp;\">\u00a0<\/span><\/h4>\n<h4 class=\"artifact-title\"><a href=\"https:\/\/repositorio.minedu.gob.pe\/handle\/20.500.12799\/7091\">Carpeta de Recuperaci\u00f3n F Tercer y Cuarto Grado de Secundaria de Modelos Educativos Rurales (Residencial, Tutorial y Alternancia)<\/a><span class=\"Z3988\" title=\"ctx_ver=Z39.88-2004&amp;rft_val_fmt=info%3Aofi%2Ffmt%3Akev%3Amtx%3Adc&amp;rft_id=https%3A%2F%2Fhdl.handle.net%2F20.500.12799%2F7091&amp;rfr_id=info%3Asid%2Fdspace.org%3Arepository&amp;\">\u00a0<\/span><\/h4>\n<h4 class=\"artifact-title\"><a href=\"https:\/\/repositorio.minedu.gob.pe\/handle\/20.500.12799\/7089\">Carpeta de Recuperaci\u00f3n F Primer y Segundo Grado de Secundaria de Modelos Educativos Rurales (Residencial, Tutorial y Alternancia)<\/a><span class=\"Z3988\" title=\"ctx_ver=Z39.88-2004&amp;rft_val_fmt=info%3Aofi%2Ffmt%3Akev%3Amtx%3Adc&amp;rft_id=https%3A%2F%2Fhdl.handle.net%2F20.500.12799%2F7089&amp;rfr_id=info%3Asid%2Fdspace.org%3Arepository&amp;\">\u00a0<\/span><\/h4>\n<h4 class=\"artifact-title\"><a href=\"https:\/\/repositorio.minedu.gob.pe\/handle\/20.500.12799\/7086\">Carpeta de Recuperaci\u00f3n A Quinto Grado de Secundaria<\/a><span class=\"Z3988\" title=\"ctx_ver=Z39.88-2004&amp;rft_val_fmt=info%3Aofi%2Ffmt%3Akev%3Amtx%3Adc&amp;rft_id=https%3A%2F%2Fhdl.handle.net%2F20.500.12799%2F7086&amp;rfr_id=info%3Asid%2Fdspace.org%3Arepository&amp;\">\u00a0<\/span><\/h4>\n<h4 class=\"artifact-title\"><a href=\"https:\/\/repositorio.minedu.gob.pe\/handle\/20.500.12799\/7084\">Carpeta de Recuperaci\u00f3n A Cuarto Grado de Secundaria<\/a><span class=\"Z3988\" title=\"ctx_ver=Z39.88-2004&amp;rft_val_fmt=info%3Aofi%2Ffmt%3Akev%3Amtx%3Adc&amp;rft_id=https%3A%2F%2Fhdl.handle.net%2F20.500.12799%2F7084&amp;rfr_id=info%3Asid%2Fdspace.org%3Arepository&amp;\">\u00a0<\/span><\/h4>\n<h4 class=\"artifact-title\"><a href=\"https:\/\/repositorio.minedu.gob.pe\/handle\/20.500.12799\/7075\">Carpeta de Recuperaci\u00f3n D Sexto Grado de Primaria de Educaci\u00f3n Intercultural Biling\u00fce-Amaz\u00f3nico<\/a><span class=\"Z3988\" title=\"ctx_ver=Z39.88-2004&amp;rft_val_fmt=info%3Aofi%2Ffmt%3Akev%3Amtx%3Adc&amp;rft_id=https%3A%2F%2Fhdl.handle.net%2F20.500.12799%2F7075&amp;rfr_id=info%3Asid%2Fdspace.org%3Arepository&amp;\">\u00a0<\/span><\/h4>\n<h4 class=\"artifact-title\"><a href=\"https:\/\/repositorio.minedu.gob.pe\/handle\/20.500.12799\/7082\">Carpeta de Recuperaci\u00f3n A Tercer Grado de Secundaria<\/a><span class=\"Z3988\" title=\"ctx_ver=Z39.88-2004&amp;rft_val_fmt=info%3Aofi%2Ffmt%3Akev%3Amtx%3Adc&amp;rft_id=https%3A%2F%2Fhdl.handle.net%2F20.500.12799%2F7082&amp;rfr_id=info%3Asid%2Fdspace.org%3Arepository&amp;\">\u00a0<\/span><\/h4>\n<h4 class=\"artifact-title\"><a href=\"https:\/\/repositorio.minedu.gob.pe\/handle\/20.500.12799\/7080\">Carpeta de Recuperaci\u00f3n A Segundo Grado de Secundaria <\/a><span class=\"Z3988\" title=\"ctx_ver=Z39.88-2004&amp;rft_val_fmt=info%3Aofi%2Ffmt%3Akev%3Amtx%3Adc&amp;rft_id=https%3A%2F%2Fhdl.handle.net%2F20.500.12799%2F7080&amp;rfr_id=info%3Asid%2Fdspace.org%3Arepository&amp;\">\u00a0<\/span><\/h4>\n<h4 class=\"artifact-title\"><a href=\"https:\/\/repositorio.minedu.gob.pe\/handle\/20.500.12799\/7078\">Carpeta de Recuperaci\u00f3n A Primer Grado de Secundaria<\/a><span class=\"Z3988\" title=\"ctx_ver=Z39.88-2004&amp;rft_val_fmt=info%3Aofi%2Ffmt%3Akev%3Amtx%3Adc&amp;rft_id=https%3A%2F%2Fhdl.handle.net%2F20.500.12799%2F7078&amp;rfr_id=info%3Asid%2Fdspace.org%3Arepository&amp;\">\u00a0<\/span><\/h4>\n<h4 class=\"artifact-title\"><a href=\"https:\/\/repositorio.minedu.gob.pe\/handle\/20.500.12799\/7061\">Carpeta de Recuperaci\u00f3n C Sexto Grado de Primaria de Educaci\u00f3n Intercultural Biling\u00fce-Andino<\/a><span class=\"Z3988\" title=\"ctx_ver=Z39.88-2004&amp;rft_val_fmt=info%3Aofi%2Ffmt%3Akev%3Amtx%3Adc&amp;rft_id=https%3A%2F%2Fhdl.handle.net%2F20.500.12799%2F7061&amp;rfr_id=info%3Asid%2Fdspace.org%3Arepository&amp;\">\u00a0<\/span><\/h4>\n<h4 class=\"artifact-title\"><a href=\"https:\/\/repositorio.minedu.gob.pe\/handle\/20.500.12799\/7073\">Carpeta de Recuperaci\u00f3n D Quinto Grado de Primaria de Educaci\u00f3n Intercultural Biling\u00fce-Amaz\u00f3nico <\/a><span class=\"Z3988\" title=\"ctx_ver=Z39.88-2004&amp;rft_val_fmt=info%3Aofi%2Ffmt%3Akev%3Amtx%3Adc&amp;rft_id=https%3A%2F%2Fhdl.handle.net%2F20.500.12799%2F7073&amp;rfr_id=info%3Asid%2Fdspace.org%3Arepository&amp;\">\u00a0<\/span><\/h4>\n<h4 class=\"artifact-title\"><a href=\"https:\/\/repositorio.minedu.gob.pe\/handle\/20.500.12799\/7070\">Carpeta de Recuperaci\u00f3n D Cuarto Grado de Primaria de Educaci\u00f3n Intercultural Biling\u00fce-Amaz\u00f3nico <\/a><span class=\"Z3988\" title=\"ctx_ver=Z39.88-2004&amp;rft_val_fmt=info%3Aofi%2Ffmt%3Akev%3Amtx%3Adc&amp;rft_id=https%3A%2F%2Fhdl.handle.net%2F20.500.12799%2F7070&amp;rfr_id=info%3Asid%2Fdspace.org%3Arepository&amp;\">\u00a0<\/span><\/h4>\n<h4 class=\"artifact-title\"><a href=\"https:\/\/repositorio.minedu.gob.pe\/handle\/20.500.12799\/7068\">Carpeta de Recuperaci\u00f3n D Tercer Grado de Primaria de Educaci\u00f3n Intercultural Biling\u00fce-Amaz\u00f3nico<\/a><span class=\"Z3988\" title=\"ctx_ver=Z39.88-2004&amp;rft_val_fmt=info%3Aofi%2Ffmt%3Akev%3Amtx%3Adc&amp;rft_id=https%3A%2F%2Fhdl.handle.net%2F20.500.12799%2F7068&amp;rfr_id=info%3Asid%2Fdspace.org%3Arepository&amp;\">\u00a0<\/span><\/h4>\n<h4 class=\"artifact-title\"><a href=\"https:\/\/repositorio.minedu.gob.pe\/handle\/20.500.12799\/7066\">Carpeta de Recuperaci\u00f3n D Segundo Grado de Primaria de Educaci\u00f3n Intercultural Biling\u00fce-Amaz\u00f3nico<\/a><span class=\"Z3988\" title=\"ctx_ver=Z39.88-2004&amp;rft_val_fmt=info%3Aofi%2Ffmt%3Akev%3Amtx%3Adc&amp;rft_id=https%3A%2F%2Fhdl.handle.net%2F20.500.12799%2F7066&amp;rfr_id=info%3Asid%2Fdspace.org%3Arepository&amp;\">\u00a0<\/span><\/h4>\n<\/div>\n<\/li>\n<\/ul>\n<\/div>\n","protected":false},"excerpt":{"rendered":"<p>Las carpetas de recuperaci\u00f3n son una estrategia pedag\u00f3gica dise\u00f1ada por el Ministerio de Educaci\u00f3n del Per\u00fa (MINEDU) para garantizar que los estudiantes que no<\/p>\n","protected":false},"author":1,"featured_media":18149,"comment_status":"open","ping_status":"open","sticky":false,"template":"","format":"standard","meta":{"footnotes":""},"categories":[4],"tags":[3265],"class_list":["post-18147","post","type-post","status-publish","format-standard","has-post-thumbnail","hentry","category-educacion","tag-minedu-repositorio-de-carpetas-de-recuperacion-por-nivel-y-areas-por-cierre-del-ano-escolar-2025"],"yoast_head":"<!-- This site is optimized with the Yoast SEO Premium plugin v21.2 (Yoast SEO v27.4) - https:\/\/yoast.com\/product\/yoast-seo-premium-wordpress\/ -->\n<title>\u25b7 Minedu: Repositorio de carpetas de recuperaci\u00f3n por nivel y \u00e1reas por cierre del a\u00f1o escolar 2025 \u00a1LO \u00daLTIMO! \u2705<\/title>\n<meta name=\"description\" content=\"\u27a8 Minedu: Repositorio de carpetas de recuperaci\u00f3n por nivel y \u00e1reas por cierre del a\u00f1o escolar 2025\" \/>\n<meta name=\"robots\" content=\"index, follow, max-snippet:-1, max-image-preview:large, max-video-preview:-1\" \/>\n<link rel=\"canonical\" href=\"https:\/\/amautaenlinea.com\/blog\/minedu-repositorio-de-carpetas-de-recuperacion-por-nivel-y-areas-por-cierre-del-ano-escolar-2025-lo-ultimo\/\" \/>\n<meta property=\"og:locale\" content=\"es_ES\" \/>\n<meta property=\"og:type\" content=\"article\" \/>\n<meta property=\"og:title\" content=\"Minedu: Repositorio de carpetas de recuperaci\u00f3n por nivel y \u00e1reas por cierre del a\u00f1o escolar 2025 \u00a1LO \u00daLTIMO!\" \/>\n<meta property=\"og:description\" content=\"\u27a8 Minedu: Repositorio de carpetas de recuperaci\u00f3n por nivel y \u00e1reas por cierre del a\u00f1o escolar 2025\" \/>\n<meta property=\"og:url\" content=\"https:\/\/amautaenlinea.com\/blog\/minedu-repositorio-de-carpetas-de-recuperacion-por-nivel-y-areas-por-cierre-del-ano-escolar-2025-lo-ultimo\/\" \/>\n<meta property=\"og:site_name\" content=\"Grupo AMAUTA\" \/>\n<meta property=\"article:publisher\" content=\"https:\/\/www.facebook.com\/amautaperu.org\/\" \/>\n<meta property=\"article:published_time\" content=\"2025-12-20T18:58:41+00:00\" \/>\n<meta property=\"og:image\" content=\"https:\/\/amautaenlinea.com\/blog\/wp-content\/uploads\/2025\/12\/Repositorio-de-carpetas-de-recuperacion-por-nivel-y-areas-por-cierre-del-ano-escolar-2025.png\" \/>\n\t<meta property=\"og:image:width\" content=\"1280\" \/>\n\t<meta property=\"og:image:height\" content=\"720\" \/>\n\t<meta property=\"og:image:type\" content=\"image\/png\" \/>\n<meta name=\"author\" content=\"Grupo AMAUTA EBUSINESS\" \/>\n<meta name=\"twitter:card\" content=\"summary_large_image\" \/>\n<script type=\"application\/ld+json\" class=\"yoast-schema-graph\">{\"@context\":\"https:\\\/\\\/schema.org\",\"@graph\":[{\"@type\":\"Article\",\"@id\":\"https:\\\/\\\/amautaenlinea.com\\\/blog\\\/minedu-repositorio-de-carpetas-de-recuperacion-por-nivel-y-areas-por-cierre-del-ano-escolar-2025-lo-ultimo\\\/#article\",\"isPartOf\":{\"@id\":\"https:\\\/\\\/amautaenlinea.com\\\/blog\\\/minedu-repositorio-de-carpetas-de-recuperacion-por-nivel-y-areas-por-cierre-del-ano-escolar-2025-lo-ultimo\\\/\"},\"author\":{\"name\":\"Grupo AMAUTA EBUSINESS\",\"@id\":\"https:\\\/\\\/amautaenlinea.com\\\/blog\\\/#\\\/schema\\\/person\\\/d8d4b5d672e9edb72a6f23fd40dd31d5\"},\"headline\":\"Minedu: Repositorio de carpetas de recuperaci\u00f3n por nivel y \u00e1reas por cierre del a\u00f1o escolar 2025 \u00a1LO \u00daLTIMO!\",\"datePublished\":\"2025-12-20T18:58:41+00:00\",\"mainEntityOfPage\":{\"@id\":\"https:\\\/\\\/amautaenlinea.com\\\/blog\\\/minedu-repositorio-de-carpetas-de-recuperacion-por-nivel-y-areas-por-cierre-del-ano-escolar-2025-lo-ultimo\\\/\"},\"wordCount\":605,\"commentCount\":0,\"publisher\":{\"@id\":\"https:\\\/\\\/amautaenlinea.com\\\/blog\\\/#organization\"},\"image\":{\"@id\":\"https:\\\/\\\/amautaenlinea.com\\\/blog\\\/minedu-repositorio-de-carpetas-de-recuperacion-por-nivel-y-areas-por-cierre-del-ano-escolar-2025-lo-ultimo\\\/#primaryimage\"},\"thumbnailUrl\":\"https:\\\/\\\/amautaenlinea.com\\\/blog\\\/wp-content\\\/uploads\\\/2025\\\/12\\\/Repositorio-de-carpetas-de-recuperacion-por-nivel-y-areas-por-cierre-del-ano-escolar-2025.png\",\"keywords\":[\"Minedu: Repositorio de carpetas de recuperaci\u00f3n por nivel y \u00e1reas por cierre del a\u00f1o escolar 2025\"],\"articleSection\":[\"Educaci\u00f3n\"],\"inLanguage\":\"es\",\"potentialAction\":[{\"@type\":\"CommentAction\",\"name\":\"Comment\",\"target\":[\"https:\\\/\\\/amautaenlinea.com\\\/blog\\\/minedu-repositorio-de-carpetas-de-recuperacion-por-nivel-y-areas-por-cierre-del-ano-escolar-2025-lo-ultimo\\\/#respond\"]}],\"copyrightYear\":\"2025\",\"copyrightHolder\":{\"@id\":\"https:\\\/\\\/amautaenlinea.com\\\/blog\\\/#organization\"}},{\"@type\":\"WebPage\",\"@id\":\"https:\\\/\\\/amautaenlinea.com\\\/blog\\\/minedu-repositorio-de-carpetas-de-recuperacion-por-nivel-y-areas-por-cierre-del-ano-escolar-2025-lo-ultimo\\\/\",\"url\":\"https:\\\/\\\/amautaenlinea.com\\\/blog\\\/minedu-repositorio-de-carpetas-de-recuperacion-por-nivel-y-areas-por-cierre-del-ano-escolar-2025-lo-ultimo\\\/\",\"name\":\"\u25b7 Minedu: Repositorio de carpetas de recuperaci\u00f3n por nivel y \u00e1reas por cierre del a\u00f1o escolar 2025 \u00a1LO \u00daLTIMO! \u2705\",\"isPartOf\":{\"@id\":\"https:\\\/\\\/amautaenlinea.com\\\/blog\\\/#website\"},\"primaryImageOfPage\":{\"@id\":\"https:\\\/\\\/amautaenlinea.com\\\/blog\\\/minedu-repositorio-de-carpetas-de-recuperacion-por-nivel-y-areas-por-cierre-del-ano-escolar-2025-lo-ultimo\\\/#primaryimage\"},\"image\":{\"@id\":\"https:\\\/\\\/amautaenlinea.com\\\/blog\\\/minedu-repositorio-de-carpetas-de-recuperacion-por-nivel-y-areas-por-cierre-del-ano-escolar-2025-lo-ultimo\\\/#primaryimage\"},\"thumbnailUrl\":\"https:\\\/\\\/amautaenlinea.com\\\/blog\\\/wp-content\\\/uploads\\\/2025\\\/12\\\/Repositorio-de-carpetas-de-recuperacion-por-nivel-y-areas-por-cierre-del-ano-escolar-2025.png\",\"datePublished\":\"2025-12-20T18:58:41+00:00\",\"description\":\"\u27a8 Minedu: Repositorio de carpetas de recuperaci\u00f3n por nivel y \u00e1reas por cierre del a\u00f1o escolar 2025\",\"breadcrumb\":{\"@id\":\"https:\\\/\\\/amautaenlinea.com\\\/blog\\\/minedu-repositorio-de-carpetas-de-recuperacion-por-nivel-y-areas-por-cierre-del-ano-escolar-2025-lo-ultimo\\\/#breadcrumb\"},\"inLanguage\":\"es\",\"potentialAction\":[{\"@type\":\"ReadAction\",\"target\":[\"https:\\\/\\\/amautaenlinea.com\\\/blog\\\/minedu-repositorio-de-carpetas-de-recuperacion-por-nivel-y-areas-por-cierre-del-ano-escolar-2025-lo-ultimo\\\/\"]}]},{\"@type\":\"ImageObject\",\"inLanguage\":\"es\",\"@id\":\"https:\\\/\\\/amautaenlinea.com\\\/blog\\\/minedu-repositorio-de-carpetas-de-recuperacion-por-nivel-y-areas-por-cierre-del-ano-escolar-2025-lo-ultimo\\\/#primaryimage\",\"url\":\"https:\\\/\\\/amautaenlinea.com\\\/blog\\\/wp-content\\\/uploads\\\/2025\\\/12\\\/Repositorio-de-carpetas-de-recuperacion-por-nivel-y-areas-por-cierre-del-ano-escolar-2025.png\",\"contentUrl\":\"https:\\\/\\\/amautaenlinea.com\\\/blog\\\/wp-content\\\/uploads\\\/2025\\\/12\\\/Repositorio-de-carpetas-de-recuperacion-por-nivel-y-areas-por-cierre-del-ano-escolar-2025.png\",\"width\":1280,\"height\":720},{\"@type\":\"BreadcrumbList\",\"@id\":\"https:\\\/\\\/amautaenlinea.com\\\/blog\\\/minedu-repositorio-de-carpetas-de-recuperacion-por-nivel-y-areas-por-cierre-del-ano-escolar-2025-lo-ultimo\\\/#breadcrumb\",\"itemListElement\":[{\"@type\":\"ListItem\",\"position\":1,\"name\":\"Portada\",\"item\":\"https:\\\/\\\/amautaenlinea.com\\\/blog\\\/\"},{\"@type\":\"ListItem\",\"position\":2,\"name\":\"Minedu: Repositorio de carpetas de recuperaci\u00f3n por nivel y \u00e1reas por cierre del a\u00f1o escolar 2025 \u00a1LO \u00daLTIMO!\"}]},{\"@type\":\"WebSite\",\"@id\":\"https:\\\/\\\/amautaenlinea.com\\\/blog\\\/#website\",\"url\":\"https:\\\/\\\/amautaenlinea.com\\\/blog\\\/\",\"name\":\"Grupo AMAUTA\",\"description\":\"\",\"publisher\":{\"@id\":\"https:\\\/\\\/amautaenlinea.com\\\/blog\\\/#organization\"},\"potentialAction\":[{\"@type\":\"SearchAction\",\"target\":{\"@type\":\"EntryPoint\",\"urlTemplate\":\"https:\\\/\\\/amautaenlinea.com\\\/blog\\\/?s={search_term_string}\"},\"query-input\":{\"@type\":\"PropertyValueSpecification\",\"valueRequired\":true,\"valueName\":\"search_term_string\"}}],\"inLanguage\":\"es\"},{\"@type\":\"Organization\",\"@id\":\"https:\\\/\\\/amautaenlinea.com\\\/blog\\\/#organization\",\"name\":\"Grupo AMAUTA E-BUSINESS\",\"url\":\"https:\\\/\\\/amautaenlinea.com\\\/blog\\\/\",\"logo\":{\"@type\":\"ImageObject\",\"inLanguage\":\"es\",\"@id\":\"https:\\\/\\\/amautaenlinea.com\\\/blog\\\/#\\\/schema\\\/logo\\\/image\\\/\",\"url\":\"https:\\\/\\\/amautaenlinea.com\\\/blog\\\/wp-content\\\/uploads\\\/2023\\\/09\\\/logo-amauta.png\",\"contentUrl\":\"https:\\\/\\\/amautaenlinea.com\\\/blog\\\/wp-content\\\/uploads\\\/2023\\\/09\\\/logo-amauta.png\",\"width\":1124,\"height\":368,\"caption\":\"Grupo AMAUTA E-BUSINESS\"},\"image\":{\"@id\":\"https:\\\/\\\/amautaenlinea.com\\\/blog\\\/#\\\/schema\\\/logo\\\/image\\\/\"},\"sameAs\":[\"https:\\\/\\\/www.facebook.com\\\/amautaperu.org\\\/\"]},{\"@type\":\"Person\",\"@id\":\"https:\\\/\\\/amautaenlinea.com\\\/blog\\\/#\\\/schema\\\/person\\\/d8d4b5d672e9edb72a6f23fd40dd31d5\",\"name\":\"Grupo AMAUTA EBUSINESS\",\"image\":{\"@type\":\"ImageObject\",\"inLanguage\":\"es\",\"@id\":\"https:\\\/\\\/secure.gravatar.com\\\/avatar\\\/97706b54c222a710310e2db50e02e68de0a4c8bb76654bcc4053b08241c6bd6c?s=96&d=mm&r=g\",\"url\":\"https:\\\/\\\/secure.gravatar.com\\\/avatar\\\/97706b54c222a710310e2db50e02e68de0a4c8bb76654bcc4053b08241c6bd6c?s=96&d=mm&r=g\",\"contentUrl\":\"https:\\\/\\\/secure.gravatar.com\\\/avatar\\\/97706b54c222a710310e2db50e02e68de0a4c8bb76654bcc4053b08241c6bd6c?s=96&d=mm&r=g\",\"caption\":\"Grupo AMAUTA EBUSINESS\"}}]}<\/script>\n<!-- \/ Yoast SEO Premium plugin. -->","yoast_head_json":{"title":"\u25b7 Minedu: Repositorio de carpetas de recuperaci\u00f3n por nivel y \u00e1reas por cierre del a\u00f1o escolar 2025 \u00a1LO \u00daLTIMO! \u2705","description":"\u27a8 Minedu: Repositorio de carpetas de recuperaci\u00f3n por nivel y \u00e1reas por cierre del a\u00f1o escolar 2025","robots":{"index":"index","follow":"follow","max-snippet":"max-snippet:-1","max-image-preview":"max-image-preview:large","max-video-preview":"max-video-preview:-1"},"canonical":"https:\/\/amautaenlinea.com\/blog\/minedu-repositorio-de-carpetas-de-recuperacion-por-nivel-y-areas-por-cierre-del-ano-escolar-2025-lo-ultimo\/","og_locale":"es_ES","og_type":"article","og_title":"Minedu: Repositorio de carpetas de recuperaci\u00f3n por nivel y \u00e1reas por cierre del a\u00f1o escolar 2025 \u00a1LO \u00daLTIMO!","og_description":"\u27a8 Minedu: Repositorio de carpetas de recuperaci\u00f3n por nivel y \u00e1reas por cierre del a\u00f1o escolar 2025","og_url":"https:\/\/amautaenlinea.com\/blog\/minedu-repositorio-de-carpetas-de-recuperacion-por-nivel-y-areas-por-cierre-del-ano-escolar-2025-lo-ultimo\/","og_site_name":"Grupo AMAUTA","article_publisher":"https:\/\/www.facebook.com\/amautaperu.org\/","article_published_time":"2025-12-20T18:58:41+00:00","og_image":[{"width":1280,"height":720,"url":"https:\/\/amautaenlinea.com\/blog\/wp-content\/uploads\/2025\/12\/Repositorio-de-carpetas-de-recuperacion-por-nivel-y-areas-por-cierre-del-ano-escolar-2025.png","type":"image\/png"}],"author":"Grupo AMAUTA EBUSINESS","twitter_card":"summary_large_image","schema":{"@context":"https:\/\/schema.org","@graph":[{"@type":"Article","@id":"https:\/\/amautaenlinea.com\/blog\/minedu-repositorio-de-carpetas-de-recuperacion-por-nivel-y-areas-por-cierre-del-ano-escolar-2025-lo-ultimo\/#article","isPartOf":{"@id":"https:\/\/amautaenlinea.com\/blog\/minedu-repositorio-de-carpetas-de-recuperacion-por-nivel-y-areas-por-cierre-del-ano-escolar-2025-lo-ultimo\/"},"author":{"name":"Grupo AMAUTA EBUSINESS","@id":"https:\/\/amautaenlinea.com\/blog\/#\/schema\/person\/d8d4b5d672e9edb72a6f23fd40dd31d5"},"headline":"Minedu: Repositorio de carpetas de recuperaci\u00f3n por nivel y \u00e1reas por cierre del a\u00f1o escolar 2025 \u00a1LO \u00daLTIMO!","datePublished":"2025-12-20T18:58:41+00:00","mainEntityOfPage":{"@id":"https:\/\/amautaenlinea.com\/blog\/minedu-repositorio-de-carpetas-de-recuperacion-por-nivel-y-areas-por-cierre-del-ano-escolar-2025-lo-ultimo\/"},"wordCount":605,"commentCount":0,"publisher":{"@id":"https:\/\/amautaenlinea.com\/blog\/#organization"},"image":{"@id":"https:\/\/amautaenlinea.com\/blog\/minedu-repositorio-de-carpetas-de-recuperacion-por-nivel-y-areas-por-cierre-del-ano-escolar-2025-lo-ultimo\/#primaryimage"},"thumbnailUrl":"https:\/\/amautaenlinea.com\/blog\/wp-content\/uploads\/2025\/12\/Repositorio-de-carpetas-de-recuperacion-por-nivel-y-areas-por-cierre-del-ano-escolar-2025.png","keywords":["Minedu: Repositorio de carpetas de recuperaci\u00f3n por nivel y \u00e1reas por cierre del a\u00f1o escolar 2025"],"articleSection":["Educaci\u00f3n"],"inLanguage":"es","potentialAction":[{"@type":"CommentAction","name":"Comment","target":["https:\/\/amautaenlinea.com\/blog\/minedu-repositorio-de-carpetas-de-recuperacion-por-nivel-y-areas-por-cierre-del-ano-escolar-2025-lo-ultimo\/#respond"]}],"copyrightYear":"2025","copyrightHolder":{"@id":"https:\/\/amautaenlinea.com\/blog\/#organization"}},{"@type":"WebPage","@id":"https:\/\/amautaenlinea.com\/blog\/minedu-repositorio-de-carpetas-de-recuperacion-por-nivel-y-areas-por-cierre-del-ano-escolar-2025-lo-ultimo\/","url":"https:\/\/amautaenlinea.com\/blog\/minedu-repositorio-de-carpetas-de-recuperacion-por-nivel-y-areas-por-cierre-del-ano-escolar-2025-lo-ultimo\/","name":"\u25b7 Minedu: Repositorio de carpetas de recuperaci\u00f3n por nivel y \u00e1reas por cierre del a\u00f1o escolar 2025 \u00a1LO \u00daLTIMO! \u2705","isPartOf":{"@id":"https:\/\/amautaenlinea.com\/blog\/#website"},"primaryImageOfPage":{"@id":"https:\/\/amautaenlinea.com\/blog\/minedu-repositorio-de-carpetas-de-recuperacion-por-nivel-y-areas-por-cierre-del-ano-escolar-2025-lo-ultimo\/#primaryimage"},"image":{"@id":"https:\/\/amautaenlinea.com\/blog\/minedu-repositorio-de-carpetas-de-recuperacion-por-nivel-y-areas-por-cierre-del-ano-escolar-2025-lo-ultimo\/#primaryimage"},"thumbnailUrl":"https:\/\/amautaenlinea.com\/blog\/wp-content\/uploads\/2025\/12\/Repositorio-de-carpetas-de-recuperacion-por-nivel-y-areas-por-cierre-del-ano-escolar-2025.png","datePublished":"2025-12-20T18:58:41+00:00","description":"\u27a8 Minedu: Repositorio de carpetas de recuperaci\u00f3n por nivel y \u00e1reas por cierre del a\u00f1o escolar 2025","breadcrumb":{"@id":"https:\/\/amautaenlinea.com\/blog\/minedu-repositorio-de-carpetas-de-recuperacion-por-nivel-y-areas-por-cierre-del-ano-escolar-2025-lo-ultimo\/#breadcrumb"},"inLanguage":"es","potentialAction":[{"@type":"ReadAction","target":["https:\/\/amautaenlinea.com\/blog\/minedu-repositorio-de-carpetas-de-recuperacion-por-nivel-y-areas-por-cierre-del-ano-escolar-2025-lo-ultimo\/"]}]},{"@type":"ImageObject","inLanguage":"es","@id":"https:\/\/amautaenlinea.com\/blog\/minedu-repositorio-de-carpetas-de-recuperacion-por-nivel-y-areas-por-cierre-del-ano-escolar-2025-lo-ultimo\/#primaryimage","url":"https:\/\/amautaenlinea.com\/blog\/wp-content\/uploads\/2025\/12\/Repositorio-de-carpetas-de-recuperacion-por-nivel-y-areas-por-cierre-del-ano-escolar-2025.png","contentUrl":"https:\/\/amautaenlinea.com\/blog\/wp-content\/uploads\/2025\/12\/Repositorio-de-carpetas-de-recuperacion-por-nivel-y-areas-por-cierre-del-ano-escolar-2025.png","width":1280,"height":720},{"@type":"BreadcrumbList","@id":"https:\/\/amautaenlinea.com\/blog\/minedu-repositorio-de-carpetas-de-recuperacion-por-nivel-y-areas-por-cierre-del-ano-escolar-2025-lo-ultimo\/#breadcrumb","itemListElement":[{"@type":"ListItem","position":1,"name":"Portada","item":"https:\/\/amautaenlinea.com\/blog\/"},{"@type":"ListItem","position":2,"name":"Minedu: Repositorio de carpetas de recuperaci\u00f3n por nivel y \u00e1reas por cierre del a\u00f1o escolar 2025 \u00a1LO \u00daLTIMO!"}]},{"@type":"WebSite","@id":"https:\/\/amautaenlinea.com\/blog\/#website","url":"https:\/\/amautaenlinea.com\/blog\/","name":"Grupo AMAUTA","description":"","publisher":{"@id":"https:\/\/amautaenlinea.com\/blog\/#organization"},"potentialAction":[{"@type":"SearchAction","target":{"@type":"EntryPoint","urlTemplate":"https:\/\/amautaenlinea.com\/blog\/?s={search_term_string}"},"query-input":{"@type":"PropertyValueSpecification","valueRequired":true,"valueName":"search_term_string"}}],"inLanguage":"es"},{"@type":"Organization","@id":"https:\/\/amautaenlinea.com\/blog\/#organization","name":"Grupo AMAUTA E-BUSINESS","url":"https:\/\/amautaenlinea.com\/blog\/","logo":{"@type":"ImageObject","inLanguage":"es","@id":"https:\/\/amautaenlinea.com\/blog\/#\/schema\/logo\/image\/","url":"https:\/\/amautaenlinea.com\/blog\/wp-content\/uploads\/2023\/09\/logo-amauta.png","contentUrl":"https:\/\/amautaenlinea.com\/blog\/wp-content\/uploads\/2023\/09\/logo-amauta.png","width":1124,"height":368,"caption":"Grupo AMAUTA E-BUSINESS"},"image":{"@id":"https:\/\/amautaenlinea.com\/blog\/#\/schema\/logo\/image\/"},"sameAs":["https:\/\/www.facebook.com\/amautaperu.org\/"]},{"@type":"Person","@id":"https:\/\/amautaenlinea.com\/blog\/#\/schema\/person\/d8d4b5d672e9edb72a6f23fd40dd31d5","name":"Grupo AMAUTA EBUSINESS","image":{"@type":"ImageObject","inLanguage":"es","@id":"https:\/\/secure.gravatar.com\/avatar\/97706b54c222a710310e2db50e02e68de0a4c8bb76654bcc4053b08241c6bd6c?s=96&d=mm&r=g","url":"https:\/\/secure.gravatar.com\/avatar\/97706b54c222a710310e2db50e02e68de0a4c8bb76654bcc4053b08241c6bd6c?s=96&d=mm&r=g","contentUrl":"https:\/\/secure.gravatar.com\/avatar\/97706b54c222a710310e2db50e02e68de0a4c8bb76654bcc4053b08241c6bd6c?s=96&d=mm&r=g","caption":"Grupo AMAUTA EBUSINESS"}}]}},"_links":{"self":[{"href":"https:\/\/amautaenlinea.com\/blog\/wp-json\/wp\/v2\/posts\/18147","targetHints":{"allow":["GET"]}}],"collection":[{"href":"https:\/\/amautaenlinea.com\/blog\/wp-json\/wp\/v2\/posts"}],"about":[{"href":"https:\/\/amautaenlinea.com\/blog\/wp-json\/wp\/v2\/types\/post"}],"author":[{"embeddable":true,"href":"https:\/\/amautaenlinea.com\/blog\/wp-json\/wp\/v2\/users\/1"}],"replies":[{"embeddable":true,"href":"https:\/\/amautaenlinea.com\/blog\/wp-json\/wp\/v2\/comments?post=18147"}],"version-history":[{"count":1,"href":"https:\/\/amautaenlinea.com\/blog\/wp-json\/wp\/v2\/posts\/18147\/revisions"}],"predecessor-version":[{"id":18150,"href":"https:\/\/amautaenlinea.com\/blog\/wp-json\/wp\/v2\/posts\/18147\/revisions\/18150"}],"wp:featuredmedia":[{"embeddable":true,"href":"https:\/\/amautaenlinea.com\/blog\/wp-json\/wp\/v2\/media\/18149"}],"wp:attachment":[{"href":"https:\/\/amautaenlinea.com\/blog\/wp-json\/wp\/v2\/media?parent=18147"}],"wp:term":[{"taxonomy":"category","embeddable":true,"href":"https:\/\/amautaenlinea.com\/blog\/wp-json\/wp\/v2\/categories?post=18147"},{"taxonomy":"post_tag","embeddable":true,"href":"https:\/\/amautaenlinea.com\/blog\/wp-json\/wp\/v2\/tags?post=18147"}],"curies":[{"name":"wp","href":"https:\/\/api.w.org\/{rel}","templated":true}]}}