{"id":18115,"date":"2025-12-16T20:10:50","date_gmt":"2025-12-17T01:10:50","guid":{"rendered":"https:\/\/amautaenlinea.com\/blog\/?p=18115"},"modified":"2025-12-22T13:37:32","modified_gmt":"2025-12-22T18:37:32","slug":"minedu-salio-el-comunicado-plazos-y-requisitos-a-presentar-para-el-pago-de-vacaciones-truncas-para-docentes-y-auxiliares-contratados-lo-ultimo","status":"publish","type":"post","link":"https:\/\/amautaenlinea.com\/blog\/minedu-salio-el-comunicado-plazos-y-requisitos-a-presentar-para-el-pago-de-vacaciones-truncas-para-docentes-y-auxiliares-contratados-lo-ultimo\/","title":{"rendered":"Minedu: Sali\u00f3 el comunicado plazos y requisitos a presentar para el pago de vacaciones truncas para docentes y auxiliares contratados \u00a1LO \u00daLTIMO!"},"content":{"rendered":"<h2>COMUNICADO<\/h2>\n<h2>VACACIONES TRUNCAS (CONTRATADOS)<\/h2>\n<p>Los docentes y auxiliares de educaci\u00f3n contratados, deber\u00e1n presentar por mesa de partes PRESENCIAL la solicitud de vacaciones truncas (ASUNTO: PAGO DE VACACIONES TRUNCAS) adjuntando constancia de trabajo en ORIGINAL, emitido por la direcci\u00f3n de la Instituci\u00f3n Educativa en la cual labor\u00f3 y copia de la Resoluci\u00f3n Directoral que acredite el v\u00ednculo; la constancia de trabajo debe tener como m\u00ednimo la siguiente informaci\u00f3n:<\/p>\n<p>\u2756 Apellidos y nombres completos<br \/>\n\u2756 Numero de resoluci\u00f3n de contrato<br \/>\n\u2756 Jornada laboral de trabajo<br \/>\n\u2756 Cargo<br \/>\n\u2756 Vigencia de contrato mencionando inicio y termino<\/p>\n<p><img loading=\"lazy\" decoding=\"async\" class=\"alignnone size-medium wp-image-18116\" src=\"https:\/\/amautaenlinea.com\/blog\/wp-content\/uploads\/2025\/12\/VACACIONES-TRUNCAS-300x176.jpg\" alt=\"\" width=\"300\" height=\"176\" srcset=\"https:\/\/amautaenlinea.com\/blog\/wp-content\/uploads\/2025\/12\/VACACIONES-TRUNCAS-300x176.jpg 300w, https:\/\/amautaenlinea.com\/blog\/wp-content\/uploads\/2025\/12\/VACACIONES-TRUNCAS-1024x600.jpg 1024w, https:\/\/amautaenlinea.com\/blog\/wp-content\/uploads\/2025\/12\/VACACIONES-TRUNCAS-768x450.jpg 768w, https:\/\/amautaenlinea.com\/blog\/wp-content\/uploads\/2025\/12\/VACACIONES-TRUNCAS-184x109.jpg 184w, https:\/\/amautaenlinea.com\/blog\/wp-content\/uploads\/2025\/12\/VACACIONES-TRUNCAS.jpg 1240w\" sizes=\"auto, (max-width: 300px) 100vw, 300px\" \/><\/p>\n<h2>OBSERVACI\u00d3N:<\/h2>\n<p>1. \u201cNo presentaran expediente lo contratados que tengan un solo acto resolutivo de contrato al 31 de diciembre.\u201d<br \/>\nEjemplos:<br \/>\n\u2022 Del 01 de marzo al 31 de diciembre<br \/>\n\u2022 Del 24 de mayo al 31 de diciembre<br \/>\n\u2022 Del 18 de noviembre al 31 de diciembre, etc.<\/p>\n<p>2. Presentaran solicitudes aquellos contratados que la vigencia de contrato tenga como termino antes del 31 de diciembre.<\/p>\n<p>Ejemplos: (NO SON CONSIDERADOS LAS RESOLUCIONES PARA EFECTOS DE PAGO)<\/p>\n<p>\u2022 Del 01 de marzo al 20 de junio<br \/>\n\u2022 Del 24 de mayo al 27 de setiembre<br \/>\n\u2022 Del 21 de agosto al 21 de noviembre, etc.<\/p>\n<p>3. Si tienen contrato en diferentes Instituciones Educativas deber\u00e1n presentar un expediente por cada IIEE.<\/p>\n<p>4. Plazo m\u00e1ximo para presentar expedientes hasta el 31 de diciembre.<\/p>\n<p>Los directores de la II.EE, deber\u00e1n de informar adicionalmente, que docente renuncia en el mes de diciembre para el c\u00e1lculo proporcional de las vacaciones truncas.<\/p>\n<p>HUARAL, 16 DE DICIEMBRE 2025 OFICINA DE PLANILLA<\/p>\n<h3><a href=\"https:\/\/drive.google.com\/file\/d\/1hJ4iHJQcXugBhu9loYs3IO589EXwlmLG\/view?fbclid=IwY2xjawOuqw1leHRuA2FlbQIxMABicmlkETFYOENnUTZSdmVKMGQ0WUNzc3J0YwZhcHBfaWQQMjIyMDM5MTc4ODIwMDg5MgABHvT-Q0Q9__xs_CmsVsH5nWtzfhKVsll30U1YiKHwh5ehNOk3aYzK9B72RDua_aem_t71VvEX_SQYCeUqsNgzaLg\">DESCARGUE AQU\u00cd EL COMUNICADO OFICIAL<\/a><\/h3>\n<p><img loading=\"lazy\" decoding=\"async\" class=\"alignnone size-medium wp-image-18158\" src=\"https:\/\/amautaenlinea.com\/blog\/wp-content\/uploads\/2025\/12\/vacaciones-truncas-2-279x300.jpg\" alt=\"\" width=\"279\" height=\"300\" srcset=\"https:\/\/amautaenlinea.com\/blog\/wp-content\/uploads\/2025\/12\/vacaciones-truncas-2-279x300.jpg 279w, https:\/\/amautaenlinea.com\/blog\/wp-content\/uploads\/2025\/12\/vacaciones-truncas-2-951x1024.jpg 951w, https:\/\/amautaenlinea.com\/blog\/wp-content\/uploads\/2025\/12\/vacaciones-truncas-2-768x827.jpg 768w, https:\/\/amautaenlinea.com\/blog\/wp-content\/uploads\/2025\/12\/vacaciones-truncas-2-1427x1536.jpg 1427w, https:\/\/amautaenlinea.com\/blog\/wp-content\/uploads\/2025\/12\/vacaciones-truncas-2.jpg 1902w\" sizes=\"auto, (max-width: 279px) 100vw, 279px\" \/> <img loading=\"lazy\" decoding=\"async\" class=\"alignnone size-medium wp-image-18159\" src=\"https:\/\/amautaenlinea.com\/blog\/wp-content\/uploads\/2025\/12\/vacaciones-truncas-1-300x252.jpg\" alt=\"\" width=\"300\" height=\"252\" srcset=\"https:\/\/amautaenlinea.com\/blog\/wp-content\/uploads\/2025\/12\/vacaciones-truncas-1-300x252.jpg 300w, https:\/\/amautaenlinea.com\/blog\/wp-content\/uploads\/2025\/12\/vacaciones-truncas-1-1024x861.jpg 1024w, https:\/\/amautaenlinea.com\/blog\/wp-content\/uploads\/2025\/12\/vacaciones-truncas-1-768x646.jpg 768w, https:\/\/amautaenlinea.com\/blog\/wp-content\/uploads\/2025\/12\/vacaciones-truncas-1.jpg 1423w\" sizes=\"auto, (max-width: 300px) 100vw, 300px\" \/><\/p>\n","protected":false},"excerpt":{"rendered":"<p>COMUNICADO VACACIONES TRUNCAS (CONTRATADOS) Los docentes y auxiliares de educaci\u00f3n contratados, deber\u00e1n presentar por mesa de partes PRESENCIAL la solicitud de vacaciones truncas (ASUNTO:<\/p>\n","protected":false},"author":1,"featured_media":18117,"comment_status":"open","ping_status":"open","sticky":false,"template":"","format":"standard","meta":{"footnotes":""},"categories":[4],"tags":[3257],"class_list":["post-18115","post","type-post","status-publish","format-standard","has-post-thumbnail","hentry","category-educacion","tag-salio-el-comunicado-plazos-y-requisitos-a-presentar-para-el-pago-de-vacaciones-truncas-para-docentes-y-auxiliares-contratados"],"yoast_head":"<!-- This site is optimized with the Yoast SEO Premium plugin v21.2 (Yoast SEO v27.4) - https:\/\/yoast.com\/product\/yoast-seo-premium-wordpress\/ -->\n<title>\u25b7 Minedu: Sali\u00f3 el comunicado plazos y requisitos a presentar para el pago de vacaciones truncas para docentes y auxiliares contratados \u00a1LO \u00daLTIMO! \u2705<\/title>\n<meta name=\"description\" content=\"\u27a8 Sali\u00f3 el comunicado plazos y requisitos a presentar para el pago de vacaciones truncas para docentes y auxiliares contratados\" \/>\n<meta name=\"robots\" content=\"index, follow, max-snippet:-1, max-image-preview:large, max-video-preview:-1\" \/>\n<link rel=\"canonical\" href=\"https:\/\/amautaenlinea.com\/blog\/minedu-salio-el-comunicado-plazos-y-requisitos-a-presentar-para-el-pago-de-vacaciones-truncas-para-docentes-y-auxiliares-contratados-lo-ultimo\/\" \/>\n<meta property=\"og:locale\" content=\"es_ES\" \/>\n<meta property=\"og:type\" content=\"article\" \/>\n<meta property=\"og:title\" content=\"Minedu: Sali\u00f3 el comunicado plazos y requisitos a presentar para el pago de vacaciones truncas para docentes y auxiliares contratados \u00a1LO \u00daLTIMO!\" \/>\n<meta property=\"og:description\" content=\"\u27a8 Sali\u00f3 el comunicado plazos y requisitos a presentar para el pago de vacaciones truncas para docentes y auxiliares contratados\" \/>\n<meta property=\"og:url\" content=\"https:\/\/amautaenlinea.com\/blog\/minedu-salio-el-comunicado-plazos-y-requisitos-a-presentar-para-el-pago-de-vacaciones-truncas-para-docentes-y-auxiliares-contratados-lo-ultimo\/\" \/>\n<meta property=\"og:site_name\" content=\"Grupo AMAUTA\" \/>\n<meta property=\"article:publisher\" content=\"https:\/\/www.facebook.com\/amautaperu.org\/\" \/>\n<meta property=\"article:published_time\" content=\"2025-12-17T01:10:50+00:00\" \/>\n<meta property=\"article:modified_time\" content=\"2025-12-22T18:37:32+00:00\" \/>\n<meta property=\"og:image\" content=\"https:\/\/amautaenlinea.com\/blog\/wp-content\/uploads\/2025\/12\/Salio-el-comunicado-plazos-y-requisitos-a-presentar-para-el-pago-de-vacaciones-truncas-para-docentes-y-auxiliares-contratados.png\" \/>\n\t<meta property=\"og:image:width\" content=\"1280\" \/>\n\t<meta property=\"og:image:height\" content=\"720\" \/>\n\t<meta property=\"og:image:type\" content=\"image\/png\" \/>\n<meta name=\"author\" content=\"Grupo AMAUTA EBUSINESS\" \/>\n<meta name=\"twitter:card\" content=\"summary_large_image\" \/>\n<script type=\"application\/ld+json\" class=\"yoast-schema-graph\">{\"@context\":\"https:\\\/\\\/schema.org\",\"@graph\":[{\"@type\":\"Article\",\"@id\":\"https:\\\/\\\/amautaenlinea.com\\\/blog\\\/minedu-salio-el-comunicado-plazos-y-requisitos-a-presentar-para-el-pago-de-vacaciones-truncas-para-docentes-y-auxiliares-contratados-lo-ultimo\\\/#article\",\"isPartOf\":{\"@id\":\"https:\\\/\\\/amautaenlinea.com\\\/blog\\\/minedu-salio-el-comunicado-plazos-y-requisitos-a-presentar-para-el-pago-de-vacaciones-truncas-para-docentes-y-auxiliares-contratados-lo-ultimo\\\/\"},\"author\":{\"name\":\"Grupo AMAUTA EBUSINESS\",\"@id\":\"https:\\\/\\\/amautaenlinea.com\\\/blog\\\/#\\\/schema\\\/person\\\/d8d4b5d672e9edb72a6f23fd40dd31d5\"},\"headline\":\"Minedu: Sali\u00f3 el comunicado plazos y requisitos a presentar para el pago de vacaciones truncas para docentes y auxiliares contratados \u00a1LO \u00daLTIMO!\",\"datePublished\":\"2025-12-17T01:10:50+00:00\",\"dateModified\":\"2025-12-22T18:37:32+00:00\",\"mainEntityOfPage\":{\"@id\":\"https:\\\/\\\/amautaenlinea.com\\\/blog\\\/minedu-salio-el-comunicado-plazos-y-requisitos-a-presentar-para-el-pago-de-vacaciones-truncas-para-docentes-y-auxiliares-contratados-lo-ultimo\\\/\"},\"wordCount\":266,\"commentCount\":0,\"publisher\":{\"@id\":\"https:\\\/\\\/amautaenlinea.com\\\/blog\\\/#organization\"},\"image\":{\"@id\":\"https:\\\/\\\/amautaenlinea.com\\\/blog\\\/minedu-salio-el-comunicado-plazos-y-requisitos-a-presentar-para-el-pago-de-vacaciones-truncas-para-docentes-y-auxiliares-contratados-lo-ultimo\\\/#primaryimage\"},\"thumbnailUrl\":\"https:\\\/\\\/amautaenlinea.com\\\/blog\\\/wp-content\\\/uploads\\\/2025\\\/12\\\/Salio-el-comunicado-plazos-y-requisitos-a-presentar-para-el-pago-de-vacaciones-truncas-para-docentes-y-auxiliares-contratados.png\",\"keywords\":[\"Sali\u00f3 el comunicado plazos y requisitos a presentar para el pago de vacaciones truncas para docentes y auxiliares contratados\"],\"articleSection\":[\"Educaci\u00f3n\"],\"inLanguage\":\"es\",\"potentialAction\":[{\"@type\":\"CommentAction\",\"name\":\"Comment\",\"target\":[\"https:\\\/\\\/amautaenlinea.com\\\/blog\\\/minedu-salio-el-comunicado-plazos-y-requisitos-a-presentar-para-el-pago-de-vacaciones-truncas-para-docentes-y-auxiliares-contratados-lo-ultimo\\\/#respond\"]}],\"copyrightYear\":\"2025\",\"copyrightHolder\":{\"@id\":\"https:\\\/\\\/amautaenlinea.com\\\/blog\\\/#organization\"}},{\"@type\":\"WebPage\",\"@id\":\"https:\\\/\\\/amautaenlinea.com\\\/blog\\\/minedu-salio-el-comunicado-plazos-y-requisitos-a-presentar-para-el-pago-de-vacaciones-truncas-para-docentes-y-auxiliares-contratados-lo-ultimo\\\/\",\"url\":\"https:\\\/\\\/amautaenlinea.com\\\/blog\\\/minedu-salio-el-comunicado-plazos-y-requisitos-a-presentar-para-el-pago-de-vacaciones-truncas-para-docentes-y-auxiliares-contratados-lo-ultimo\\\/\",\"name\":\"\u25b7 Minedu: Sali\u00f3 el comunicado plazos y requisitos a presentar para el pago de vacaciones truncas para docentes y auxiliares contratados \u00a1LO \u00daLTIMO! \u2705\",\"isPartOf\":{\"@id\":\"https:\\\/\\\/amautaenlinea.com\\\/blog\\\/#website\"},\"primaryImageOfPage\":{\"@id\":\"https:\\\/\\\/amautaenlinea.com\\\/blog\\\/minedu-salio-el-comunicado-plazos-y-requisitos-a-presentar-para-el-pago-de-vacaciones-truncas-para-docentes-y-auxiliares-contratados-lo-ultimo\\\/#primaryimage\"},\"image\":{\"@id\":\"https:\\\/\\\/amautaenlinea.com\\\/blog\\\/minedu-salio-el-comunicado-plazos-y-requisitos-a-presentar-para-el-pago-de-vacaciones-truncas-para-docentes-y-auxiliares-contratados-lo-ultimo\\\/#primaryimage\"},\"thumbnailUrl\":\"https:\\\/\\\/amautaenlinea.com\\\/blog\\\/wp-content\\\/uploads\\\/2025\\\/12\\\/Salio-el-comunicado-plazos-y-requisitos-a-presentar-para-el-pago-de-vacaciones-truncas-para-docentes-y-auxiliares-contratados.png\",\"datePublished\":\"2025-12-17T01:10:50+00:00\",\"dateModified\":\"2025-12-22T18:37:32+00:00\",\"description\":\"\u27a8 Sali\u00f3 el comunicado plazos y requisitos a presentar para el pago de vacaciones truncas para docentes y auxiliares contratados\",\"breadcrumb\":{\"@id\":\"https:\\\/\\\/amautaenlinea.com\\\/blog\\\/minedu-salio-el-comunicado-plazos-y-requisitos-a-presentar-para-el-pago-de-vacaciones-truncas-para-docentes-y-auxiliares-contratados-lo-ultimo\\\/#breadcrumb\"},\"inLanguage\":\"es\",\"potentialAction\":[{\"@type\":\"ReadAction\",\"target\":[\"https:\\\/\\\/amautaenlinea.com\\\/blog\\\/minedu-salio-el-comunicado-plazos-y-requisitos-a-presentar-para-el-pago-de-vacaciones-truncas-para-docentes-y-auxiliares-contratados-lo-ultimo\\\/\"]}]},{\"@type\":\"ImageObject\",\"inLanguage\":\"es\",\"@id\":\"https:\\\/\\\/amautaenlinea.com\\\/blog\\\/minedu-salio-el-comunicado-plazos-y-requisitos-a-presentar-para-el-pago-de-vacaciones-truncas-para-docentes-y-auxiliares-contratados-lo-ultimo\\\/#primaryimage\",\"url\":\"https:\\\/\\\/amautaenlinea.com\\\/blog\\\/wp-content\\\/uploads\\\/2025\\\/12\\\/Salio-el-comunicado-plazos-y-requisitos-a-presentar-para-el-pago-de-vacaciones-truncas-para-docentes-y-auxiliares-contratados.png\",\"contentUrl\":\"https:\\\/\\\/amautaenlinea.com\\\/blog\\\/wp-content\\\/uploads\\\/2025\\\/12\\\/Salio-el-comunicado-plazos-y-requisitos-a-presentar-para-el-pago-de-vacaciones-truncas-para-docentes-y-auxiliares-contratados.png\",\"width\":1280,\"height\":720,\"caption\":\"Sali\u00f3 el comunicado plazos y requisitos a presentar para el pago de vacaciones truncas para docentes y auxiliares contratados\"},{\"@type\":\"BreadcrumbList\",\"@id\":\"https:\\\/\\\/amautaenlinea.com\\\/blog\\\/minedu-salio-el-comunicado-plazos-y-requisitos-a-presentar-para-el-pago-de-vacaciones-truncas-para-docentes-y-auxiliares-contratados-lo-ultimo\\\/#breadcrumb\",\"itemListElement\":[{\"@type\":\"ListItem\",\"position\":1,\"name\":\"Portada\",\"item\":\"https:\\\/\\\/amautaenlinea.com\\\/blog\\\/\"},{\"@type\":\"ListItem\",\"position\":2,\"name\":\"Minedu: Sali\u00f3 el comunicado plazos y requisitos a presentar para el pago de vacaciones truncas para docentes y auxiliares contratados \u00a1LO \u00daLTIMO!\"}]},{\"@type\":\"WebSite\",\"@id\":\"https:\\\/\\\/amautaenlinea.com\\\/blog\\\/#website\",\"url\":\"https:\\\/\\\/amautaenlinea.com\\\/blog\\\/\",\"name\":\"Grupo AMAUTA\",\"description\":\"\",\"publisher\":{\"@id\":\"https:\\\/\\\/amautaenlinea.com\\\/blog\\\/#organization\"},\"potentialAction\":[{\"@type\":\"SearchAction\",\"target\":{\"@type\":\"EntryPoint\",\"urlTemplate\":\"https:\\\/\\\/amautaenlinea.com\\\/blog\\\/?s={search_term_string}\"},\"query-input\":{\"@type\":\"PropertyValueSpecification\",\"valueRequired\":true,\"valueName\":\"search_term_string\"}}],\"inLanguage\":\"es\"},{\"@type\":\"Organization\",\"@id\":\"https:\\\/\\\/amautaenlinea.com\\\/blog\\\/#organization\",\"name\":\"Grupo AMAUTA E-BUSINESS\",\"url\":\"https:\\\/\\\/amautaenlinea.com\\\/blog\\\/\",\"logo\":{\"@type\":\"ImageObject\",\"inLanguage\":\"es\",\"@id\":\"https:\\\/\\\/amautaenlinea.com\\\/blog\\\/#\\\/schema\\\/logo\\\/image\\\/\",\"url\":\"https:\\\/\\\/amautaenlinea.com\\\/blog\\\/wp-content\\\/uploads\\\/2023\\\/09\\\/logo-amauta.png\",\"contentUrl\":\"https:\\\/\\\/amautaenlinea.com\\\/blog\\\/wp-content\\\/uploads\\\/2023\\\/09\\\/logo-amauta.png\",\"width\":1124,\"height\":368,\"caption\":\"Grupo AMAUTA E-BUSINESS\"},\"image\":{\"@id\":\"https:\\\/\\\/amautaenlinea.com\\\/blog\\\/#\\\/schema\\\/logo\\\/image\\\/\"},\"sameAs\":[\"https:\\\/\\\/www.facebook.com\\\/amautaperu.org\\\/\"]},{\"@type\":\"Person\",\"@id\":\"https:\\\/\\\/amautaenlinea.com\\\/blog\\\/#\\\/schema\\\/person\\\/d8d4b5d672e9edb72a6f23fd40dd31d5\",\"name\":\"Grupo AMAUTA EBUSINESS\",\"image\":{\"@type\":\"ImageObject\",\"inLanguage\":\"es\",\"@id\":\"https:\\\/\\\/secure.gravatar.com\\\/avatar\\\/97706b54c222a710310e2db50e02e68de0a4c8bb76654bcc4053b08241c6bd6c?s=96&d=mm&r=g\",\"url\":\"https:\\\/\\\/secure.gravatar.com\\\/avatar\\\/97706b54c222a710310e2db50e02e68de0a4c8bb76654bcc4053b08241c6bd6c?s=96&d=mm&r=g\",\"contentUrl\":\"https:\\\/\\\/secure.gravatar.com\\\/avatar\\\/97706b54c222a710310e2db50e02e68de0a4c8bb76654bcc4053b08241c6bd6c?s=96&d=mm&r=g\",\"caption\":\"Grupo AMAUTA EBUSINESS\"}}]}<\/script>\n<!-- \/ Yoast SEO Premium plugin. -->","yoast_head_json":{"title":"\u25b7 Minedu: Sali\u00f3 el comunicado plazos y requisitos a presentar para el pago de vacaciones truncas para docentes y auxiliares contratados \u00a1LO \u00daLTIMO! \u2705","description":"\u27a8 Sali\u00f3 el comunicado plazos y requisitos a presentar para el pago de vacaciones truncas para docentes y auxiliares contratados","robots":{"index":"index","follow":"follow","max-snippet":"max-snippet:-1","max-image-preview":"max-image-preview:large","max-video-preview":"max-video-preview:-1"},"canonical":"https:\/\/amautaenlinea.com\/blog\/minedu-salio-el-comunicado-plazos-y-requisitos-a-presentar-para-el-pago-de-vacaciones-truncas-para-docentes-y-auxiliares-contratados-lo-ultimo\/","og_locale":"es_ES","og_type":"article","og_title":"Minedu: Sali\u00f3 el comunicado plazos y requisitos a presentar para el pago de vacaciones truncas para docentes y auxiliares contratados \u00a1LO \u00daLTIMO!","og_description":"\u27a8 Sali\u00f3 el comunicado plazos y requisitos a presentar para el pago de vacaciones truncas para docentes y auxiliares contratados","og_url":"https:\/\/amautaenlinea.com\/blog\/minedu-salio-el-comunicado-plazos-y-requisitos-a-presentar-para-el-pago-de-vacaciones-truncas-para-docentes-y-auxiliares-contratados-lo-ultimo\/","og_site_name":"Grupo AMAUTA","article_publisher":"https:\/\/www.facebook.com\/amautaperu.org\/","article_published_time":"2025-12-17T01:10:50+00:00","article_modified_time":"2025-12-22T18:37:32+00:00","og_image":[{"width":1280,"height":720,"url":"https:\/\/amautaenlinea.com\/blog\/wp-content\/uploads\/2025\/12\/Salio-el-comunicado-plazos-y-requisitos-a-presentar-para-el-pago-de-vacaciones-truncas-para-docentes-y-auxiliares-contratados.png","type":"image\/png"}],"author":"Grupo AMAUTA EBUSINESS","twitter_card":"summary_large_image","schema":{"@context":"https:\/\/schema.org","@graph":[{"@type":"Article","@id":"https:\/\/amautaenlinea.com\/blog\/minedu-salio-el-comunicado-plazos-y-requisitos-a-presentar-para-el-pago-de-vacaciones-truncas-para-docentes-y-auxiliares-contratados-lo-ultimo\/#article","isPartOf":{"@id":"https:\/\/amautaenlinea.com\/blog\/minedu-salio-el-comunicado-plazos-y-requisitos-a-presentar-para-el-pago-de-vacaciones-truncas-para-docentes-y-auxiliares-contratados-lo-ultimo\/"},"author":{"name":"Grupo AMAUTA EBUSINESS","@id":"https:\/\/amautaenlinea.com\/blog\/#\/schema\/person\/d8d4b5d672e9edb72a6f23fd40dd31d5"},"headline":"Minedu: Sali\u00f3 el comunicado plazos y requisitos a presentar para el pago de vacaciones truncas para docentes y auxiliares contratados \u00a1LO \u00daLTIMO!","datePublished":"2025-12-17T01:10:50+00:00","dateModified":"2025-12-22T18:37:32+00:00","mainEntityOfPage":{"@id":"https:\/\/amautaenlinea.com\/blog\/minedu-salio-el-comunicado-plazos-y-requisitos-a-presentar-para-el-pago-de-vacaciones-truncas-para-docentes-y-auxiliares-contratados-lo-ultimo\/"},"wordCount":266,"commentCount":0,"publisher":{"@id":"https:\/\/amautaenlinea.com\/blog\/#organization"},"image":{"@id":"https:\/\/amautaenlinea.com\/blog\/minedu-salio-el-comunicado-plazos-y-requisitos-a-presentar-para-el-pago-de-vacaciones-truncas-para-docentes-y-auxiliares-contratados-lo-ultimo\/#primaryimage"},"thumbnailUrl":"https:\/\/amautaenlinea.com\/blog\/wp-content\/uploads\/2025\/12\/Salio-el-comunicado-plazos-y-requisitos-a-presentar-para-el-pago-de-vacaciones-truncas-para-docentes-y-auxiliares-contratados.png","keywords":["Sali\u00f3 el comunicado plazos y requisitos a presentar para el pago de vacaciones truncas para docentes y auxiliares contratados"],"articleSection":["Educaci\u00f3n"],"inLanguage":"es","potentialAction":[{"@type":"CommentAction","name":"Comment","target":["https:\/\/amautaenlinea.com\/blog\/minedu-salio-el-comunicado-plazos-y-requisitos-a-presentar-para-el-pago-de-vacaciones-truncas-para-docentes-y-auxiliares-contratados-lo-ultimo\/#respond"]}],"copyrightYear":"2025","copyrightHolder":{"@id":"https:\/\/amautaenlinea.com\/blog\/#organization"}},{"@type":"WebPage","@id":"https:\/\/amautaenlinea.com\/blog\/minedu-salio-el-comunicado-plazos-y-requisitos-a-presentar-para-el-pago-de-vacaciones-truncas-para-docentes-y-auxiliares-contratados-lo-ultimo\/","url":"https:\/\/amautaenlinea.com\/blog\/minedu-salio-el-comunicado-plazos-y-requisitos-a-presentar-para-el-pago-de-vacaciones-truncas-para-docentes-y-auxiliares-contratados-lo-ultimo\/","name":"\u25b7 Minedu: Sali\u00f3 el comunicado plazos y requisitos a presentar para el pago de vacaciones truncas para docentes y auxiliares contratados \u00a1LO \u00daLTIMO! \u2705","isPartOf":{"@id":"https:\/\/amautaenlinea.com\/blog\/#website"},"primaryImageOfPage":{"@id":"https:\/\/amautaenlinea.com\/blog\/minedu-salio-el-comunicado-plazos-y-requisitos-a-presentar-para-el-pago-de-vacaciones-truncas-para-docentes-y-auxiliares-contratados-lo-ultimo\/#primaryimage"},"image":{"@id":"https:\/\/amautaenlinea.com\/blog\/minedu-salio-el-comunicado-plazos-y-requisitos-a-presentar-para-el-pago-de-vacaciones-truncas-para-docentes-y-auxiliares-contratados-lo-ultimo\/#primaryimage"},"thumbnailUrl":"https:\/\/amautaenlinea.com\/blog\/wp-content\/uploads\/2025\/12\/Salio-el-comunicado-plazos-y-requisitos-a-presentar-para-el-pago-de-vacaciones-truncas-para-docentes-y-auxiliares-contratados.png","datePublished":"2025-12-17T01:10:50+00:00","dateModified":"2025-12-22T18:37:32+00:00","description":"\u27a8 Sali\u00f3 el comunicado plazos y requisitos a presentar para el pago de vacaciones truncas para docentes y auxiliares contratados","breadcrumb":{"@id":"https:\/\/amautaenlinea.com\/blog\/minedu-salio-el-comunicado-plazos-y-requisitos-a-presentar-para-el-pago-de-vacaciones-truncas-para-docentes-y-auxiliares-contratados-lo-ultimo\/#breadcrumb"},"inLanguage":"es","potentialAction":[{"@type":"ReadAction","target":["https:\/\/amautaenlinea.com\/blog\/minedu-salio-el-comunicado-plazos-y-requisitos-a-presentar-para-el-pago-de-vacaciones-truncas-para-docentes-y-auxiliares-contratados-lo-ultimo\/"]}]},{"@type":"ImageObject","inLanguage":"es","@id":"https:\/\/amautaenlinea.com\/blog\/minedu-salio-el-comunicado-plazos-y-requisitos-a-presentar-para-el-pago-de-vacaciones-truncas-para-docentes-y-auxiliares-contratados-lo-ultimo\/#primaryimage","url":"https:\/\/amautaenlinea.com\/blog\/wp-content\/uploads\/2025\/12\/Salio-el-comunicado-plazos-y-requisitos-a-presentar-para-el-pago-de-vacaciones-truncas-para-docentes-y-auxiliares-contratados.png","contentUrl":"https:\/\/amautaenlinea.com\/blog\/wp-content\/uploads\/2025\/12\/Salio-el-comunicado-plazos-y-requisitos-a-presentar-para-el-pago-de-vacaciones-truncas-para-docentes-y-auxiliares-contratados.png","width":1280,"height":720,"caption":"Sali\u00f3 el comunicado plazos y requisitos a presentar para el pago de vacaciones truncas para docentes y auxiliares contratados"},{"@type":"BreadcrumbList","@id":"https:\/\/amautaenlinea.com\/blog\/minedu-salio-el-comunicado-plazos-y-requisitos-a-presentar-para-el-pago-de-vacaciones-truncas-para-docentes-y-auxiliares-contratados-lo-ultimo\/#breadcrumb","itemListElement":[{"@type":"ListItem","position":1,"name":"Portada","item":"https:\/\/amautaenlinea.com\/blog\/"},{"@type":"ListItem","position":2,"name":"Minedu: Sali\u00f3 el comunicado plazos y requisitos a presentar para el pago de vacaciones truncas para docentes y auxiliares contratados \u00a1LO \u00daLTIMO!"}]},{"@type":"WebSite","@id":"https:\/\/amautaenlinea.com\/blog\/#website","url":"https:\/\/amautaenlinea.com\/blog\/","name":"Grupo AMAUTA","description":"","publisher":{"@id":"https:\/\/amautaenlinea.com\/blog\/#organization"},"potentialAction":[{"@type":"SearchAction","target":{"@type":"EntryPoint","urlTemplate":"https:\/\/amautaenlinea.com\/blog\/?s={search_term_string}"},"query-input":{"@type":"PropertyValueSpecification","valueRequired":true,"valueName":"search_term_string"}}],"inLanguage":"es"},{"@type":"Organization","@id":"https:\/\/amautaenlinea.com\/blog\/#organization","name":"Grupo AMAUTA E-BUSINESS","url":"https:\/\/amautaenlinea.com\/blog\/","logo":{"@type":"ImageObject","inLanguage":"es","@id":"https:\/\/amautaenlinea.com\/blog\/#\/schema\/logo\/image\/","url":"https:\/\/amautaenlinea.com\/blog\/wp-content\/uploads\/2023\/09\/logo-amauta.png","contentUrl":"https:\/\/amautaenlinea.com\/blog\/wp-content\/uploads\/2023\/09\/logo-amauta.png","width":1124,"height":368,"caption":"Grupo AMAUTA E-BUSINESS"},"image":{"@id":"https:\/\/amautaenlinea.com\/blog\/#\/schema\/logo\/image\/"},"sameAs":["https:\/\/www.facebook.com\/amautaperu.org\/"]},{"@type":"Person","@id":"https:\/\/amautaenlinea.com\/blog\/#\/schema\/person\/d8d4b5d672e9edb72a6f23fd40dd31d5","name":"Grupo AMAUTA EBUSINESS","image":{"@type":"ImageObject","inLanguage":"es","@id":"https:\/\/secure.gravatar.com\/avatar\/97706b54c222a710310e2db50e02e68de0a4c8bb76654bcc4053b08241c6bd6c?s=96&d=mm&r=g","url":"https:\/\/secure.gravatar.com\/avatar\/97706b54c222a710310e2db50e02e68de0a4c8bb76654bcc4053b08241c6bd6c?s=96&d=mm&r=g","contentUrl":"https:\/\/secure.gravatar.com\/avatar\/97706b54c222a710310e2db50e02e68de0a4c8bb76654bcc4053b08241c6bd6c?s=96&d=mm&r=g","caption":"Grupo AMAUTA EBUSINESS"}}]}},"_links":{"self":[{"href":"https:\/\/amautaenlinea.com\/blog\/wp-json\/wp\/v2\/posts\/18115","targetHints":{"allow":["GET"]}}],"collection":[{"href":"https:\/\/amautaenlinea.com\/blog\/wp-json\/wp\/v2\/posts"}],"about":[{"href":"https:\/\/amautaenlinea.com\/blog\/wp-json\/wp\/v2\/types\/post"}],"author":[{"embeddable":true,"href":"https:\/\/amautaenlinea.com\/blog\/wp-json\/wp\/v2\/users\/1"}],"replies":[{"embeddable":true,"href":"https:\/\/amautaenlinea.com\/blog\/wp-json\/wp\/v2\/comments?post=18115"}],"version-history":[{"count":2,"href":"https:\/\/amautaenlinea.com\/blog\/wp-json\/wp\/v2\/posts\/18115\/revisions"}],"predecessor-version":[{"id":18160,"href":"https:\/\/amautaenlinea.com\/blog\/wp-json\/wp\/v2\/posts\/18115\/revisions\/18160"}],"wp:featuredmedia":[{"embeddable":true,"href":"https:\/\/amautaenlinea.com\/blog\/wp-json\/wp\/v2\/media\/18117"}],"wp:attachment":[{"href":"https:\/\/amautaenlinea.com\/blog\/wp-json\/wp\/v2\/media?parent=18115"}],"wp:term":[{"taxonomy":"category","embeddable":true,"href":"https:\/\/amautaenlinea.com\/blog\/wp-json\/wp\/v2\/categories?post=18115"},{"taxonomy":"post_tag","embeddable":true,"href":"https:\/\/amautaenlinea.com\/blog\/wp-json\/wp\/v2\/tags?post=18115"}],"curies":[{"name":"wp","href":"https:\/\/api.w.org\/{rel}","templated":true}]}}