{"id":18107,"date":"2025-12-16T06:15:54","date_gmt":"2025-12-16T11:15:54","guid":{"rendered":"https:\/\/amautaenlinea.com\/blog\/?p=18107"},"modified":"2025-12-16T06:15:54","modified_gmt":"2025-12-16T11:15:54","slug":"se-estaria-retrasando-pago-de-remuneraciones-del-mes-de-diciembre-por-unos-dias-para-docentes-como-auxiliares-de-educacion-y-administrativos","status":"publish","type":"post","link":"https:\/\/amautaenlinea.com\/blog\/se-estaria-retrasando-pago-de-remuneraciones-del-mes-de-diciembre-por-unos-dias-para-docentes-como-auxiliares-de-educacion-y-administrativos\/","title":{"rendered":"Se estar\u00eda retrasando pago de remuneraciones del mes de Diciembre por unos dias para docentes como auxiliares de educaci\u00f3n y administrativos"},"content":{"rendered":"<p>Estimados docentes en esta ocasi\u00f3n queremos compartir una noticia que esta siendo publicada en diferentes UGEL donde dan entender que por diferentes problemas se estar\u00eda retrasando los pagos en las remuneraciones del mes de diciembre a docentes activos como auxiliares de educaci\u00f3n.<\/p>\n<p>Por ejemplo en la UGEL 01 de Lima ha emitido un comunicado informando que, hasta la fecha, no cuenta con los recursos presupuestales necesarios para cumplir oportunamente con el pago de las remuneraciones de docentes y auxiliares de educaci\u00f3n correspondientes al mes de diciembre.<\/p>\n<div class=\"x14z9mp xat24cr x1lziwak x1vvkbs xtlvy1s x126k92a\">\n<div dir=\"auto\">Esta situaci\u00f3n ha generado preocupaci\u00f3n e incertidumbre en el magisterio, ya que existe el riesgo de que muchos trabajadores del sector educaci\u00f3n no puedan percibir su sueldo antes de las fiestas navide\u00f1as.<\/div>\n<\/div>\n<div class=\"x14z9mp xat24cr x1lziwak x1vvkbs xtlvy1s x126k92a\">\n<div dir=\"auto\">Seg\u00fan se\u00f1ala la UGEL 01, el presupuesto ya ha sido solicitado al Ministerio de Educaci\u00f3n (MINEDU); sin embargo, a\u00fan no se ha recibido una respuesta oficial, por lo que el pago depender\u00e1 de la pronta atenci\u00f3n del pliego nacional.<\/div>\n<div dir=\"auto\"><\/div>\n<\/div>\n<div class=\"x14z9mp xat24cr x1lziwak x1vvkbs xtlvy1s x126k92a\">\n<div dir=\"auto\">A pocos d\u00edas de Navidad, el retraso en la asignaci\u00f3n de recursos pone en evidencia una grave falta de previsi\u00f3n administrativa, afectando directamente a quienes sostienen el servicio educativo.<\/div>\n<\/div>\n<div class=\"x14z9mp xat24cr x1lziwak x1vvkbs xtlvy1s x126k92a\">\n<div dir=\"auto\">El magisterio exige una respuesta inmediata y responsable para garantizar el pago oportuno de sus remuneraciones.<\/div>\n<\/div>\n<div class=\"x14z9mp xat24cr x1lziwak x1vvkbs xtlvy1s x126k92a\">\n<div dir=\"auto\">Este problema estar\u00eda ocurriendo tambi\u00e9n en otras UGEL.<\/div>\n<\/div>\n<p>A continuaci\u00f3n compartimos im\u00e1genes de las publicaciones de diferentes UGEL donde dan a entender esta medida.<\/p>\n<p><img loading=\"lazy\" decoding=\"async\" class=\"alignnone size-medium wp-image-18108\" src=\"https:\/\/amautaenlinea.com\/blog\/wp-content\/uploads\/2025\/12\/pago-diciembre-2-240x300.jpg\" alt=\"\" width=\"240\" height=\"300\" srcset=\"https:\/\/amautaenlinea.com\/blog\/wp-content\/uploads\/2025\/12\/pago-diciembre-2-240x300.jpg 240w, https:\/\/amautaenlinea.com\/blog\/wp-content\/uploads\/2025\/12\/pago-diciembre-2-819x1024.jpg 819w, https:\/\/amautaenlinea.com\/blog\/wp-content\/uploads\/2025\/12\/pago-diciembre-2-768x960.jpg 768w, https:\/\/amautaenlinea.com\/blog\/wp-content\/uploads\/2025\/12\/pago-diciembre-2-1229x1536.jpg 1229w, https:\/\/amautaenlinea.com\/blog\/wp-content\/uploads\/2025\/12\/pago-diciembre-2.jpg 1638w\" sizes=\"auto, (max-width: 240px) 100vw, 240px\" \/> <img loading=\"lazy\" decoding=\"async\" class=\"alignnone size-medium wp-image-18109\" src=\"https:\/\/amautaenlinea.com\/blog\/wp-content\/uploads\/2025\/12\/pago-diciembre-240x300.jpg\" alt=\"\" width=\"240\" height=\"300\" srcset=\"https:\/\/amautaenlinea.com\/blog\/wp-content\/uploads\/2025\/12\/pago-diciembre-240x300.jpg 240w, https:\/\/amautaenlinea.com\/blog\/wp-content\/uploads\/2025\/12\/pago-diciembre-820x1024.jpg 820w, https:\/\/amautaenlinea.com\/blog\/wp-content\/uploads\/2025\/12\/pago-diciembre-768x959.jpg 768w, https:\/\/amautaenlinea.com\/blog\/wp-content\/uploads\/2025\/12\/pago-diciembre.jpg 1084w\" sizes=\"auto, (max-width: 240px) 100vw, 240px\" \/><\/p>\n<p>&nbsp;<\/p>\n<p>&nbsp;<\/p>\n","protected":false},"excerpt":{"rendered":"<p>Estimados docentes en esta ocasi\u00f3n queremos compartir una noticia que esta siendo publicada en diferentes UGEL donde dan entender que por diferentes problemas se<\/p>\n","protected":false},"author":1,"featured_media":18110,"comment_status":"open","ping_status":"open","sticky":false,"template":"","format":"standard","meta":{"footnotes":""},"categories":[4],"tags":[3255],"class_list":["post-18107","post","type-post","status-publish","format-standard","has-post-thumbnail","hentry","category-educacion","tag-se-retrazaria-pago-de-remuneraciones-del-mes-de-diciembre-por-unos-dias-para-docentes-como-auxiliares-de-educacion-y-administrativos-a-nivel-nacional"],"yoast_head":"<!-- This site is optimized with the Yoast SEO Premium plugin v21.2 (Yoast SEO v27.4) - https:\/\/yoast.com\/product\/yoast-seo-premium-wordpress\/ -->\n<title>\u25b7 Se estar\u00eda retrasando pago de remuneraciones del mes de Diciembre por unos dias para docentes como auxiliares de educaci\u00f3n y administrativos \u2705<\/title>\n<meta name=\"description\" content=\"\u27a8 Se retrazar\u00eda pago de remuneraciones del mes de Diciembre por unos dias para docentes como auxiliares de educaci\u00f3n y administrativos a nivel nacional\" \/>\n<meta name=\"robots\" content=\"index, follow, max-snippet:-1, max-image-preview:large, max-video-preview:-1\" \/>\n<link rel=\"canonical\" href=\"https:\/\/amautaenlinea.com\/blog\/se-estaria-retrasando-pago-de-remuneraciones-del-mes-de-diciembre-por-unos-dias-para-docentes-como-auxiliares-de-educacion-y-administrativos\/\" \/>\n<meta property=\"og:locale\" content=\"es_ES\" \/>\n<meta property=\"og:type\" content=\"article\" \/>\n<meta property=\"og:title\" content=\"Se estar\u00eda retrasando pago de remuneraciones del mes de Diciembre por unos dias para docentes como auxiliares de educaci\u00f3n y administrativos\" \/>\n<meta property=\"og:description\" content=\"\u27a8 Se retrazar\u00eda pago de remuneraciones del mes de Diciembre por unos dias para docentes como auxiliares de educaci\u00f3n y administrativos a nivel nacional\" \/>\n<meta property=\"og:url\" content=\"https:\/\/amautaenlinea.com\/blog\/se-estaria-retrasando-pago-de-remuneraciones-del-mes-de-diciembre-por-unos-dias-para-docentes-como-auxiliares-de-educacion-y-administrativos\/\" \/>\n<meta property=\"og:site_name\" content=\"Grupo AMAUTA\" \/>\n<meta property=\"article:publisher\" content=\"https:\/\/www.facebook.com\/amautaperu.org\/\" \/>\n<meta property=\"article:published_time\" content=\"2025-12-16T11:15:54+00:00\" \/>\n<meta property=\"og:image\" content=\"https:\/\/amautaenlinea.com\/blog\/wp-content\/uploads\/2025\/12\/Se-estaria-retrasando-pago-de-remuneraciones-del-mes-de-Diciembre-por-unos-dias-para-docentes-como-auxiliares-de-educacion-y-administrativos.png\" \/>\n\t<meta property=\"og:image:width\" content=\"1280\" \/>\n\t<meta property=\"og:image:height\" content=\"720\" \/>\n\t<meta property=\"og:image:type\" content=\"image\/png\" \/>\n<meta name=\"author\" content=\"Grupo AMAUTA EBUSINESS\" \/>\n<meta name=\"twitter:card\" content=\"summary_large_image\" \/>\n<script type=\"application\/ld+json\" class=\"yoast-schema-graph\">{\"@context\":\"https:\\\/\\\/schema.org\",\"@graph\":[{\"@type\":\"Article\",\"@id\":\"https:\\\/\\\/amautaenlinea.com\\\/blog\\\/se-estaria-retrasando-pago-de-remuneraciones-del-mes-de-diciembre-por-unos-dias-para-docentes-como-auxiliares-de-educacion-y-administrativos\\\/#article\",\"isPartOf\":{\"@id\":\"https:\\\/\\\/amautaenlinea.com\\\/blog\\\/se-estaria-retrasando-pago-de-remuneraciones-del-mes-de-diciembre-por-unos-dias-para-docentes-como-auxiliares-de-educacion-y-administrativos\\\/\"},\"author\":{\"name\":\"Grupo AMAUTA EBUSINESS\",\"@id\":\"https:\\\/\\\/amautaenlinea.com\\\/blog\\\/#\\\/schema\\\/person\\\/d8d4b5d672e9edb72a6f23fd40dd31d5\"},\"headline\":\"Se estar\u00eda retrasando pago de remuneraciones del mes de Diciembre por unos dias para docentes como auxiliares de educaci\u00f3n y administrativos\",\"datePublished\":\"2025-12-16T11:15:54+00:00\",\"mainEntityOfPage\":{\"@id\":\"https:\\\/\\\/amautaenlinea.com\\\/blog\\\/se-estaria-retrasando-pago-de-remuneraciones-del-mes-de-diciembre-por-unos-dias-para-docentes-como-auxiliares-de-educacion-y-administrativos\\\/\"},\"wordCount\":269,\"commentCount\":0,\"publisher\":{\"@id\":\"https:\\\/\\\/amautaenlinea.com\\\/blog\\\/#organization\"},\"image\":{\"@id\":\"https:\\\/\\\/amautaenlinea.com\\\/blog\\\/se-estaria-retrasando-pago-de-remuneraciones-del-mes-de-diciembre-por-unos-dias-para-docentes-como-auxiliares-de-educacion-y-administrativos\\\/#primaryimage\"},\"thumbnailUrl\":\"https:\\\/\\\/amautaenlinea.com\\\/blog\\\/wp-content\\\/uploads\\\/2025\\\/12\\\/Se-estaria-retrasando-pago-de-remuneraciones-del-mes-de-Diciembre-por-unos-dias-para-docentes-como-auxiliares-de-educacion-y-administrativos.png\",\"keywords\":[\"Se retrazar\u00eda pago de remuneraciones del mes de Diciembre por unos dias para docentes como auxiliares de educaci\u00f3n y administrativos a nivel nacional\"],\"articleSection\":[\"Educaci\u00f3n\"],\"inLanguage\":\"es\",\"potentialAction\":[{\"@type\":\"CommentAction\",\"name\":\"Comment\",\"target\":[\"https:\\\/\\\/amautaenlinea.com\\\/blog\\\/se-estaria-retrasando-pago-de-remuneraciones-del-mes-de-diciembre-por-unos-dias-para-docentes-como-auxiliares-de-educacion-y-administrativos\\\/#respond\"]}],\"copyrightYear\":\"2025\",\"copyrightHolder\":{\"@id\":\"https:\\\/\\\/amautaenlinea.com\\\/blog\\\/#organization\"}},{\"@type\":\"WebPage\",\"@id\":\"https:\\\/\\\/amautaenlinea.com\\\/blog\\\/se-estaria-retrasando-pago-de-remuneraciones-del-mes-de-diciembre-por-unos-dias-para-docentes-como-auxiliares-de-educacion-y-administrativos\\\/\",\"url\":\"https:\\\/\\\/amautaenlinea.com\\\/blog\\\/se-estaria-retrasando-pago-de-remuneraciones-del-mes-de-diciembre-por-unos-dias-para-docentes-como-auxiliares-de-educacion-y-administrativos\\\/\",\"name\":\"\u25b7 Se estar\u00eda retrasando pago de remuneraciones del mes de Diciembre por unos dias para docentes como auxiliares de educaci\u00f3n y administrativos \u2705\",\"isPartOf\":{\"@id\":\"https:\\\/\\\/amautaenlinea.com\\\/blog\\\/#website\"},\"primaryImageOfPage\":{\"@id\":\"https:\\\/\\\/amautaenlinea.com\\\/blog\\\/se-estaria-retrasando-pago-de-remuneraciones-del-mes-de-diciembre-por-unos-dias-para-docentes-como-auxiliares-de-educacion-y-administrativos\\\/#primaryimage\"},\"image\":{\"@id\":\"https:\\\/\\\/amautaenlinea.com\\\/blog\\\/se-estaria-retrasando-pago-de-remuneraciones-del-mes-de-diciembre-por-unos-dias-para-docentes-como-auxiliares-de-educacion-y-administrativos\\\/#primaryimage\"},\"thumbnailUrl\":\"https:\\\/\\\/amautaenlinea.com\\\/blog\\\/wp-content\\\/uploads\\\/2025\\\/12\\\/Se-estaria-retrasando-pago-de-remuneraciones-del-mes-de-Diciembre-por-unos-dias-para-docentes-como-auxiliares-de-educacion-y-administrativos.png\",\"datePublished\":\"2025-12-16T11:15:54+00:00\",\"description\":\"\u27a8 Se retrazar\u00eda pago de remuneraciones del mes de Diciembre por unos dias para docentes como auxiliares de educaci\u00f3n y administrativos a nivel nacional\",\"breadcrumb\":{\"@id\":\"https:\\\/\\\/amautaenlinea.com\\\/blog\\\/se-estaria-retrasando-pago-de-remuneraciones-del-mes-de-diciembre-por-unos-dias-para-docentes-como-auxiliares-de-educacion-y-administrativos\\\/#breadcrumb\"},\"inLanguage\":\"es\",\"potentialAction\":[{\"@type\":\"ReadAction\",\"target\":[\"https:\\\/\\\/amautaenlinea.com\\\/blog\\\/se-estaria-retrasando-pago-de-remuneraciones-del-mes-de-diciembre-por-unos-dias-para-docentes-como-auxiliares-de-educacion-y-administrativos\\\/\"]}]},{\"@type\":\"ImageObject\",\"inLanguage\":\"es\",\"@id\":\"https:\\\/\\\/amautaenlinea.com\\\/blog\\\/se-estaria-retrasando-pago-de-remuneraciones-del-mes-de-diciembre-por-unos-dias-para-docentes-como-auxiliares-de-educacion-y-administrativos\\\/#primaryimage\",\"url\":\"https:\\\/\\\/amautaenlinea.com\\\/blog\\\/wp-content\\\/uploads\\\/2025\\\/12\\\/Se-estaria-retrasando-pago-de-remuneraciones-del-mes-de-Diciembre-por-unos-dias-para-docentes-como-auxiliares-de-educacion-y-administrativos.png\",\"contentUrl\":\"https:\\\/\\\/amautaenlinea.com\\\/blog\\\/wp-content\\\/uploads\\\/2025\\\/12\\\/Se-estaria-retrasando-pago-de-remuneraciones-del-mes-de-Diciembre-por-unos-dias-para-docentes-como-auxiliares-de-educacion-y-administrativos.png\",\"width\":1280,\"height\":720},{\"@type\":\"BreadcrumbList\",\"@id\":\"https:\\\/\\\/amautaenlinea.com\\\/blog\\\/se-estaria-retrasando-pago-de-remuneraciones-del-mes-de-diciembre-por-unos-dias-para-docentes-como-auxiliares-de-educacion-y-administrativos\\\/#breadcrumb\",\"itemListElement\":[{\"@type\":\"ListItem\",\"position\":1,\"name\":\"Portada\",\"item\":\"https:\\\/\\\/amautaenlinea.com\\\/blog\\\/\"},{\"@type\":\"ListItem\",\"position\":2,\"name\":\"Se estar\u00eda retrasando pago de remuneraciones del mes de Diciembre por unos dias para docentes como auxiliares de educaci\u00f3n y administrativos\"}]},{\"@type\":\"WebSite\",\"@id\":\"https:\\\/\\\/amautaenlinea.com\\\/blog\\\/#website\",\"url\":\"https:\\\/\\\/amautaenlinea.com\\\/blog\\\/\",\"name\":\"Grupo AMAUTA\",\"description\":\"\",\"publisher\":{\"@id\":\"https:\\\/\\\/amautaenlinea.com\\\/blog\\\/#organization\"},\"potentialAction\":[{\"@type\":\"SearchAction\",\"target\":{\"@type\":\"EntryPoint\",\"urlTemplate\":\"https:\\\/\\\/amautaenlinea.com\\\/blog\\\/?s={search_term_string}\"},\"query-input\":{\"@type\":\"PropertyValueSpecification\",\"valueRequired\":true,\"valueName\":\"search_term_string\"}}],\"inLanguage\":\"es\"},{\"@type\":\"Organization\",\"@id\":\"https:\\\/\\\/amautaenlinea.com\\\/blog\\\/#organization\",\"name\":\"Grupo AMAUTA E-BUSINESS\",\"url\":\"https:\\\/\\\/amautaenlinea.com\\\/blog\\\/\",\"logo\":{\"@type\":\"ImageObject\",\"inLanguage\":\"es\",\"@id\":\"https:\\\/\\\/amautaenlinea.com\\\/blog\\\/#\\\/schema\\\/logo\\\/image\\\/\",\"url\":\"https:\\\/\\\/amautaenlinea.com\\\/blog\\\/wp-content\\\/uploads\\\/2023\\\/09\\\/logo-amauta.png\",\"contentUrl\":\"https:\\\/\\\/amautaenlinea.com\\\/blog\\\/wp-content\\\/uploads\\\/2023\\\/09\\\/logo-amauta.png\",\"width\":1124,\"height\":368,\"caption\":\"Grupo AMAUTA E-BUSINESS\"},\"image\":{\"@id\":\"https:\\\/\\\/amautaenlinea.com\\\/blog\\\/#\\\/schema\\\/logo\\\/image\\\/\"},\"sameAs\":[\"https:\\\/\\\/www.facebook.com\\\/amautaperu.org\\\/\"]},{\"@type\":\"Person\",\"@id\":\"https:\\\/\\\/amautaenlinea.com\\\/blog\\\/#\\\/schema\\\/person\\\/d8d4b5d672e9edb72a6f23fd40dd31d5\",\"name\":\"Grupo AMAUTA EBUSINESS\",\"image\":{\"@type\":\"ImageObject\",\"inLanguage\":\"es\",\"@id\":\"https:\\\/\\\/secure.gravatar.com\\\/avatar\\\/97706b54c222a710310e2db50e02e68de0a4c8bb76654bcc4053b08241c6bd6c?s=96&d=mm&r=g\",\"url\":\"https:\\\/\\\/secure.gravatar.com\\\/avatar\\\/97706b54c222a710310e2db50e02e68de0a4c8bb76654bcc4053b08241c6bd6c?s=96&d=mm&r=g\",\"contentUrl\":\"https:\\\/\\\/secure.gravatar.com\\\/avatar\\\/97706b54c222a710310e2db50e02e68de0a4c8bb76654bcc4053b08241c6bd6c?s=96&d=mm&r=g\",\"caption\":\"Grupo AMAUTA EBUSINESS\"}}]}<\/script>\n<!-- \/ Yoast SEO Premium plugin. -->","yoast_head_json":{"title":"\u25b7 Se estar\u00eda retrasando pago de remuneraciones del mes de Diciembre por unos dias para docentes como auxiliares de educaci\u00f3n y administrativos \u2705","description":"\u27a8 Se retrazar\u00eda pago de remuneraciones del mes de Diciembre por unos dias para docentes como auxiliares de educaci\u00f3n y administrativos a nivel nacional","robots":{"index":"index","follow":"follow","max-snippet":"max-snippet:-1","max-image-preview":"max-image-preview:large","max-video-preview":"max-video-preview:-1"},"canonical":"https:\/\/amautaenlinea.com\/blog\/se-estaria-retrasando-pago-de-remuneraciones-del-mes-de-diciembre-por-unos-dias-para-docentes-como-auxiliares-de-educacion-y-administrativos\/","og_locale":"es_ES","og_type":"article","og_title":"Se estar\u00eda retrasando pago de remuneraciones del mes de Diciembre por unos dias para docentes como auxiliares de educaci\u00f3n y administrativos","og_description":"\u27a8 Se retrazar\u00eda pago de remuneraciones del mes de Diciembre por unos dias para docentes como auxiliares de educaci\u00f3n y administrativos a nivel nacional","og_url":"https:\/\/amautaenlinea.com\/blog\/se-estaria-retrasando-pago-de-remuneraciones-del-mes-de-diciembre-por-unos-dias-para-docentes-como-auxiliares-de-educacion-y-administrativos\/","og_site_name":"Grupo AMAUTA","article_publisher":"https:\/\/www.facebook.com\/amautaperu.org\/","article_published_time":"2025-12-16T11:15:54+00:00","og_image":[{"width":1280,"height":720,"url":"https:\/\/amautaenlinea.com\/blog\/wp-content\/uploads\/2025\/12\/Se-estaria-retrasando-pago-de-remuneraciones-del-mes-de-Diciembre-por-unos-dias-para-docentes-como-auxiliares-de-educacion-y-administrativos.png","type":"image\/png"}],"author":"Grupo AMAUTA EBUSINESS","twitter_card":"summary_large_image","schema":{"@context":"https:\/\/schema.org","@graph":[{"@type":"Article","@id":"https:\/\/amautaenlinea.com\/blog\/se-estaria-retrasando-pago-de-remuneraciones-del-mes-de-diciembre-por-unos-dias-para-docentes-como-auxiliares-de-educacion-y-administrativos\/#article","isPartOf":{"@id":"https:\/\/amautaenlinea.com\/blog\/se-estaria-retrasando-pago-de-remuneraciones-del-mes-de-diciembre-por-unos-dias-para-docentes-como-auxiliares-de-educacion-y-administrativos\/"},"author":{"name":"Grupo AMAUTA EBUSINESS","@id":"https:\/\/amautaenlinea.com\/blog\/#\/schema\/person\/d8d4b5d672e9edb72a6f23fd40dd31d5"},"headline":"Se estar\u00eda retrasando pago de remuneraciones del mes de Diciembre por unos dias para docentes como auxiliares de educaci\u00f3n y administrativos","datePublished":"2025-12-16T11:15:54+00:00","mainEntityOfPage":{"@id":"https:\/\/amautaenlinea.com\/blog\/se-estaria-retrasando-pago-de-remuneraciones-del-mes-de-diciembre-por-unos-dias-para-docentes-como-auxiliares-de-educacion-y-administrativos\/"},"wordCount":269,"commentCount":0,"publisher":{"@id":"https:\/\/amautaenlinea.com\/blog\/#organization"},"image":{"@id":"https:\/\/amautaenlinea.com\/blog\/se-estaria-retrasando-pago-de-remuneraciones-del-mes-de-diciembre-por-unos-dias-para-docentes-como-auxiliares-de-educacion-y-administrativos\/#primaryimage"},"thumbnailUrl":"https:\/\/amautaenlinea.com\/blog\/wp-content\/uploads\/2025\/12\/Se-estaria-retrasando-pago-de-remuneraciones-del-mes-de-Diciembre-por-unos-dias-para-docentes-como-auxiliares-de-educacion-y-administrativos.png","keywords":["Se retrazar\u00eda pago de remuneraciones del mes de Diciembre por unos dias para docentes como auxiliares de educaci\u00f3n y administrativos a nivel nacional"],"articleSection":["Educaci\u00f3n"],"inLanguage":"es","potentialAction":[{"@type":"CommentAction","name":"Comment","target":["https:\/\/amautaenlinea.com\/blog\/se-estaria-retrasando-pago-de-remuneraciones-del-mes-de-diciembre-por-unos-dias-para-docentes-como-auxiliares-de-educacion-y-administrativos\/#respond"]}],"copyrightYear":"2025","copyrightHolder":{"@id":"https:\/\/amautaenlinea.com\/blog\/#organization"}},{"@type":"WebPage","@id":"https:\/\/amautaenlinea.com\/blog\/se-estaria-retrasando-pago-de-remuneraciones-del-mes-de-diciembre-por-unos-dias-para-docentes-como-auxiliares-de-educacion-y-administrativos\/","url":"https:\/\/amautaenlinea.com\/blog\/se-estaria-retrasando-pago-de-remuneraciones-del-mes-de-diciembre-por-unos-dias-para-docentes-como-auxiliares-de-educacion-y-administrativos\/","name":"\u25b7 Se estar\u00eda retrasando pago de remuneraciones del mes de Diciembre por unos dias para docentes como auxiliares de educaci\u00f3n y administrativos \u2705","isPartOf":{"@id":"https:\/\/amautaenlinea.com\/blog\/#website"},"primaryImageOfPage":{"@id":"https:\/\/amautaenlinea.com\/blog\/se-estaria-retrasando-pago-de-remuneraciones-del-mes-de-diciembre-por-unos-dias-para-docentes-como-auxiliares-de-educacion-y-administrativos\/#primaryimage"},"image":{"@id":"https:\/\/amautaenlinea.com\/blog\/se-estaria-retrasando-pago-de-remuneraciones-del-mes-de-diciembre-por-unos-dias-para-docentes-como-auxiliares-de-educacion-y-administrativos\/#primaryimage"},"thumbnailUrl":"https:\/\/amautaenlinea.com\/blog\/wp-content\/uploads\/2025\/12\/Se-estaria-retrasando-pago-de-remuneraciones-del-mes-de-Diciembre-por-unos-dias-para-docentes-como-auxiliares-de-educacion-y-administrativos.png","datePublished":"2025-12-16T11:15:54+00:00","description":"\u27a8 Se retrazar\u00eda pago de remuneraciones del mes de Diciembre por unos dias para docentes como auxiliares de educaci\u00f3n y administrativos a nivel nacional","breadcrumb":{"@id":"https:\/\/amautaenlinea.com\/blog\/se-estaria-retrasando-pago-de-remuneraciones-del-mes-de-diciembre-por-unos-dias-para-docentes-como-auxiliares-de-educacion-y-administrativos\/#breadcrumb"},"inLanguage":"es","potentialAction":[{"@type":"ReadAction","target":["https:\/\/amautaenlinea.com\/blog\/se-estaria-retrasando-pago-de-remuneraciones-del-mes-de-diciembre-por-unos-dias-para-docentes-como-auxiliares-de-educacion-y-administrativos\/"]}]},{"@type":"ImageObject","inLanguage":"es","@id":"https:\/\/amautaenlinea.com\/blog\/se-estaria-retrasando-pago-de-remuneraciones-del-mes-de-diciembre-por-unos-dias-para-docentes-como-auxiliares-de-educacion-y-administrativos\/#primaryimage","url":"https:\/\/amautaenlinea.com\/blog\/wp-content\/uploads\/2025\/12\/Se-estaria-retrasando-pago-de-remuneraciones-del-mes-de-Diciembre-por-unos-dias-para-docentes-como-auxiliares-de-educacion-y-administrativos.png","contentUrl":"https:\/\/amautaenlinea.com\/blog\/wp-content\/uploads\/2025\/12\/Se-estaria-retrasando-pago-de-remuneraciones-del-mes-de-Diciembre-por-unos-dias-para-docentes-como-auxiliares-de-educacion-y-administrativos.png","width":1280,"height":720},{"@type":"BreadcrumbList","@id":"https:\/\/amautaenlinea.com\/blog\/se-estaria-retrasando-pago-de-remuneraciones-del-mes-de-diciembre-por-unos-dias-para-docentes-como-auxiliares-de-educacion-y-administrativos\/#breadcrumb","itemListElement":[{"@type":"ListItem","position":1,"name":"Portada","item":"https:\/\/amautaenlinea.com\/blog\/"},{"@type":"ListItem","position":2,"name":"Se estar\u00eda retrasando pago de remuneraciones del mes de Diciembre por unos dias para docentes como auxiliares de educaci\u00f3n y administrativos"}]},{"@type":"WebSite","@id":"https:\/\/amautaenlinea.com\/blog\/#website","url":"https:\/\/amautaenlinea.com\/blog\/","name":"Grupo AMAUTA","description":"","publisher":{"@id":"https:\/\/amautaenlinea.com\/blog\/#organization"},"potentialAction":[{"@type":"SearchAction","target":{"@type":"EntryPoint","urlTemplate":"https:\/\/amautaenlinea.com\/blog\/?s={search_term_string}"},"query-input":{"@type":"PropertyValueSpecification","valueRequired":true,"valueName":"search_term_string"}}],"inLanguage":"es"},{"@type":"Organization","@id":"https:\/\/amautaenlinea.com\/blog\/#organization","name":"Grupo AMAUTA E-BUSINESS","url":"https:\/\/amautaenlinea.com\/blog\/","logo":{"@type":"ImageObject","inLanguage":"es","@id":"https:\/\/amautaenlinea.com\/blog\/#\/schema\/logo\/image\/","url":"https:\/\/amautaenlinea.com\/blog\/wp-content\/uploads\/2023\/09\/logo-amauta.png","contentUrl":"https:\/\/amautaenlinea.com\/blog\/wp-content\/uploads\/2023\/09\/logo-amauta.png","width":1124,"height":368,"caption":"Grupo AMAUTA E-BUSINESS"},"image":{"@id":"https:\/\/amautaenlinea.com\/blog\/#\/schema\/logo\/image\/"},"sameAs":["https:\/\/www.facebook.com\/amautaperu.org\/"]},{"@type":"Person","@id":"https:\/\/amautaenlinea.com\/blog\/#\/schema\/person\/d8d4b5d672e9edb72a6f23fd40dd31d5","name":"Grupo AMAUTA EBUSINESS","image":{"@type":"ImageObject","inLanguage":"es","@id":"https:\/\/secure.gravatar.com\/avatar\/97706b54c222a710310e2db50e02e68de0a4c8bb76654bcc4053b08241c6bd6c?s=96&d=mm&r=g","url":"https:\/\/secure.gravatar.com\/avatar\/97706b54c222a710310e2db50e02e68de0a4c8bb76654bcc4053b08241c6bd6c?s=96&d=mm&r=g","contentUrl":"https:\/\/secure.gravatar.com\/avatar\/97706b54c222a710310e2db50e02e68de0a4c8bb76654bcc4053b08241c6bd6c?s=96&d=mm&r=g","caption":"Grupo AMAUTA EBUSINESS"}}]}},"_links":{"self":[{"href":"https:\/\/amautaenlinea.com\/blog\/wp-json\/wp\/v2\/posts\/18107","targetHints":{"allow":["GET"]}}],"collection":[{"href":"https:\/\/amautaenlinea.com\/blog\/wp-json\/wp\/v2\/posts"}],"about":[{"href":"https:\/\/amautaenlinea.com\/blog\/wp-json\/wp\/v2\/types\/post"}],"author":[{"embeddable":true,"href":"https:\/\/amautaenlinea.com\/blog\/wp-json\/wp\/v2\/users\/1"}],"replies":[{"embeddable":true,"href":"https:\/\/amautaenlinea.com\/blog\/wp-json\/wp\/v2\/comments?post=18107"}],"version-history":[{"count":1,"href":"https:\/\/amautaenlinea.com\/blog\/wp-json\/wp\/v2\/posts\/18107\/revisions"}],"predecessor-version":[{"id":18111,"href":"https:\/\/amautaenlinea.com\/blog\/wp-json\/wp\/v2\/posts\/18107\/revisions\/18111"}],"wp:featuredmedia":[{"embeddable":true,"href":"https:\/\/amautaenlinea.com\/blog\/wp-json\/wp\/v2\/media\/18110"}],"wp:attachment":[{"href":"https:\/\/amautaenlinea.com\/blog\/wp-json\/wp\/v2\/media?parent=18107"}],"wp:term":[{"taxonomy":"category","embeddable":true,"href":"https:\/\/amautaenlinea.com\/blog\/wp-json\/wp\/v2\/categories?post=18107"},{"taxonomy":"post_tag","embeddable":true,"href":"https:\/\/amautaenlinea.com\/blog\/wp-json\/wp\/v2\/tags?post=18107"}],"curies":[{"name":"wp","href":"https:\/\/api.w.org\/{rel}","templated":true}]}}