{"id":18102,"date":"2025-12-15T19:45:24","date_gmt":"2025-12-16T00:45:24","guid":{"rendered":"https:\/\/amautaenlinea.com\/blog\/?p=18102"},"modified":"2025-12-15T19:45:24","modified_gmt":"2025-12-16T00:45:24","slug":"minedu-denuncia-grave-director-de-la-ugel-norte-de-arequipa-dirigio-el-nombramiento-docente-de-su-pareja-dentro-de-su-jurisdiccion","status":"publish","type":"post","link":"https:\/\/amautaenlinea.com\/blog\/minedu-denuncia-grave-director-de-la-ugel-norte-de-arequipa-dirigio-el-nombramiento-docente-de-su-pareja-dentro-de-su-jurisdiccion\/","title":{"rendered":"Minedu: Denuncia grave Director de la UGEL NORTE de Arequipa dirigi\u00f3 el nombramiento docente de su pareja dentro de su jurisdicci\u00f3n"},"content":{"rendered":"<p>El nombramiento de la docente<strong> Julia Quispe Puma<\/strong> se habr\u00eda concretado mediante maniobras administrativas cuestionables. Esto luego de ser propuesta para una plaza inexistente y sin presupuesto asignado, que reci\u00e9n fue creada meses despu\u00e9s por la UGEL mediante <strong>un proceso de racionalizaci\u00f3n.<\/strong><\/p>\n<p><strong>En la Unidad de Gesti\u00f3n Educativa Local (Ugel) Arequipa Norte antes de que existiera una plaza, ya exist\u00eda una propuesta de nombramiento sobre la mesa<\/strong>. Sucede que la <strong>docente Julia Quispe Puma, pareja sentimental y madre de un hijo del director Roberto Mar\u00edn Samayani<\/strong>, habr\u00eda sido beneficiada con una vacante que no exist\u00eda al momento de su postulaci\u00f3n y que, posteriormente, <strong>fue reubicada para permitir su nombramiento.<\/strong><\/p>\n<p>Todo comenz\u00f3 con el proceso de Nombramiento Docente 2024, cuyos resultados del examen fueron publicados el 4 de octubre de ese a\u00f1o. La docente en menci\u00f3n obtuvo 152 puntos, <strong>ubic\u00e1ndose en el puesto 193 del ranking general para el nivel inicial de Educaci\u00f3n B\u00e1sica Regular (EBR)<\/strong>. <strong>Esta posici\u00f3n la dejaba fuera de toda posibilidad real de acceder a una plaza, considerando que el n\u00famero de vacantes disponibles en Arequipa era considerablemente menor.<\/strong><\/p>\n<p>Reci\u00e9n el 21 de enero de 2025, el Ministerio de Educaci\u00f3n public\u00f3 la relaci\u00f3n oficial de plazas para el nombramiento docente,<strong> confirmando que en toda la regi\u00f3n Arequipa solo exist\u00edan 84 plazas para el nivel inicial EBR.<\/strong> Este dato resulta clave, pues evidencia que la educadora no alcanzaba una vacante dentro del cuadro de m\u00e9ritos.<\/p>\n<p><img loading=\"lazy\" decoding=\"async\" class=\"alignnone size-medium wp-image-18103\" src=\"https:\/\/amautaenlinea.com\/blog\/wp-content\/uploads\/2025\/12\/rd-216x300.webp\" alt=\"\" width=\"216\" height=\"300\" srcset=\"https:\/\/amautaenlinea.com\/blog\/wp-content\/uploads\/2025\/12\/rd-216x300.webp 216w, https:\/\/amautaenlinea.com\/blog\/wp-content\/uploads\/2025\/12\/rd-738x1024.webp 738w, https:\/\/amautaenlinea.com\/blog\/wp-content\/uploads\/2025\/12\/rd-768x1065.webp 768w, https:\/\/amautaenlinea.com\/blog\/wp-content\/uploads\/2025\/12\/rd.webp 865w\" sizes=\"auto, (max-width: 216px) 100vw, 216px\" \/><\/p>\n<h2 class=\"wp-block-heading\">Una propuesta anticipada<\/h2>\n<p>Aqu\u00ed viene lo grave. Y es que de manera anticipada y sin que exista plaza disponible, el 15 de octubre de 2024 la gestora de la Escuela Concertada Solaris N.\u00b0 40699, ubicada en el distrito de Cerro Colorado, <strong>envi\u00f3 un oficio a la UGEL Arequipa Norte proponiendo a Julia Quispe Puma para su nombramiento en una supuesta plaza de Inicial EBR en dicha instituci\u00f3n.<\/strong><\/p>\n<p>Esta propuesta es a todas luces irregular, ya que a esa fecha la instituci\u00f3n Solaris<strong> no contaba con ninguna plaza vacante ni presupuestada en el nivel inicial<\/strong>. <strong>Es decir, la propuesta se realiz\u00f3 sobre una plaza inexistente.<\/strong> Esto pone en cuesti\u00f3n la legalidad y la intenci\u00f3n detr\u00e1s de dicho tr\u00e1mite.<\/p>\n<p>La situaci\u00f3n se torna a\u00fan m\u00e1s grave cuando, el 18 de diciembre de 2024, la UGEL Arequipa Norte, a trav\u00e9s del especialista Germ\u00e1n Emilio Tito Tito, emiti\u00f3 el Informe N.\u00b0 166-2024, mediante el cual se <strong>propone reubicar una plaza org\u00e1nica vacante y excedente del colegio 40040 Jos\u00e9 Trinidad Mor\u00e1n hacia la Escuela Concertada Solaris, pero cambiando su nivel educativo de primaria a inicial.<\/strong><\/p>\n<p>\u201cEn la lE Primaria 40040 Jos\u00e9 Trinidad Moran se identific\u00f3 una plaza org\u00e1nica vacante excedente\u00a0 y en la etapa de evaluaci\u00f3n es declarada excedente. La CORA (Comisi\u00f3n de Racionalizaci\u00f3n) UGEL Arequipa Norte aprueba reubicar la plaza a la lE 40699 Escuela Concertada Solaris, por crecimiento vegetativo\u201d, se desprende del informe.<\/p>\n<p><img loading=\"lazy\" decoding=\"async\" class=\"alignnone size-medium wp-image-18104\" src=\"https:\/\/amautaenlinea.com\/blog\/wp-content\/uploads\/2025\/12\/rd2-190x300.webp\" alt=\"\" width=\"190\" height=\"300\" srcset=\"https:\/\/amautaenlinea.com\/blog\/wp-content\/uploads\/2025\/12\/rd2-190x300.webp 190w, https:\/\/amautaenlinea.com\/blog\/wp-content\/uploads\/2025\/12\/rd2-648x1024.webp 648w, https:\/\/amautaenlinea.com\/blog\/wp-content\/uploads\/2025\/12\/rd2.webp 759w\" sizes=\"auto, (max-width: 190px) 100vw, 190px\" \/><\/p>\n<h2 class=\"wp-block-heading\">Cambio de nivel<\/h2>\n<p>De acuerdo con el Reporte de Evaluaci\u00f3n por Servicio Educativo 2024, esta reubicaci\u00f3n no respond\u00eda a una necesidad real del servicio. <strong>El colegio Jos\u00e9 Trinidad Mor\u00e1n hab\u00eda solicitado un docente para el \u00e1rea de Arte y Cultura en secundaria<\/strong>, <strong>mientras que Solaris hab\u00eda requerido un profesor de primaria, no de inicial.<\/strong><\/p>\n<p><strong>Pese a ello, la UGEL decidi\u00f3 trasladar la plaza excedente hacia Solaris para el nivel inicial, ignorando que otras instituciones educativas de la jurisdicci\u00f3n s\u00ed hab\u00edan solicitado uno o hasta tres docentes de inicial al no contar con pedagogas. Esto refuerza la sospecha de un direccionamiento deliberado.<\/strong><\/p>\n<p>Ahora bien, llama la atenci\u00f3n que la plaza de nivel inicial para la Escuela Concertada Solaris reci\u00e9n aparezca de manera oficial en la publicaci\u00f3n de plazas del 21 de enero de 2025, varios meses despu\u00e9s de que la docente ya hab\u00eda sido propuesta para su nombramiento en ese mismo colegio.<\/p>\n<p><strong>A ello se a\u00f1ade que, de acuerdo con fuentes consultadas por este medio, el reglamento interno del Colegio Solaris establece que para acceder a un nombramiento docente es requisito indispensable haber laborado como m\u00ednimo tres a\u00f1os ininterrumpidos en la instituci\u00f3n. Sin embargo, Julia Quispe no registra antecedentes de trabajo previo en dicho colegio.<\/strong><\/p>\n<p><strong>Finalmente, el 13 de febrero de 2025, mediante la Resoluci\u00f3n Directoral N.\u00b0 580-2025, el director Roberto Mar\u00edn dispuso el nombramiento de Julia Quispe Puma como docente de inicial en la instituci\u00f3n Solaris, cerrando un procedimiento que, aparentemente, habr\u00eda sido dise\u00f1ado para beneficiar a una persona espec\u00edfica.<\/strong><\/p>\n<h2 class=\"wp-block-heading\"><strong>Solicitan nulidad<\/strong><\/h2>\n<p>Fuentes de Revelaci\u00f3n se\u00f1alan que la Gerencia Regional de Educaci\u00f3n (GREA) ya tiene conocimiento del caso. A ra\u00edz de estos movimientos que permitieron el nombramiento de la docente Julia Quispe Puma, pidieron la nulidad de todo el proceso de racionalizaci\u00f3n y reubicaci\u00f3n de plazas, tanto para los nombramientos y destaques que involucran a la mencionada.<\/p>\n<p>Adem\u00e1s, habr\u00edan solicitado remitir todas las copias a la Oficina de Procesos Administrativos para que inicien una investigaci\u00f3n contra el director Roberto Mar\u00edn Samayani y otros funcionarios que participaron en el proceso. Es decir, la propia GREA consider\u00f3 irregular el nombramiento y posterior destaque de Quispe Puma.<\/p>\n<p>Por otro lado, este medio trat\u00f3 de comunicarse con el director Mar\u00edn para que rinda cuentas del nombramiento de la ahora madre de su hijo. No obstante, al cierre de este informe no emiti\u00f3 opini\u00f3n sobre estos cuestionamientos. Aunque se\u00f1al\u00f3 que preparar\u00eda la documentaci\u00f3n para responder a estas acusaciones.<\/p>\n<p>FUENTE: REVELACI\u00d3N.PE<\/p>\n","protected":false},"excerpt":{"rendered":"<p>El nombramiento de la docente Julia Quispe Puma se habr\u00eda concretado mediante maniobras administrativas cuestionables. Esto luego de ser propuesta para una plaza inexistente<\/p>\n","protected":false},"author":1,"featured_media":18105,"comment_status":"open","ping_status":"open","sticky":false,"template":"","format":"standard","meta":{"footnotes":""},"categories":[4],"tags":[3254],"class_list":["post-18102","post","type-post","status-publish","format-standard","has-post-thumbnail","hentry","category-educacion","tag-minedu-denuncia-grave-director-de-la-ugel-norte-de-arequipa-dirigio-el-nombramiento-docente-de-su-pareja-dentro-de-su-jurisdiccion"],"yoast_head":"<!-- This site is optimized with the Yoast SEO Premium plugin v21.2 (Yoast SEO v27.4) - https:\/\/yoast.com\/product\/yoast-seo-premium-wordpress\/ -->\n<title>\u25b7 Minedu: Denuncia grave Director de la UGEL NORTE de Arequipa dirigi\u00f3 el nombramiento docente de su pareja dentro de su jurisdicci\u00f3n \u2705<\/title>\n<meta name=\"description\" content=\"\u27a8 Minedu: Denuncia grave Director de la UGEL NORTE de Arequipa dirigi\u00f3 el nombramiento docente de su pareja dentro de su jurisdicci\u00f3n\" \/>\n<meta name=\"robots\" content=\"index, follow, max-snippet:-1, max-image-preview:large, max-video-preview:-1\" \/>\n<link rel=\"canonical\" href=\"https:\/\/amautaenlinea.com\/blog\/minedu-denuncia-grave-director-de-la-ugel-norte-de-arequipa-dirigio-el-nombramiento-docente-de-su-pareja-dentro-de-su-jurisdiccion\/\" \/>\n<meta property=\"og:locale\" content=\"es_ES\" \/>\n<meta property=\"og:type\" content=\"article\" \/>\n<meta property=\"og:title\" content=\"Minedu: Denuncia grave Director de la UGEL NORTE de Arequipa dirigi\u00f3 el nombramiento docente de su pareja dentro de su jurisdicci\u00f3n\" \/>\n<meta property=\"og:description\" content=\"\u27a8 Minedu: Denuncia grave Director de la UGEL NORTE de Arequipa dirigi\u00f3 el nombramiento docente de su pareja dentro de su jurisdicci\u00f3n\" \/>\n<meta property=\"og:url\" content=\"https:\/\/amautaenlinea.com\/blog\/minedu-denuncia-grave-director-de-la-ugel-norte-de-arequipa-dirigio-el-nombramiento-docente-de-su-pareja-dentro-de-su-jurisdiccion\/\" \/>\n<meta property=\"og:site_name\" content=\"Grupo AMAUTA\" \/>\n<meta property=\"article:publisher\" content=\"https:\/\/www.facebook.com\/amautaperu.org\/\" \/>\n<meta property=\"article:published_time\" content=\"2025-12-16T00:45:24+00:00\" \/>\n<meta property=\"og:image\" content=\"https:\/\/amautaenlinea.com\/blog\/wp-content\/uploads\/2025\/12\/Denuncia-grave-Director-de-la-UGEL-NORTE-de-Arequipa-dirigio-el-nombramiento-docente-de-su-pareja-dentro-de-su-jurisdiccion.png\" \/>\n\t<meta property=\"og:image:width\" content=\"1280\" \/>\n\t<meta property=\"og:image:height\" content=\"720\" \/>\n\t<meta property=\"og:image:type\" content=\"image\/png\" \/>\n<meta name=\"author\" content=\"Grupo AMAUTA EBUSINESS\" \/>\n<meta name=\"twitter:card\" content=\"summary_large_image\" \/>\n<script type=\"application\/ld+json\" class=\"yoast-schema-graph\">{\"@context\":\"https:\\\/\\\/schema.org\",\"@graph\":[{\"@type\":\"Article\",\"@id\":\"https:\\\/\\\/amautaenlinea.com\\\/blog\\\/minedu-denuncia-grave-director-de-la-ugel-norte-de-arequipa-dirigio-el-nombramiento-docente-de-su-pareja-dentro-de-su-jurisdiccion\\\/#article\",\"isPartOf\":{\"@id\":\"https:\\\/\\\/amautaenlinea.com\\\/blog\\\/minedu-denuncia-grave-director-de-la-ugel-norte-de-arequipa-dirigio-el-nombramiento-docente-de-su-pareja-dentro-de-su-jurisdiccion\\\/\"},\"author\":{\"name\":\"Grupo AMAUTA EBUSINESS\",\"@id\":\"https:\\\/\\\/amautaenlinea.com\\\/blog\\\/#\\\/schema\\\/person\\\/d8d4b5d672e9edb72a6f23fd40dd31d5\"},\"headline\":\"Minedu: Denuncia grave Director de la UGEL NORTE de Arequipa dirigi\u00f3 el nombramiento docente de su pareja dentro de su jurisdicci\u00f3n\",\"datePublished\":\"2025-12-16T00:45:24+00:00\",\"mainEntityOfPage\":{\"@id\":\"https:\\\/\\\/amautaenlinea.com\\\/blog\\\/minedu-denuncia-grave-director-de-la-ugel-norte-de-arequipa-dirigio-el-nombramiento-docente-de-su-pareja-dentro-de-su-jurisdiccion\\\/\"},\"wordCount\":953,\"commentCount\":0,\"publisher\":{\"@id\":\"https:\\\/\\\/amautaenlinea.com\\\/blog\\\/#organization\"},\"image\":{\"@id\":\"https:\\\/\\\/amautaenlinea.com\\\/blog\\\/minedu-denuncia-grave-director-de-la-ugel-norte-de-arequipa-dirigio-el-nombramiento-docente-de-su-pareja-dentro-de-su-jurisdiccion\\\/#primaryimage\"},\"thumbnailUrl\":\"https:\\\/\\\/amautaenlinea.com\\\/blog\\\/wp-content\\\/uploads\\\/2025\\\/12\\\/Denuncia-grave-Director-de-la-UGEL-NORTE-de-Arequipa-dirigio-el-nombramiento-docente-de-su-pareja-dentro-de-su-jurisdiccion.png\",\"keywords\":[\"Minedu: Denuncia grave Director de la UGEL NORTE de Arequipa dirigi\u00f3 el nombramiento docente de su pareja dentro de su jurisdicci\u00f3n\"],\"articleSection\":[\"Educaci\u00f3n\"],\"inLanguage\":\"es\",\"potentialAction\":[{\"@type\":\"CommentAction\",\"name\":\"Comment\",\"target\":[\"https:\\\/\\\/amautaenlinea.com\\\/blog\\\/minedu-denuncia-grave-director-de-la-ugel-norte-de-arequipa-dirigio-el-nombramiento-docente-de-su-pareja-dentro-de-su-jurisdiccion\\\/#respond\"]}],\"copyrightYear\":\"2025\",\"copyrightHolder\":{\"@id\":\"https:\\\/\\\/amautaenlinea.com\\\/blog\\\/#organization\"}},{\"@type\":\"WebPage\",\"@id\":\"https:\\\/\\\/amautaenlinea.com\\\/blog\\\/minedu-denuncia-grave-director-de-la-ugel-norte-de-arequipa-dirigio-el-nombramiento-docente-de-su-pareja-dentro-de-su-jurisdiccion\\\/\",\"url\":\"https:\\\/\\\/amautaenlinea.com\\\/blog\\\/minedu-denuncia-grave-director-de-la-ugel-norte-de-arequipa-dirigio-el-nombramiento-docente-de-su-pareja-dentro-de-su-jurisdiccion\\\/\",\"name\":\"\u25b7 Minedu: Denuncia grave Director de la UGEL NORTE de Arequipa dirigi\u00f3 el nombramiento docente de su pareja dentro de su jurisdicci\u00f3n \u2705\",\"isPartOf\":{\"@id\":\"https:\\\/\\\/amautaenlinea.com\\\/blog\\\/#website\"},\"primaryImageOfPage\":{\"@id\":\"https:\\\/\\\/amautaenlinea.com\\\/blog\\\/minedu-denuncia-grave-director-de-la-ugel-norte-de-arequipa-dirigio-el-nombramiento-docente-de-su-pareja-dentro-de-su-jurisdiccion\\\/#primaryimage\"},\"image\":{\"@id\":\"https:\\\/\\\/amautaenlinea.com\\\/blog\\\/minedu-denuncia-grave-director-de-la-ugel-norte-de-arequipa-dirigio-el-nombramiento-docente-de-su-pareja-dentro-de-su-jurisdiccion\\\/#primaryimage\"},\"thumbnailUrl\":\"https:\\\/\\\/amautaenlinea.com\\\/blog\\\/wp-content\\\/uploads\\\/2025\\\/12\\\/Denuncia-grave-Director-de-la-UGEL-NORTE-de-Arequipa-dirigio-el-nombramiento-docente-de-su-pareja-dentro-de-su-jurisdiccion.png\",\"datePublished\":\"2025-12-16T00:45:24+00:00\",\"description\":\"\u27a8 Minedu: Denuncia grave Director de la UGEL NORTE de Arequipa dirigi\u00f3 el nombramiento docente de su pareja dentro de su jurisdicci\u00f3n\",\"breadcrumb\":{\"@id\":\"https:\\\/\\\/amautaenlinea.com\\\/blog\\\/minedu-denuncia-grave-director-de-la-ugel-norte-de-arequipa-dirigio-el-nombramiento-docente-de-su-pareja-dentro-de-su-jurisdiccion\\\/#breadcrumb\"},\"inLanguage\":\"es\",\"potentialAction\":[{\"@type\":\"ReadAction\",\"target\":[\"https:\\\/\\\/amautaenlinea.com\\\/blog\\\/minedu-denuncia-grave-director-de-la-ugel-norte-de-arequipa-dirigio-el-nombramiento-docente-de-su-pareja-dentro-de-su-jurisdiccion\\\/\"]}]},{\"@type\":\"ImageObject\",\"inLanguage\":\"es\",\"@id\":\"https:\\\/\\\/amautaenlinea.com\\\/blog\\\/minedu-denuncia-grave-director-de-la-ugel-norte-de-arequipa-dirigio-el-nombramiento-docente-de-su-pareja-dentro-de-su-jurisdiccion\\\/#primaryimage\",\"url\":\"https:\\\/\\\/amautaenlinea.com\\\/blog\\\/wp-content\\\/uploads\\\/2025\\\/12\\\/Denuncia-grave-Director-de-la-UGEL-NORTE-de-Arequipa-dirigio-el-nombramiento-docente-de-su-pareja-dentro-de-su-jurisdiccion.png\",\"contentUrl\":\"https:\\\/\\\/amautaenlinea.com\\\/blog\\\/wp-content\\\/uploads\\\/2025\\\/12\\\/Denuncia-grave-Director-de-la-UGEL-NORTE-de-Arequipa-dirigio-el-nombramiento-docente-de-su-pareja-dentro-de-su-jurisdiccion.png\",\"width\":1280,\"height\":720},{\"@type\":\"BreadcrumbList\",\"@id\":\"https:\\\/\\\/amautaenlinea.com\\\/blog\\\/minedu-denuncia-grave-director-de-la-ugel-norte-de-arequipa-dirigio-el-nombramiento-docente-de-su-pareja-dentro-de-su-jurisdiccion\\\/#breadcrumb\",\"itemListElement\":[{\"@type\":\"ListItem\",\"position\":1,\"name\":\"Portada\",\"item\":\"https:\\\/\\\/amautaenlinea.com\\\/blog\\\/\"},{\"@type\":\"ListItem\",\"position\":2,\"name\":\"Minedu: Denuncia grave Director de la UGEL NORTE de Arequipa dirigi\u00f3 el nombramiento docente de su pareja dentro de su jurisdicci\u00f3n\"}]},{\"@type\":\"WebSite\",\"@id\":\"https:\\\/\\\/amautaenlinea.com\\\/blog\\\/#website\",\"url\":\"https:\\\/\\\/amautaenlinea.com\\\/blog\\\/\",\"name\":\"Grupo AMAUTA\",\"description\":\"\",\"publisher\":{\"@id\":\"https:\\\/\\\/amautaenlinea.com\\\/blog\\\/#organization\"},\"potentialAction\":[{\"@type\":\"SearchAction\",\"target\":{\"@type\":\"EntryPoint\",\"urlTemplate\":\"https:\\\/\\\/amautaenlinea.com\\\/blog\\\/?s={search_term_string}\"},\"query-input\":{\"@type\":\"PropertyValueSpecification\",\"valueRequired\":true,\"valueName\":\"search_term_string\"}}],\"inLanguage\":\"es\"},{\"@type\":\"Organization\",\"@id\":\"https:\\\/\\\/amautaenlinea.com\\\/blog\\\/#organization\",\"name\":\"Grupo AMAUTA E-BUSINESS\",\"url\":\"https:\\\/\\\/amautaenlinea.com\\\/blog\\\/\",\"logo\":{\"@type\":\"ImageObject\",\"inLanguage\":\"es\",\"@id\":\"https:\\\/\\\/amautaenlinea.com\\\/blog\\\/#\\\/schema\\\/logo\\\/image\\\/\",\"url\":\"https:\\\/\\\/amautaenlinea.com\\\/blog\\\/wp-content\\\/uploads\\\/2023\\\/09\\\/logo-amauta.png\",\"contentUrl\":\"https:\\\/\\\/amautaenlinea.com\\\/blog\\\/wp-content\\\/uploads\\\/2023\\\/09\\\/logo-amauta.png\",\"width\":1124,\"height\":368,\"caption\":\"Grupo AMAUTA E-BUSINESS\"},\"image\":{\"@id\":\"https:\\\/\\\/amautaenlinea.com\\\/blog\\\/#\\\/schema\\\/logo\\\/image\\\/\"},\"sameAs\":[\"https:\\\/\\\/www.facebook.com\\\/amautaperu.org\\\/\"]},{\"@type\":\"Person\",\"@id\":\"https:\\\/\\\/amautaenlinea.com\\\/blog\\\/#\\\/schema\\\/person\\\/d8d4b5d672e9edb72a6f23fd40dd31d5\",\"name\":\"Grupo AMAUTA EBUSINESS\",\"image\":{\"@type\":\"ImageObject\",\"inLanguage\":\"es\",\"@id\":\"https:\\\/\\\/secure.gravatar.com\\\/avatar\\\/97706b54c222a710310e2db50e02e68de0a4c8bb76654bcc4053b08241c6bd6c?s=96&d=mm&r=g\",\"url\":\"https:\\\/\\\/secure.gravatar.com\\\/avatar\\\/97706b54c222a710310e2db50e02e68de0a4c8bb76654bcc4053b08241c6bd6c?s=96&d=mm&r=g\",\"contentUrl\":\"https:\\\/\\\/secure.gravatar.com\\\/avatar\\\/97706b54c222a710310e2db50e02e68de0a4c8bb76654bcc4053b08241c6bd6c?s=96&d=mm&r=g\",\"caption\":\"Grupo AMAUTA EBUSINESS\"}}]}<\/script>\n<!-- \/ Yoast SEO Premium plugin. -->","yoast_head_json":{"title":"\u25b7 Minedu: Denuncia grave Director de la UGEL NORTE de Arequipa dirigi\u00f3 el nombramiento docente de su pareja dentro de su jurisdicci\u00f3n \u2705","description":"\u27a8 Minedu: Denuncia grave Director de la UGEL NORTE de Arequipa dirigi\u00f3 el nombramiento docente de su pareja dentro de su jurisdicci\u00f3n","robots":{"index":"index","follow":"follow","max-snippet":"max-snippet:-1","max-image-preview":"max-image-preview:large","max-video-preview":"max-video-preview:-1"},"canonical":"https:\/\/amautaenlinea.com\/blog\/minedu-denuncia-grave-director-de-la-ugel-norte-de-arequipa-dirigio-el-nombramiento-docente-de-su-pareja-dentro-de-su-jurisdiccion\/","og_locale":"es_ES","og_type":"article","og_title":"Minedu: Denuncia grave Director de la UGEL NORTE de Arequipa dirigi\u00f3 el nombramiento docente de su pareja dentro de su jurisdicci\u00f3n","og_description":"\u27a8 Minedu: Denuncia grave Director de la UGEL NORTE de Arequipa dirigi\u00f3 el nombramiento docente de su pareja dentro de su jurisdicci\u00f3n","og_url":"https:\/\/amautaenlinea.com\/blog\/minedu-denuncia-grave-director-de-la-ugel-norte-de-arequipa-dirigio-el-nombramiento-docente-de-su-pareja-dentro-de-su-jurisdiccion\/","og_site_name":"Grupo AMAUTA","article_publisher":"https:\/\/www.facebook.com\/amautaperu.org\/","article_published_time":"2025-12-16T00:45:24+00:00","og_image":[{"width":1280,"height":720,"url":"https:\/\/amautaenlinea.com\/blog\/wp-content\/uploads\/2025\/12\/Denuncia-grave-Director-de-la-UGEL-NORTE-de-Arequipa-dirigio-el-nombramiento-docente-de-su-pareja-dentro-de-su-jurisdiccion.png","type":"image\/png"}],"author":"Grupo AMAUTA EBUSINESS","twitter_card":"summary_large_image","schema":{"@context":"https:\/\/schema.org","@graph":[{"@type":"Article","@id":"https:\/\/amautaenlinea.com\/blog\/minedu-denuncia-grave-director-de-la-ugel-norte-de-arequipa-dirigio-el-nombramiento-docente-de-su-pareja-dentro-de-su-jurisdiccion\/#article","isPartOf":{"@id":"https:\/\/amautaenlinea.com\/blog\/minedu-denuncia-grave-director-de-la-ugel-norte-de-arequipa-dirigio-el-nombramiento-docente-de-su-pareja-dentro-de-su-jurisdiccion\/"},"author":{"name":"Grupo AMAUTA EBUSINESS","@id":"https:\/\/amautaenlinea.com\/blog\/#\/schema\/person\/d8d4b5d672e9edb72a6f23fd40dd31d5"},"headline":"Minedu: Denuncia grave Director de la UGEL NORTE de Arequipa dirigi\u00f3 el nombramiento docente de su pareja dentro de su jurisdicci\u00f3n","datePublished":"2025-12-16T00:45:24+00:00","mainEntityOfPage":{"@id":"https:\/\/amautaenlinea.com\/blog\/minedu-denuncia-grave-director-de-la-ugel-norte-de-arequipa-dirigio-el-nombramiento-docente-de-su-pareja-dentro-de-su-jurisdiccion\/"},"wordCount":953,"commentCount":0,"publisher":{"@id":"https:\/\/amautaenlinea.com\/blog\/#organization"},"image":{"@id":"https:\/\/amautaenlinea.com\/blog\/minedu-denuncia-grave-director-de-la-ugel-norte-de-arequipa-dirigio-el-nombramiento-docente-de-su-pareja-dentro-de-su-jurisdiccion\/#primaryimage"},"thumbnailUrl":"https:\/\/amautaenlinea.com\/blog\/wp-content\/uploads\/2025\/12\/Denuncia-grave-Director-de-la-UGEL-NORTE-de-Arequipa-dirigio-el-nombramiento-docente-de-su-pareja-dentro-de-su-jurisdiccion.png","keywords":["Minedu: Denuncia grave Director de la UGEL NORTE de Arequipa dirigi\u00f3 el nombramiento docente de su pareja dentro de su jurisdicci\u00f3n"],"articleSection":["Educaci\u00f3n"],"inLanguage":"es","potentialAction":[{"@type":"CommentAction","name":"Comment","target":["https:\/\/amautaenlinea.com\/blog\/minedu-denuncia-grave-director-de-la-ugel-norte-de-arequipa-dirigio-el-nombramiento-docente-de-su-pareja-dentro-de-su-jurisdiccion\/#respond"]}],"copyrightYear":"2025","copyrightHolder":{"@id":"https:\/\/amautaenlinea.com\/blog\/#organization"}},{"@type":"WebPage","@id":"https:\/\/amautaenlinea.com\/blog\/minedu-denuncia-grave-director-de-la-ugel-norte-de-arequipa-dirigio-el-nombramiento-docente-de-su-pareja-dentro-de-su-jurisdiccion\/","url":"https:\/\/amautaenlinea.com\/blog\/minedu-denuncia-grave-director-de-la-ugel-norte-de-arequipa-dirigio-el-nombramiento-docente-de-su-pareja-dentro-de-su-jurisdiccion\/","name":"\u25b7 Minedu: Denuncia grave Director de la UGEL NORTE de Arequipa dirigi\u00f3 el nombramiento docente de su pareja dentro de su jurisdicci\u00f3n \u2705","isPartOf":{"@id":"https:\/\/amautaenlinea.com\/blog\/#website"},"primaryImageOfPage":{"@id":"https:\/\/amautaenlinea.com\/blog\/minedu-denuncia-grave-director-de-la-ugel-norte-de-arequipa-dirigio-el-nombramiento-docente-de-su-pareja-dentro-de-su-jurisdiccion\/#primaryimage"},"image":{"@id":"https:\/\/amautaenlinea.com\/blog\/minedu-denuncia-grave-director-de-la-ugel-norte-de-arequipa-dirigio-el-nombramiento-docente-de-su-pareja-dentro-de-su-jurisdiccion\/#primaryimage"},"thumbnailUrl":"https:\/\/amautaenlinea.com\/blog\/wp-content\/uploads\/2025\/12\/Denuncia-grave-Director-de-la-UGEL-NORTE-de-Arequipa-dirigio-el-nombramiento-docente-de-su-pareja-dentro-de-su-jurisdiccion.png","datePublished":"2025-12-16T00:45:24+00:00","description":"\u27a8 Minedu: Denuncia grave Director de la UGEL NORTE de Arequipa dirigi\u00f3 el nombramiento docente de su pareja dentro de su jurisdicci\u00f3n","breadcrumb":{"@id":"https:\/\/amautaenlinea.com\/blog\/minedu-denuncia-grave-director-de-la-ugel-norte-de-arequipa-dirigio-el-nombramiento-docente-de-su-pareja-dentro-de-su-jurisdiccion\/#breadcrumb"},"inLanguage":"es","potentialAction":[{"@type":"ReadAction","target":["https:\/\/amautaenlinea.com\/blog\/minedu-denuncia-grave-director-de-la-ugel-norte-de-arequipa-dirigio-el-nombramiento-docente-de-su-pareja-dentro-de-su-jurisdiccion\/"]}]},{"@type":"ImageObject","inLanguage":"es","@id":"https:\/\/amautaenlinea.com\/blog\/minedu-denuncia-grave-director-de-la-ugel-norte-de-arequipa-dirigio-el-nombramiento-docente-de-su-pareja-dentro-de-su-jurisdiccion\/#primaryimage","url":"https:\/\/amautaenlinea.com\/blog\/wp-content\/uploads\/2025\/12\/Denuncia-grave-Director-de-la-UGEL-NORTE-de-Arequipa-dirigio-el-nombramiento-docente-de-su-pareja-dentro-de-su-jurisdiccion.png","contentUrl":"https:\/\/amautaenlinea.com\/blog\/wp-content\/uploads\/2025\/12\/Denuncia-grave-Director-de-la-UGEL-NORTE-de-Arequipa-dirigio-el-nombramiento-docente-de-su-pareja-dentro-de-su-jurisdiccion.png","width":1280,"height":720},{"@type":"BreadcrumbList","@id":"https:\/\/amautaenlinea.com\/blog\/minedu-denuncia-grave-director-de-la-ugel-norte-de-arequipa-dirigio-el-nombramiento-docente-de-su-pareja-dentro-de-su-jurisdiccion\/#breadcrumb","itemListElement":[{"@type":"ListItem","position":1,"name":"Portada","item":"https:\/\/amautaenlinea.com\/blog\/"},{"@type":"ListItem","position":2,"name":"Minedu: Denuncia grave Director de la UGEL NORTE de Arequipa dirigi\u00f3 el nombramiento docente de su pareja dentro de su jurisdicci\u00f3n"}]},{"@type":"WebSite","@id":"https:\/\/amautaenlinea.com\/blog\/#website","url":"https:\/\/amautaenlinea.com\/blog\/","name":"Grupo AMAUTA","description":"","publisher":{"@id":"https:\/\/amautaenlinea.com\/blog\/#organization"},"potentialAction":[{"@type":"SearchAction","target":{"@type":"EntryPoint","urlTemplate":"https:\/\/amautaenlinea.com\/blog\/?s={search_term_string}"},"query-input":{"@type":"PropertyValueSpecification","valueRequired":true,"valueName":"search_term_string"}}],"inLanguage":"es"},{"@type":"Organization","@id":"https:\/\/amautaenlinea.com\/blog\/#organization","name":"Grupo AMAUTA E-BUSINESS","url":"https:\/\/amautaenlinea.com\/blog\/","logo":{"@type":"ImageObject","inLanguage":"es","@id":"https:\/\/amautaenlinea.com\/blog\/#\/schema\/logo\/image\/","url":"https:\/\/amautaenlinea.com\/blog\/wp-content\/uploads\/2023\/09\/logo-amauta.png","contentUrl":"https:\/\/amautaenlinea.com\/blog\/wp-content\/uploads\/2023\/09\/logo-amauta.png","width":1124,"height":368,"caption":"Grupo AMAUTA E-BUSINESS"},"image":{"@id":"https:\/\/amautaenlinea.com\/blog\/#\/schema\/logo\/image\/"},"sameAs":["https:\/\/www.facebook.com\/amautaperu.org\/"]},{"@type":"Person","@id":"https:\/\/amautaenlinea.com\/blog\/#\/schema\/person\/d8d4b5d672e9edb72a6f23fd40dd31d5","name":"Grupo AMAUTA EBUSINESS","image":{"@type":"ImageObject","inLanguage":"es","@id":"https:\/\/secure.gravatar.com\/avatar\/97706b54c222a710310e2db50e02e68de0a4c8bb76654bcc4053b08241c6bd6c?s=96&d=mm&r=g","url":"https:\/\/secure.gravatar.com\/avatar\/97706b54c222a710310e2db50e02e68de0a4c8bb76654bcc4053b08241c6bd6c?s=96&d=mm&r=g","contentUrl":"https:\/\/secure.gravatar.com\/avatar\/97706b54c222a710310e2db50e02e68de0a4c8bb76654bcc4053b08241c6bd6c?s=96&d=mm&r=g","caption":"Grupo AMAUTA EBUSINESS"}}]}},"_links":{"self":[{"href":"https:\/\/amautaenlinea.com\/blog\/wp-json\/wp\/v2\/posts\/18102","targetHints":{"allow":["GET"]}}],"collection":[{"href":"https:\/\/amautaenlinea.com\/blog\/wp-json\/wp\/v2\/posts"}],"about":[{"href":"https:\/\/amautaenlinea.com\/blog\/wp-json\/wp\/v2\/types\/post"}],"author":[{"embeddable":true,"href":"https:\/\/amautaenlinea.com\/blog\/wp-json\/wp\/v2\/users\/1"}],"replies":[{"embeddable":true,"href":"https:\/\/amautaenlinea.com\/blog\/wp-json\/wp\/v2\/comments?post=18102"}],"version-history":[{"count":1,"href":"https:\/\/amautaenlinea.com\/blog\/wp-json\/wp\/v2\/posts\/18102\/revisions"}],"predecessor-version":[{"id":18106,"href":"https:\/\/amautaenlinea.com\/blog\/wp-json\/wp\/v2\/posts\/18102\/revisions\/18106"}],"wp:featuredmedia":[{"embeddable":true,"href":"https:\/\/amautaenlinea.com\/blog\/wp-json\/wp\/v2\/media\/18105"}],"wp:attachment":[{"href":"https:\/\/amautaenlinea.com\/blog\/wp-json\/wp\/v2\/media?parent=18102"}],"wp:term":[{"taxonomy":"category","embeddable":true,"href":"https:\/\/amautaenlinea.com\/blog\/wp-json\/wp\/v2\/categories?post=18102"},{"taxonomy":"post_tag","embeddable":true,"href":"https:\/\/amautaenlinea.com\/blog\/wp-json\/wp\/v2\/tags?post=18102"}],"curies":[{"name":"wp","href":"https:\/\/api.w.org\/{rel}","templated":true}]}}