{"id":12742,"date":"2023-03-16T19:51:36","date_gmt":"2023-03-17T00:51:36","guid":{"rendered":"https:\/\/amautaenlinea.com\/blog\/?p=12742"},"modified":"2023-03-16T19:51:36","modified_gmt":"2023-03-17T00:51:36","slug":"minedu-nuevas-guias-de-evaluacion-diagnostica-2023-actualizadas-para-el-nivel-inicial","status":"publish","type":"post","link":"https:\/\/amautaenlinea.com\/blog\/minedu-nuevas-guias-de-evaluacion-diagnostica-2023-actualizadas-para-el-nivel-inicial\/","title":{"rendered":"Minedu: Nuevas gu\u00edas de evaluaci\u00f3n diagn\u00f3stica 2023 actualizadas para el nivel Inicial"},"content":{"rendered":"<div class=\"x11i5rnm xat24cr x1mh8g0r x1vvkbs xdj266r x126k92a\">\n<div dir=\"auto\">\n<p>La <strong>direcci\u00f3n regional de Huancavelica <mark>elabor\u00f3 gu\u00edas de evaluaci\u00f3n diagn\u00f3stica 2023 para conocer necesidades de aprendizaje en las diferentes \u00e1reas, niveles y modalidades se la educaci\u00f3n b\u00e1sica<\/mark><\/strong>.<\/p>\n<\/div>\n<div dir=\"auto\">La Direcci\u00f3n Regional de Educaci\u00f3n (DREH) <strong>elabor\u00f3 Gu\u00edas de Evaluaci\u00f3n Diagn\u00f3stica para determinar las necesidades de aprendizaje en la Educaci\u00f3n B\u00e1sica con el prop\u00f3sito de mejorar los niveles de logro de los aprendizajes y programas educativos en los tres niveles: inicial, primaria y secundaria.<\/strong><\/div>\n<div dir=\"auto\"><\/div>\n<div dir=\"auto\">El objetivo de estas gu\u00edas es contribuir a que los docentes de aula; recojan, analicen y valoren la informaci\u00f3n del desempe\u00f1o del estudiante en relaci\u00f3n a las competencias que corresponden al nivel secundario.<\/div>\n<div dir=\"auto\">Este trabajo se realizar\u00e1 del 13 al 31 de marzo de 2023. De igual forma, permitir\u00e1 tomar las mejores decisiones tanto para ayudar a los estudiantes como para modificar sus estrategias de ense\u00f1anza.<\/div>\n<h2 dir=\"auto\">GUIAS ACTUALIZADAS DE EVALUACI\u00d3N DIAGN\u00d3STICA EN EL NIVEL INICIAL 2023<\/h2>\n<div dir=\"auto\">La Direcci\u00f3n Regional de Educaci\u00f3n de Huancavelica, Direcci\u00f3n de Gesti\u00f3n Pedag\u00f3gica,<br \/>\na trav\u00e9s del \u00c1rea de Educaci\u00f3n Inicial \u2013 EIB, pone a disposici\u00f3n de las II.EE d<strong>el nivel de<\/strong><br \/>\n<strong>educaci\u00f3n inicial del \u00e1mbito regional \u201cLa Gu\u00eda de Evaluaci\u00f3n Diagnostica en el nivel<\/strong><br \/>\n<strong>Inicial\u201d \u2013 2023.<\/strong><\/div>\n<div dir=\"auto\"><\/div>\n<div dir=\"auto\">Esta gu\u00eda tiene como prop\u00f3sito fortalecer las competencias de los docentes y directivos<br \/>\ndel nivel de educaci\u00f3n inicial en el an\u00e1lisis, interpretaci\u00f3n y uso pedag\u00f3gico de los<br \/>\nresultados de la evaluaci\u00f3n al inicio del a\u00f1o escolar.<\/div>\n<div dir=\"auto\"><\/div>\n<div dir=\"auto\">La <strong>Evaluaci\u00f3n Diagn\u00f3stica es una oportunidad para que nuestros ni\u00f1os y ni\u00f1as<\/strong><br \/>\n<strong>demuestren lo aprendido el a\u00f1o anterior a partir de la presentaci\u00f3n de diversas evidencias <\/strong><strong>de aprendizaje; para ello, la o el docente planificar\u00e1 Experiencias de Aprendizaje que le <\/strong><strong>permitan recoger informaci\u00f3n v\u00e1lida sobre los desempe\u00f1os de las ni\u00f1as y ni\u00f1os.<\/strong><\/div>\n<div dir=\"auto\"><\/div>\n<div dir=\"auto\">Al iniciar a\u00f1o acad\u00e9mico 2023, es importante que las y los docentes generen las condiciones que permitan evaluar, desde el enfoque formativo, el nivel de desarrollo de las competencias de los ni\u00f1os y ni\u00f1as.<\/div>\n<div dir=\"auto\">\u201cEl recojo de informaci\u00f3n se puede realizar a trav\u00e9s de las fichas de matr\u00edcula, las entrevistas con los padres de familia, evidencias de aprendizaje relevantes y los informes de evaluaci\u00f3n de los ni\u00f1os y ni\u00f1as (informe del a\u00f1o anterior). Tambi\u00e9n identificando las caracter\u00edsticas de desarrollo y aprendizaje propias de la edad de las ni\u00f1as y ni\u00f1os que atenderemos\u201d (MINEDU, 2019).<\/div>\n<div dir=\"auto\"><\/div>\n<div dir=\"auto\">As\u00ed mismo, la finalidad es reflexionar sobre el an\u00e1lisis e interpretaci\u00f3n de resultados de la Evaluaci\u00f3n Diagn\u00f3stica al inicio del a\u00f1o escolar, que brindar\u00e1 informaci\u00f3n oportuna a docentes y a estudiantes para la toma de decisiones en relaci\u00f3n con el desarrollo de las competencias. Posteriormente, considerando los datos y la informaci\u00f3n recopilada, la o el docente llevar\u00e1 a cabo una adecuada interpretaci\u00f3n que haga posible que planifique acciones de mejora para fortalecer las competencias de las ni\u00f1as y ni\u00f1os.<\/div>\n<div dir=\"auto\"><\/div>\n<h3 dir=\"auto\"><a href=\"https:\/\/drive.google.com\/drive\/folders\/1GXoz4A1q3_25u75Jjfb35N3ObwtLA0oF?fbclid=IwAR0vN9yMC8awvla8nYP6p8tJKYdr1aQGbbPlhdMhuq7HDaTpnCCa0uI9LMA\">DESCARGUE AQU\u00cd LAS GUIAS ACTUALIZADAS DE EVALUACI\u00d3N DIAGN\u00d3STICA EN EL NIVEL INICIAL 2023<\/a><\/h3>\n<div dir=\"auto\"><\/div>\n<\/div>\n","protected":false},"excerpt":{"rendered":"<p>La direcci\u00f3n regional de Huancavelica elabor\u00f3 gu\u00edas de evaluaci\u00f3n diagn\u00f3stica 2023 para conocer necesidades de aprendizaje en las diferentes \u00e1reas, niveles y modalidades se<\/p>\n","protected":false},"author":1,"featured_media":12743,"comment_status":"open","ping_status":"open","sticky":false,"template":"","format":"standard","meta":{"footnotes":""},"categories":[4],"tags":[1927],"class_list":["post-12742","post","type-post","status-publish","format-standard","has-post-thumbnail","hentry","category-educacion","tag-nuevas-guias-de-evaluacion-diagnostica-2023-actualizadas-para-el-nivel-inicial"],"yoast_head":"<!-- This site is optimized with the Yoast SEO Premium plugin v21.2 (Yoast SEO v27.4) - https:\/\/yoast.com\/product\/yoast-seo-premium-wordpress\/ -->\n<title>\u25b7 Minedu: Nuevas gu\u00edas de evaluaci\u00f3n diagn\u00f3stica 2023 actualizadas para el nivel Inicial \u2705<\/title>\n<meta name=\"description\" content=\"\u27a8 Nuevas gu\u00edas de evaluaci\u00f3n diagn\u00f3stica 2023 actualizadas para el nivel Inicial\" \/>\n<meta name=\"robots\" content=\"index, follow, max-snippet:-1, max-image-preview:large, max-video-preview:-1\" \/>\n<link rel=\"canonical\" href=\"https:\/\/amautaenlinea.com\/blog\/minedu-nuevas-guias-de-evaluacion-diagnostica-2023-actualizadas-para-el-nivel-inicial\/\" \/>\n<meta property=\"og:locale\" content=\"es_ES\" \/>\n<meta property=\"og:type\" content=\"article\" \/>\n<meta property=\"og:title\" content=\"Minedu: Nuevas gu\u00edas de evaluaci\u00f3n diagn\u00f3stica 2023 actualizadas para el nivel Inicial\" \/>\n<meta property=\"og:description\" content=\"\u27a8 Nuevas gu\u00edas de evaluaci\u00f3n diagn\u00f3stica 2023 actualizadas para el nivel Inicial\" \/>\n<meta property=\"og:url\" content=\"https:\/\/amautaenlinea.com\/blog\/minedu-nuevas-guias-de-evaluacion-diagnostica-2023-actualizadas-para-el-nivel-inicial\/\" \/>\n<meta property=\"og:site_name\" content=\"Grupo AMAUTA\" \/>\n<meta property=\"article:publisher\" content=\"https:\/\/www.facebook.com\/amautaperu.org\/\" \/>\n<meta property=\"article:published_time\" content=\"2023-03-17T00:51:36+00:00\" \/>\n<meta property=\"og:image\" content=\"https:\/\/amautaenlinea.com\/blog\/wp-content\/uploads\/2023\/03\/Nuevas-guias-de-evaluacion-diagnostica-2023-actualizadas-para-el-nivel-Inicial.png\" \/>\n\t<meta property=\"og:image:width\" content=\"1280\" \/>\n\t<meta property=\"og:image:height\" content=\"720\" \/>\n\t<meta property=\"og:image:type\" content=\"image\/png\" \/>\n<meta name=\"author\" content=\"Grupo AMAUTA EBUSINESS\" \/>\n<meta name=\"twitter:card\" content=\"summary_large_image\" \/>\n<script type=\"application\/ld+json\" class=\"yoast-schema-graph\">{\"@context\":\"https:\\\/\\\/schema.org\",\"@graph\":[{\"@type\":\"Article\",\"@id\":\"https:\\\/\\\/amautaenlinea.com\\\/blog\\\/minedu-nuevas-guias-de-evaluacion-diagnostica-2023-actualizadas-para-el-nivel-inicial\\\/#article\",\"isPartOf\":{\"@id\":\"https:\\\/\\\/amautaenlinea.com\\\/blog\\\/minedu-nuevas-guias-de-evaluacion-diagnostica-2023-actualizadas-para-el-nivel-inicial\\\/\"},\"author\":{\"name\":\"Grupo AMAUTA EBUSINESS\",\"@id\":\"https:\\\/\\\/amautaenlinea.com\\\/blog\\\/#\\\/schema\\\/person\\\/d8d4b5d672e9edb72a6f23fd40dd31d5\"},\"headline\":\"Minedu: Nuevas gu\u00edas de evaluaci\u00f3n diagn\u00f3stica 2023 actualizadas para el nivel Inicial\",\"datePublished\":\"2023-03-17T00:51:36+00:00\",\"mainEntityOfPage\":{\"@id\":\"https:\\\/\\\/amautaenlinea.com\\\/blog\\\/minedu-nuevas-guias-de-evaluacion-diagnostica-2023-actualizadas-para-el-nivel-inicial\\\/\"},\"wordCount\":549,\"commentCount\":1,\"publisher\":{\"@id\":\"https:\\\/\\\/amautaenlinea.com\\\/blog\\\/#organization\"},\"image\":{\"@id\":\"https:\\\/\\\/amautaenlinea.com\\\/blog\\\/minedu-nuevas-guias-de-evaluacion-diagnostica-2023-actualizadas-para-el-nivel-inicial\\\/#primaryimage\"},\"thumbnailUrl\":\"https:\\\/\\\/amautaenlinea.com\\\/blog\\\/wp-content\\\/uploads\\\/2023\\\/03\\\/Nuevas-guias-de-evaluacion-diagnostica-2023-actualizadas-para-el-nivel-Inicial.png\",\"keywords\":[\"Nuevas gu\u00edas de evaluaci\u00f3n diagn\u00f3stica 2023 actualizadas para el nivel Inicial\"],\"articleSection\":[\"Educaci\u00f3n\"],\"inLanguage\":\"es\",\"potentialAction\":[{\"@type\":\"CommentAction\",\"name\":\"Comment\",\"target\":[\"https:\\\/\\\/amautaenlinea.com\\\/blog\\\/minedu-nuevas-guias-de-evaluacion-diagnostica-2023-actualizadas-para-el-nivel-inicial\\\/#respond\"]}],\"copyrightYear\":\"2023\",\"copyrightHolder\":{\"@id\":\"https:\\\/\\\/amautaenlinea.com\\\/blog\\\/#organization\"}},{\"@type\":\"WebPage\",\"@id\":\"https:\\\/\\\/amautaenlinea.com\\\/blog\\\/minedu-nuevas-guias-de-evaluacion-diagnostica-2023-actualizadas-para-el-nivel-inicial\\\/\",\"url\":\"https:\\\/\\\/amautaenlinea.com\\\/blog\\\/minedu-nuevas-guias-de-evaluacion-diagnostica-2023-actualizadas-para-el-nivel-inicial\\\/\",\"name\":\"\u25b7 Minedu: Nuevas gu\u00edas de evaluaci\u00f3n diagn\u00f3stica 2023 actualizadas para el nivel Inicial \u2705\",\"isPartOf\":{\"@id\":\"https:\\\/\\\/amautaenlinea.com\\\/blog\\\/#website\"},\"primaryImageOfPage\":{\"@id\":\"https:\\\/\\\/amautaenlinea.com\\\/blog\\\/minedu-nuevas-guias-de-evaluacion-diagnostica-2023-actualizadas-para-el-nivel-inicial\\\/#primaryimage\"},\"image\":{\"@id\":\"https:\\\/\\\/amautaenlinea.com\\\/blog\\\/minedu-nuevas-guias-de-evaluacion-diagnostica-2023-actualizadas-para-el-nivel-inicial\\\/#primaryimage\"},\"thumbnailUrl\":\"https:\\\/\\\/amautaenlinea.com\\\/blog\\\/wp-content\\\/uploads\\\/2023\\\/03\\\/Nuevas-guias-de-evaluacion-diagnostica-2023-actualizadas-para-el-nivel-Inicial.png\",\"datePublished\":\"2023-03-17T00:51:36+00:00\",\"description\":\"\u27a8 Nuevas gu\u00edas de evaluaci\u00f3n diagn\u00f3stica 2023 actualizadas para el nivel Inicial\",\"breadcrumb\":{\"@id\":\"https:\\\/\\\/amautaenlinea.com\\\/blog\\\/minedu-nuevas-guias-de-evaluacion-diagnostica-2023-actualizadas-para-el-nivel-inicial\\\/#breadcrumb\"},\"inLanguage\":\"es\",\"potentialAction\":[{\"@type\":\"ReadAction\",\"target\":[\"https:\\\/\\\/amautaenlinea.com\\\/blog\\\/minedu-nuevas-guias-de-evaluacion-diagnostica-2023-actualizadas-para-el-nivel-inicial\\\/\"]}]},{\"@type\":\"ImageObject\",\"inLanguage\":\"es\",\"@id\":\"https:\\\/\\\/amautaenlinea.com\\\/blog\\\/minedu-nuevas-guias-de-evaluacion-diagnostica-2023-actualizadas-para-el-nivel-inicial\\\/#primaryimage\",\"url\":\"https:\\\/\\\/amautaenlinea.com\\\/blog\\\/wp-content\\\/uploads\\\/2023\\\/03\\\/Nuevas-guias-de-evaluacion-diagnostica-2023-actualizadas-para-el-nivel-Inicial.png\",\"contentUrl\":\"https:\\\/\\\/amautaenlinea.com\\\/blog\\\/wp-content\\\/uploads\\\/2023\\\/03\\\/Nuevas-guias-de-evaluacion-diagnostica-2023-actualizadas-para-el-nivel-Inicial.png\",\"width\":1280,\"height\":720,\"caption\":\"Nuevas-gu\u00edas-de-evaluaci\u00f3n-diagn\u00f3stica-2023-actualizadas-para-el-nivel-Inicial\"},{\"@type\":\"BreadcrumbList\",\"@id\":\"https:\\\/\\\/amautaenlinea.com\\\/blog\\\/minedu-nuevas-guias-de-evaluacion-diagnostica-2023-actualizadas-para-el-nivel-inicial\\\/#breadcrumb\",\"itemListElement\":[{\"@type\":\"ListItem\",\"position\":1,\"name\":\"Portada\",\"item\":\"https:\\\/\\\/amautaenlinea.com\\\/blog\\\/\"},{\"@type\":\"ListItem\",\"position\":2,\"name\":\"Minedu: Nuevas gu\u00edas de evaluaci\u00f3n diagn\u00f3stica 2023 actualizadas para el nivel Inicial\"}]},{\"@type\":\"WebSite\",\"@id\":\"https:\\\/\\\/amautaenlinea.com\\\/blog\\\/#website\",\"url\":\"https:\\\/\\\/amautaenlinea.com\\\/blog\\\/\",\"name\":\"Grupo AMAUTA\",\"description\":\"\",\"publisher\":{\"@id\":\"https:\\\/\\\/amautaenlinea.com\\\/blog\\\/#organization\"},\"potentialAction\":[{\"@type\":\"SearchAction\",\"target\":{\"@type\":\"EntryPoint\",\"urlTemplate\":\"https:\\\/\\\/amautaenlinea.com\\\/blog\\\/?s={search_term_string}\"},\"query-input\":{\"@type\":\"PropertyValueSpecification\",\"valueRequired\":true,\"valueName\":\"search_term_string\"}}],\"inLanguage\":\"es\"},{\"@type\":\"Organization\",\"@id\":\"https:\\\/\\\/amautaenlinea.com\\\/blog\\\/#organization\",\"name\":\"Grupo AMAUTA E-BUSINESS\",\"url\":\"https:\\\/\\\/amautaenlinea.com\\\/blog\\\/\",\"logo\":{\"@type\":\"ImageObject\",\"inLanguage\":\"es\",\"@id\":\"https:\\\/\\\/amautaenlinea.com\\\/blog\\\/#\\\/schema\\\/logo\\\/image\\\/\",\"url\":\"https:\\\/\\\/amautaenlinea.com\\\/blog\\\/wp-content\\\/uploads\\\/2023\\\/09\\\/logo-amauta.png\",\"contentUrl\":\"https:\\\/\\\/amautaenlinea.com\\\/blog\\\/wp-content\\\/uploads\\\/2023\\\/09\\\/logo-amauta.png\",\"width\":1124,\"height\":368,\"caption\":\"Grupo AMAUTA E-BUSINESS\"},\"image\":{\"@id\":\"https:\\\/\\\/amautaenlinea.com\\\/blog\\\/#\\\/schema\\\/logo\\\/image\\\/\"},\"sameAs\":[\"https:\\\/\\\/www.facebook.com\\\/amautaperu.org\\\/\"]},{\"@type\":\"Person\",\"@id\":\"https:\\\/\\\/amautaenlinea.com\\\/blog\\\/#\\\/schema\\\/person\\\/d8d4b5d672e9edb72a6f23fd40dd31d5\",\"name\":\"Grupo AMAUTA EBUSINESS\",\"image\":{\"@type\":\"ImageObject\",\"inLanguage\":\"es\",\"@id\":\"https:\\\/\\\/secure.gravatar.com\\\/avatar\\\/97706b54c222a710310e2db50e02e68de0a4c8bb76654bcc4053b08241c6bd6c?s=96&d=mm&r=g\",\"url\":\"https:\\\/\\\/secure.gravatar.com\\\/avatar\\\/97706b54c222a710310e2db50e02e68de0a4c8bb76654bcc4053b08241c6bd6c?s=96&d=mm&r=g\",\"contentUrl\":\"https:\\\/\\\/secure.gravatar.com\\\/avatar\\\/97706b54c222a710310e2db50e02e68de0a4c8bb76654bcc4053b08241c6bd6c?s=96&d=mm&r=g\",\"caption\":\"Grupo AMAUTA EBUSINESS\"}}]}<\/script>\n<!-- \/ Yoast SEO Premium plugin. -->","yoast_head_json":{"title":"\u25b7 Minedu: Nuevas gu\u00edas de evaluaci\u00f3n diagn\u00f3stica 2023 actualizadas para el nivel Inicial \u2705","description":"\u27a8 Nuevas gu\u00edas de evaluaci\u00f3n diagn\u00f3stica 2023 actualizadas para el nivel Inicial","robots":{"index":"index","follow":"follow","max-snippet":"max-snippet:-1","max-image-preview":"max-image-preview:large","max-video-preview":"max-video-preview:-1"},"canonical":"https:\/\/amautaenlinea.com\/blog\/minedu-nuevas-guias-de-evaluacion-diagnostica-2023-actualizadas-para-el-nivel-inicial\/","og_locale":"es_ES","og_type":"article","og_title":"Minedu: Nuevas gu\u00edas de evaluaci\u00f3n diagn\u00f3stica 2023 actualizadas para el nivel Inicial","og_description":"\u27a8 Nuevas gu\u00edas de evaluaci\u00f3n diagn\u00f3stica 2023 actualizadas para el nivel Inicial","og_url":"https:\/\/amautaenlinea.com\/blog\/minedu-nuevas-guias-de-evaluacion-diagnostica-2023-actualizadas-para-el-nivel-inicial\/","og_site_name":"Grupo AMAUTA","article_publisher":"https:\/\/www.facebook.com\/amautaperu.org\/","article_published_time":"2023-03-17T00:51:36+00:00","og_image":[{"width":1280,"height":720,"url":"https:\/\/amautaenlinea.com\/blog\/wp-content\/uploads\/2023\/03\/Nuevas-guias-de-evaluacion-diagnostica-2023-actualizadas-para-el-nivel-Inicial.png","type":"image\/png"}],"author":"Grupo AMAUTA EBUSINESS","twitter_card":"summary_large_image","schema":{"@context":"https:\/\/schema.org","@graph":[{"@type":"Article","@id":"https:\/\/amautaenlinea.com\/blog\/minedu-nuevas-guias-de-evaluacion-diagnostica-2023-actualizadas-para-el-nivel-inicial\/#article","isPartOf":{"@id":"https:\/\/amautaenlinea.com\/blog\/minedu-nuevas-guias-de-evaluacion-diagnostica-2023-actualizadas-para-el-nivel-inicial\/"},"author":{"name":"Grupo AMAUTA EBUSINESS","@id":"https:\/\/amautaenlinea.com\/blog\/#\/schema\/person\/d8d4b5d672e9edb72a6f23fd40dd31d5"},"headline":"Minedu: Nuevas gu\u00edas de evaluaci\u00f3n diagn\u00f3stica 2023 actualizadas para el nivel Inicial","datePublished":"2023-03-17T00:51:36+00:00","mainEntityOfPage":{"@id":"https:\/\/amautaenlinea.com\/blog\/minedu-nuevas-guias-de-evaluacion-diagnostica-2023-actualizadas-para-el-nivel-inicial\/"},"wordCount":549,"commentCount":1,"publisher":{"@id":"https:\/\/amautaenlinea.com\/blog\/#organization"},"image":{"@id":"https:\/\/amautaenlinea.com\/blog\/minedu-nuevas-guias-de-evaluacion-diagnostica-2023-actualizadas-para-el-nivel-inicial\/#primaryimage"},"thumbnailUrl":"https:\/\/amautaenlinea.com\/blog\/wp-content\/uploads\/2023\/03\/Nuevas-guias-de-evaluacion-diagnostica-2023-actualizadas-para-el-nivel-Inicial.png","keywords":["Nuevas gu\u00edas de evaluaci\u00f3n diagn\u00f3stica 2023 actualizadas para el nivel Inicial"],"articleSection":["Educaci\u00f3n"],"inLanguage":"es","potentialAction":[{"@type":"CommentAction","name":"Comment","target":["https:\/\/amautaenlinea.com\/blog\/minedu-nuevas-guias-de-evaluacion-diagnostica-2023-actualizadas-para-el-nivel-inicial\/#respond"]}],"copyrightYear":"2023","copyrightHolder":{"@id":"https:\/\/amautaenlinea.com\/blog\/#organization"}},{"@type":"WebPage","@id":"https:\/\/amautaenlinea.com\/blog\/minedu-nuevas-guias-de-evaluacion-diagnostica-2023-actualizadas-para-el-nivel-inicial\/","url":"https:\/\/amautaenlinea.com\/blog\/minedu-nuevas-guias-de-evaluacion-diagnostica-2023-actualizadas-para-el-nivel-inicial\/","name":"\u25b7 Minedu: Nuevas gu\u00edas de evaluaci\u00f3n diagn\u00f3stica 2023 actualizadas para el nivel Inicial \u2705","isPartOf":{"@id":"https:\/\/amautaenlinea.com\/blog\/#website"},"primaryImageOfPage":{"@id":"https:\/\/amautaenlinea.com\/blog\/minedu-nuevas-guias-de-evaluacion-diagnostica-2023-actualizadas-para-el-nivel-inicial\/#primaryimage"},"image":{"@id":"https:\/\/amautaenlinea.com\/blog\/minedu-nuevas-guias-de-evaluacion-diagnostica-2023-actualizadas-para-el-nivel-inicial\/#primaryimage"},"thumbnailUrl":"https:\/\/amautaenlinea.com\/blog\/wp-content\/uploads\/2023\/03\/Nuevas-guias-de-evaluacion-diagnostica-2023-actualizadas-para-el-nivel-Inicial.png","datePublished":"2023-03-17T00:51:36+00:00","description":"\u27a8 Nuevas gu\u00edas de evaluaci\u00f3n diagn\u00f3stica 2023 actualizadas para el nivel Inicial","breadcrumb":{"@id":"https:\/\/amautaenlinea.com\/blog\/minedu-nuevas-guias-de-evaluacion-diagnostica-2023-actualizadas-para-el-nivel-inicial\/#breadcrumb"},"inLanguage":"es","potentialAction":[{"@type":"ReadAction","target":["https:\/\/amautaenlinea.com\/blog\/minedu-nuevas-guias-de-evaluacion-diagnostica-2023-actualizadas-para-el-nivel-inicial\/"]}]},{"@type":"ImageObject","inLanguage":"es","@id":"https:\/\/amautaenlinea.com\/blog\/minedu-nuevas-guias-de-evaluacion-diagnostica-2023-actualizadas-para-el-nivel-inicial\/#primaryimage","url":"https:\/\/amautaenlinea.com\/blog\/wp-content\/uploads\/2023\/03\/Nuevas-guias-de-evaluacion-diagnostica-2023-actualizadas-para-el-nivel-Inicial.png","contentUrl":"https:\/\/amautaenlinea.com\/blog\/wp-content\/uploads\/2023\/03\/Nuevas-guias-de-evaluacion-diagnostica-2023-actualizadas-para-el-nivel-Inicial.png","width":1280,"height":720,"caption":"Nuevas-gu\u00edas-de-evaluaci\u00f3n-diagn\u00f3stica-2023-actualizadas-para-el-nivel-Inicial"},{"@type":"BreadcrumbList","@id":"https:\/\/amautaenlinea.com\/blog\/minedu-nuevas-guias-de-evaluacion-diagnostica-2023-actualizadas-para-el-nivel-inicial\/#breadcrumb","itemListElement":[{"@type":"ListItem","position":1,"name":"Portada","item":"https:\/\/amautaenlinea.com\/blog\/"},{"@type":"ListItem","position":2,"name":"Minedu: Nuevas gu\u00edas de evaluaci\u00f3n diagn\u00f3stica 2023 actualizadas para el nivel Inicial"}]},{"@type":"WebSite","@id":"https:\/\/amautaenlinea.com\/blog\/#website","url":"https:\/\/amautaenlinea.com\/blog\/","name":"Grupo AMAUTA","description":"","publisher":{"@id":"https:\/\/amautaenlinea.com\/blog\/#organization"},"potentialAction":[{"@type":"SearchAction","target":{"@type":"EntryPoint","urlTemplate":"https:\/\/amautaenlinea.com\/blog\/?s={search_term_string}"},"query-input":{"@type":"PropertyValueSpecification","valueRequired":true,"valueName":"search_term_string"}}],"inLanguage":"es"},{"@type":"Organization","@id":"https:\/\/amautaenlinea.com\/blog\/#organization","name":"Grupo AMAUTA E-BUSINESS","url":"https:\/\/amautaenlinea.com\/blog\/","logo":{"@type":"ImageObject","inLanguage":"es","@id":"https:\/\/amautaenlinea.com\/blog\/#\/schema\/logo\/image\/","url":"https:\/\/amautaenlinea.com\/blog\/wp-content\/uploads\/2023\/09\/logo-amauta.png","contentUrl":"https:\/\/amautaenlinea.com\/blog\/wp-content\/uploads\/2023\/09\/logo-amauta.png","width":1124,"height":368,"caption":"Grupo AMAUTA E-BUSINESS"},"image":{"@id":"https:\/\/amautaenlinea.com\/blog\/#\/schema\/logo\/image\/"},"sameAs":["https:\/\/www.facebook.com\/amautaperu.org\/"]},{"@type":"Person","@id":"https:\/\/amautaenlinea.com\/blog\/#\/schema\/person\/d8d4b5d672e9edb72a6f23fd40dd31d5","name":"Grupo AMAUTA EBUSINESS","image":{"@type":"ImageObject","inLanguage":"es","@id":"https:\/\/secure.gravatar.com\/avatar\/97706b54c222a710310e2db50e02e68de0a4c8bb76654bcc4053b08241c6bd6c?s=96&d=mm&r=g","url":"https:\/\/secure.gravatar.com\/avatar\/97706b54c222a710310e2db50e02e68de0a4c8bb76654bcc4053b08241c6bd6c?s=96&d=mm&r=g","contentUrl":"https:\/\/secure.gravatar.com\/avatar\/97706b54c222a710310e2db50e02e68de0a4c8bb76654bcc4053b08241c6bd6c?s=96&d=mm&r=g","caption":"Grupo AMAUTA EBUSINESS"}}]}},"_links":{"self":[{"href":"https:\/\/amautaenlinea.com\/blog\/wp-json\/wp\/v2\/posts\/12742","targetHints":{"allow":["GET"]}}],"collection":[{"href":"https:\/\/amautaenlinea.com\/blog\/wp-json\/wp\/v2\/posts"}],"about":[{"href":"https:\/\/amautaenlinea.com\/blog\/wp-json\/wp\/v2\/types\/post"}],"author":[{"embeddable":true,"href":"https:\/\/amautaenlinea.com\/blog\/wp-json\/wp\/v2\/users\/1"}],"replies":[{"embeddable":true,"href":"https:\/\/amautaenlinea.com\/blog\/wp-json\/wp\/v2\/comments?post=12742"}],"version-history":[{"count":0,"href":"https:\/\/amautaenlinea.com\/blog\/wp-json\/wp\/v2\/posts\/12742\/revisions"}],"wp:featuredmedia":[{"embeddable":true,"href":"https:\/\/amautaenlinea.com\/blog\/wp-json\/wp\/v2\/media\/12743"}],"wp:attachment":[{"href":"https:\/\/amautaenlinea.com\/blog\/wp-json\/wp\/v2\/media?parent=12742"}],"wp:term":[{"taxonomy":"category","embeddable":true,"href":"https:\/\/amautaenlinea.com\/blog\/wp-json\/wp\/v2\/categories?post=12742"},{"taxonomy":"post_tag","embeddable":true,"href":"https:\/\/amautaenlinea.com\/blog\/wp-json\/wp\/v2\/tags?post=12742"}],"curies":[{"name":"wp","href":"https:\/\/api.w.org\/{rel}","templated":true}]}}