{"id":11850,"date":"2022-11-08T11:36:30","date_gmt":"2022-11-08T11:36:30","guid":{"rendered":"https:\/\/amautaenlinea.com\/blog\/?p=11850"},"modified":"2022-11-08T11:36:30","modified_gmt":"2022-11-08T11:36:30","slug":"bibliografia-recomendada-por-minedu-para-nombramiento-docente-2022-en-el-nivel-primaria","status":"publish","type":"post","link":"https:\/\/amautaenlinea.com\/blog\/bibliografia-recomendada-por-minedu-para-nombramiento-docente-2022-en-el-nivel-primaria\/","title":{"rendered":"Bibliograf\u00eda recomendada por MINEDU para Nombramiento Docente 2022 en el nivel Primaria"},"content":{"rendered":"<p>Estimados docentes en esta oportunidad queremos compartir la presente <strong>bibliograf\u00eda que ayudar\u00e1 a maestras y maestros en el nivel Primaria en miras del Nombramiento Docente 2022<\/strong>.\u00a0 La presente bibliograf\u00eda ayudar\u00e1 al docente a fortalecer pr\u00e1cticas pedag\u00f3gicas como tambi\u00e9n tener m\u00e1s claro sobre algunos casos en aula tanto de la especialidad como los conocimientos curriculares.<\/p>\n<p>La presente bibliograf\u00eda el Minedu comparte todos los maestros en el <strong>nivel Primaria<\/strong> que deseen fortalecer su pr\u00e1ctica pedag\u00f3gica y poder dar un buen examen de la PUN del Nombramiento Docente 2022.<\/p>\n<h2>Educaci\u00f3n B\u00e1sica Regular \u2013 Nivel Primaria<\/h2>\n<p>\uf0d8 MINEDU (2015). Resoluci\u00f3n Ministerial 199-2015. (Modificaci\u00f3n parcial del Dise\u00f1o Curricular Nacional de la Educaci\u00f3n B\u00e1sica Regular aprobado por Resoluci\u00f3n Ministerial<br \/>\nN\u00b0 0440-2008-ED)<br \/>\n\uf0d8 MINEDU (2013). Hacia una Educaci\u00f3n Intercultural Biling\u00fce de Calidad: Propuesta Pedag\u00f3gica. Lima: MINEDU<br \/>\nhttp:\/\/www.minedu.gob.pe\/minedu\/archivos\/a\/002\/01-general\/2-propuesta_pedaggogica_eib_2013.pdf<br \/>\n\uf0d8 MINEDU (2009). Dise\u00f1o Curricular Nacional. Lima: MINEDU<br \/>\nhttp:\/\/www.minedu.gob.pe\/DeInteres\/xtras\/download.php?link=dcn_2009.pdf<br \/>\n\uf0d8 Osses Bustingorry, Sonia y Sandra Jaramillo Mora (2008). Metacognici\u00f3n: Un camino para aprender a aprender. Estudios pedag\u00f3gicos.<br \/>\nhttp:\/\/www.scielo.cl\/scielo.php?script=sci_arttext&#038;pid=S0718-07052008000100011<br \/>\n\uf0d8 Papalia, D., Olds, S., &amp; Feldman, R. (2005). Desarrollo humano. M\u00e9xico D. F.: Mc GrawHill Interamericana. Parte 4, Infancia media, cap\u00edtulos 9 y 10.<br \/>\nhttp:\/\/www.jorgeturenne.com\/uploads\/6\/3\/5\/7\/6357007\/175696292-desarrollohumano-papalia.pdf<br \/>\n\uf0d8 Rodr\u00edguez Palmero, Mar\u00eda Luz (2010). La Teor\u00eda del Aprendizaje Significativo. Edit.Octaedro. P\u00e1g. 7 a 37.<br \/>\nhttp:\/\/bit.ly\/1HB2z2f<\/p>\n<h3>MATEM\u00c1TICA<\/h3>\n<p>\uf0d8 Godino, J. (2004). Proporcionalidad y su did\u00e1ctica para maestros. Granada: Universidad de Granada.<br \/>\nhttp:\/\/www.ugr.es\/~jgodino\/edumat-maestros\/manual\/3_Proporcionalidad.pdf<\/p>\n<h3>Concursos de Nombramiento y Contrataci\u00f3n Docente<\/h3>\n<p>\uf0d8 MINEDU (2015). Rutas del aprendizaje del Nivel Primaria: Matem\u00e1tica para 1\u00b0 y 2\u00b0 grados de Educaci\u00f3n Primaria. Lima: MINEDU<br \/>\nhttp:\/\/recursos.perueduca.pe\/rutas\/primaria.php<br \/>\n\uf0d8 MINEDU (2015). Rutas del aprendizaje del Nivel Primaria: Matem\u00e1tica para 3\u00b0 y 4\u00b0 grados de Educaci\u00f3n Primaria. Lima: MINEDU<br \/>\nhttp:\/\/recursos.perueduca.pe\/rutas\/primaria.php<br \/>\n\uf0d8 MINEDU (2015). Rutas del aprendizaje del Nivel Primaria: Matem\u00e1tica para 5\u00b0 y 6\u00b0 grados de Educaci\u00f3n Primaria. Lima: MINEDU<br \/>\nhttp:\/\/recursos.perueduca.pe\/rutas\/primaria.php<br \/>\n\uf0d8 MINEDU (2014) Orientaciones Generales para la Planificaci\u00f3n Curricular. Lima: MINEDU.<br \/>\nhttp:\/\/www.ugel06.gob.pe\/agp\/materiales\/orientaciones-progra-ebr.pdf<br \/>\n\uf0d8 MINEDU (2013). Mapas de progreso del aprendizaje de matem\u00e1tica: Cambio y relaciones. Lima: MINEDU<br \/>\nhttp:\/\/www.minedu.gob.pe\/minedu\/archivos\/a\/002\/03-bibliografia-para-ebr\/47-mapasprogreso_matematica_cambiorelaciones.pdf<br \/>\n\uf0d8 MINEDU (2013). Mapas de progreso del aprendizaje de matem\u00e1tica: Estad\u00edstica y probabilidad. Lima: MINEDU<br \/>\nhttp:\/\/www.minedu.gob.pe\/minedu\/archivos\/a\/002\/03-bibliografia-para-ebr\/48-mapasprogreso_matematica_estadisticaprobabilidad.pdf<br \/>\n\uf0d8 MINEDU (2013). Mapas de progreso del aprendizaje de matem\u00e1tica: Geometr\u00eda. Lima:MINEDU<br \/>\nhttp:\/\/www.minedu.gob.pe\/minedu\/archivos\/a\/002\/03-bibliografia-para-ebr\/49-mapasprogreso_matematica_geometria.pdf<br \/>\n\uf0d8 MINEDU (2013). Mapas de progreso del aprendizaje de matem\u00e1tica: N\u00fameros y operaciones. Lima: MINEDU<br \/>\nhttp:\/\/www.minedu.gob.pe\/minedu\/archivos\/a\/002\/03-bibliografia-para-ebr\/50-mapasprogreso_matematica_numerosoperaciones.pdf<br \/>\n\uf0d8 MINEDU (2009). Marco de Trabajo Evaluaci\u00f3n Censal de Estudiantes (ECE). Lima: MINEDU<br \/>\nhttp:\/\/sistemas02.minedu.gob.pe\/consulta_ece\/ece\/Marco_de_Trabajo_ECE.pdf<\/p>\n<h3>Concursos de Nombramiento y Contrataci\u00f3n Docente<\/h3>\n<h3>PERSONAL SOCIAL<\/h3>\n<p>\uf0d8 MINEDU (2015). Rutas del Aprendizaje: \u00bfQu\u00e9 y c\u00f3mo aprenden nuestros estudiantes? III Ciclo \u00c1rea Curricular Personal Social 1\u00b0 y 2\u00b0 grados de Educaci\u00f3n Primaria. Lima: MINEDU<br \/>\nhttp:\/\/recursos.perueduca.pe\/rutas\/documentos\/Primaria\/PersonalSocial-III.pdf<br \/>\n\uf0d8 MINEDU (2015). Rutas del Aprendizaje: \u00bfQu\u00e9 y c\u00f3mo aprenden nuestros estudiantes? IV Ciclo. \u00c1rea Curricular Personal Social 5\u00b0 y 6\u00b0 grados de Educaci\u00f3n Primaria. Fasc\u00edculo 1 y Fasc\u00edculo 2. Lima: MINEDU<br \/>\nhttp:\/\/recursos.perueduca.pe\/rutas\/documentos\/Primaria\/PersonalSocial-V.pdf<br \/>\n\uf0d8 MINEDU (2007) Fasc\u00edculo 4: Formaci\u00f3n \u00c9tica y Moral. Lima: MINEDU<br \/>\nhttp:\/\/sistemas02.minedu.gob.pe\/archivosdes\/fasc_ped\/01_pedg_d_s2_f4.pdf<br \/>\n\uf0d8 PAG\u00c8S, Joan; SANTISTEBAN, Antoni. La ense\u00f1anza y el aprendizaje del tiempo hist\u00f3rico en la educaci\u00f3n primaria. Cad. CEDES [online]. 2010, vol.30, n.82<br \/>\nhttp:\/\/www.scielo.br\/pdf\/ccedes\/v30n82\/02.pdf<\/p>\n<h3>CIENCIA Y AMBIENTE<\/h3>\n<p>\uf0d8 MINEDU (2015). Rutas del aprendizaje: Fasc\u00edculo General de Ciencia y Ambiente: 1\u00b0 y 2\u00b0 grados de Educaci\u00f3n Primaria. Lima: MINEDU<br \/>\nhttp:\/\/recursos.perueduca.pe\/rutas\/primaria.php<br \/>\n\uf0d8 MINEDU (2015). Rutas del aprendizaje: Fasc\u00edculo General de Ciencia y Ambiente: 3\u00b0 y 4\u00b0 grados de Educaci\u00f3n Primaria. Lima: MINEDU<br \/>\nhttp:\/\/recursos.perueduca.pe\/rutas\/primaria.php<br \/>\n\uf0d8 MINEDU (2015). Rutas del aprendizaje: Fasc\u00edculo General de Ciencia y Ambiente: 5\u00b0 y 6\u00b0 grados de Educaci\u00f3n Primaria. Lima: MINEDU<br \/>\nhttp:\/\/recursos.perueduca.pe\/rutas\/primaria.php<\/p>\n<h3>COMUNICACI\u00d3N<\/h3>\n<p>\uf0d8 Kaufman, Ana Mar\u00eda y otros. (2007). Leer y escribir: el d\u00eda a d\u00eda en las aulas. Buenos Aires: Aique Grupo Editor.<\/p>\n<h3>Concursos de Nombramiento y Contrataci\u00f3n Docente<\/h3>\n<p>http:\/\/goo.gl\/knFIie<br \/>\n\uf0d8 MINEDU (2015). Rutas de aprendizaje del Nivel Primario: Comunicaci\u00f3n, III Ciclo. Lima. MINEDU<br \/>\nhttp:\/\/recursos.perueduca.pe\/rutas\/documentos\/Primaria\/Comunicacion-III.pdf<br \/>\n\uf0d8 MINEDU (2015). Rutas de aprendizaje del Nivel Primaria: Comunicaci\u00f3n, IV Ciclo. Lima. MINEDU<br \/>\nhttp:\/\/recursos.perueduca.pe\/rutas\/documentos\/Primaria\/Comunicacion-IV.pdf<br \/>\n\uf0d8 MINEDU (2015). Rutas de aprendizaje del Nivel Primaria: Comunicaci\u00f3n, V Ciclo. Lima. MINEDU<br \/>\nhttp:\/\/recursos.perueduca.pe\/rutas\/documentos\/Primaria\/Comunicacion-V.pdf<br \/>\n\uf0d8 MINEDU (2014). Rutas del aprendizaje: Pr\u00e1cticas para la alfabetizaci\u00f3n inicial en aulas multigrado. Lima: MINEDU.<br \/>\nhttp:\/\/www2.minedu.gob.pe\/filesogecop\/B%2053570-13%20Practicas%20Letradas%20Aulas%20Multigrado_WEB.pdf<br \/>\n\uf0d8 MINEDU (2013). Mapas de progreso del aprendizaje de comunicaci\u00f3n: escritura. Lima:MINEDU<br \/>\nhttp:\/\/www.sineace.gob.pe\/wpcontent\/uploads\/2014\/10\/MapasProgreso_Comunicacion_Escritura.pdf<br \/>\n\uf0d8 MINEDU (2013). Mapas de progreso del aprendizaje de comunicaci\u00f3n: lectura. Lima: MINEDU<br \/>\nhttp:\/\/www.sineace.gob.pe\/wpcontent\/uploads\/2014\/10\/MapasProgreso_Comunicacion_Lectura.pdf<br \/>\n\uf0d8 MINEDU (2013). Rutas del aprendizaje: Fasc\u00edculo General de Comunicaci\u00f3n. Lima: MINEDU<br \/>\nhttp:\/\/www2.minedu.gob.pe\/minedu\/03-bibliografia-para-ebr\/18-fasciculo-generalcomunicacion.pdf<br \/>\n\uf0d8 MINEDU (2012). \u00bfC\u00f3mo trabajar la escritura con nuestros estudiantes? Gu\u00eda para el docente. Segundo grado de primaria. Lima: MINEDU<br \/>\nhttp:\/\/www2.minedu.gob.pe\/umc\/ece2012\/informes_ECE2012\/IE_2do_grado\/Como_trabajar_la_escritura_con_nuestros_estudiantes.pdf<\/p>\n<h3>Concursos de Nombramiento y Contrataci\u00f3n Docente<\/h3>\n<p>\uf0d8 MINEDU (2011). \u00bfC\u00f3mo trabajar la escritura con nuestros estudiantes? Gu\u00eda para el docente. Segundo grado de primaria. Lima: MINEDU<br \/>\nhttp:\/\/www2.minedu.gob.pe\/umc\/ece2011\/Informes_ECE_2011\/Informes_y_materiales_para_la_IE\/Como_trabajar_la_escritura_con_nuestros_estudiantes.pdf<br \/>\n\uf0d8 MINEDU (2009). Marco de Trabajo Evaluaci\u00f3n Censal de Estudiantes (ECE). Lima:MINEDU<br \/>\nhttp:\/\/sistemas02.minedu.gob.pe\/consulta_ece\/ece\/Marco_de_Trabajo_ECE.pdf<br \/>\n\uf0d8 Nemirovsky, Myriam. (1999). Antes de empezar: \u00bfQu\u00e9 hip\u00f3tesis tienen los ni\u00f1os acerca del sistema de escritura? En: Sobre la ense\u00f1anza del lenguaje escrito\u2026 y temas aleda\u00f1os. (2-8). M\u00e9xico: Paid\u00f3s<br \/>\nhttps:\/\/conchi1952.files.wordpress.com\/2010\/01\/nemirovsky_antes-de-empezar-1.pdf<\/p>\n","protected":false},"excerpt":{"rendered":"<p>Estimados docentes en esta oportunidad queremos compartir la presente bibliograf\u00eda que ayudar\u00e1 a maestras y maestros en el nivel Primaria en miras del Nombramiento<\/p>\n","protected":false},"author":1,"featured_media":11851,"comment_status":"open","ping_status":"open","sticky":false,"template":"","format":"standard","meta":{"footnotes":""},"categories":[4],"tags":[1699],"class_list":["post-11850","post","type-post","status-publish","format-standard","has-post-thumbnail","hentry","category-educacion","tag-bibliografia-recomendada-por-minedu-para-nombramiento-docente-2022-en-el-nivel-primaria"],"yoast_head":"<!-- This site is optimized with the Yoast SEO Premium plugin v21.2 (Yoast SEO v27.5) - https:\/\/yoast.com\/product\/yoast-seo-premium-wordpress\/ -->\n<title>\u25b7 Bibliograf\u00eda recomendada por MINEDU para Nombramiento Docente 2022 en el nivel Primaria \u2705<\/title>\n<meta name=\"description\" content=\"\u27a8 Bibliograf\u00eda recomendada por MINEDU para Nombramiento Docente 2022 en el nivel Primaria\" \/>\n<meta name=\"robots\" content=\"index, follow, max-snippet:-1, max-image-preview:large, max-video-preview:-1\" \/>\n<link rel=\"canonical\" href=\"https:\/\/amautaenlinea.com\/blog\/bibliografia-recomendada-por-minedu-para-nombramiento-docente-2022-en-el-nivel-primaria\/\" \/>\n<meta property=\"og:locale\" content=\"es_ES\" \/>\n<meta property=\"og:type\" content=\"article\" \/>\n<meta property=\"og:title\" content=\"Bibliograf\u00eda recomendada por MINEDU para Nombramiento Docente 2022 en el nivel Primaria\" \/>\n<meta property=\"og:description\" content=\"\u27a8 Bibliograf\u00eda recomendada por MINEDU para Nombramiento Docente 2022 en el nivel Primaria\" \/>\n<meta property=\"og:url\" content=\"https:\/\/amautaenlinea.com\/blog\/bibliografia-recomendada-por-minedu-para-nombramiento-docente-2022-en-el-nivel-primaria\/\" \/>\n<meta property=\"og:site_name\" content=\"Grupo AMAUTA\" \/>\n<meta property=\"article:publisher\" content=\"https:\/\/www.facebook.com\/amautaperu.org\/\" \/>\n<meta property=\"article:published_time\" content=\"2022-11-08T11:36:30+00:00\" \/>\n<meta property=\"og:image\" content=\"https:\/\/amautaenlinea.com\/blog\/wp-content\/uploads\/2022\/11\/Bibliografia-recomendada-por-MINEDU-para-Nombramiento-Docente-2022-en-el-nivel-Primaria.png\" \/>\n\t<meta property=\"og:image:width\" content=\"1280\" \/>\n\t<meta property=\"og:image:height\" content=\"720\" \/>\n\t<meta property=\"og:image:type\" content=\"image\/png\" \/>\n<meta name=\"author\" content=\"Grupo AMAUTA EBUSINESS\" \/>\n<meta name=\"twitter:card\" content=\"summary_large_image\" \/>\n<script type=\"application\/ld+json\" class=\"yoast-schema-graph\">{\"@context\":\"https:\\\/\\\/schema.org\",\"@graph\":[{\"@type\":\"Article\",\"@id\":\"https:\\\/\\\/amautaenlinea.com\\\/blog\\\/bibliografia-recomendada-por-minedu-para-nombramiento-docente-2022-en-el-nivel-primaria\\\/#article\",\"isPartOf\":{\"@id\":\"https:\\\/\\\/amautaenlinea.com\\\/blog\\\/bibliografia-recomendada-por-minedu-para-nombramiento-docente-2022-en-el-nivel-primaria\\\/\"},\"author\":{\"name\":\"Grupo AMAUTA EBUSINESS\",\"@id\":\"https:\\\/\\\/amautaenlinea.com\\\/blog\\\/#\\\/schema\\\/person\\\/d8d4b5d672e9edb72a6f23fd40dd31d5\"},\"headline\":\"Bibliograf\u00eda recomendada por MINEDU para Nombramiento Docente 2022 en el nivel Primaria\",\"datePublished\":\"2022-11-08T11:36:30+00:00\",\"mainEntityOfPage\":{\"@id\":\"https:\\\/\\\/amautaenlinea.com\\\/blog\\\/bibliografia-recomendada-por-minedu-para-nombramiento-docente-2022-en-el-nivel-primaria\\\/\"},\"wordCount\":1105,\"commentCount\":0,\"publisher\":{\"@id\":\"https:\\\/\\\/amautaenlinea.com\\\/blog\\\/#organization\"},\"image\":{\"@id\":\"https:\\\/\\\/amautaenlinea.com\\\/blog\\\/bibliografia-recomendada-por-minedu-para-nombramiento-docente-2022-en-el-nivel-primaria\\\/#primaryimage\"},\"thumbnailUrl\":\"https:\\\/\\\/amautaenlinea.com\\\/blog\\\/wp-content\\\/uploads\\\/2022\\\/11\\\/Bibliografia-recomendada-por-MINEDU-para-Nombramiento-Docente-2022-en-el-nivel-Primaria.png\",\"keywords\":[\"Bibliograf\u00eda recomendada por MINEDU para Nombramiento Docente 2022 en el nivel Primaria\"],\"articleSection\":[\"Educaci\u00f3n\"],\"inLanguage\":\"es\",\"potentialAction\":[{\"@type\":\"CommentAction\",\"name\":\"Comment\",\"target\":[\"https:\\\/\\\/amautaenlinea.com\\\/blog\\\/bibliografia-recomendada-por-minedu-para-nombramiento-docente-2022-en-el-nivel-primaria\\\/#respond\"]}],\"copyrightYear\":\"2022\",\"copyrightHolder\":{\"@id\":\"https:\\\/\\\/amautaenlinea.com\\\/blog\\\/#organization\"}},{\"@type\":\"WebPage\",\"@id\":\"https:\\\/\\\/amautaenlinea.com\\\/blog\\\/bibliografia-recomendada-por-minedu-para-nombramiento-docente-2022-en-el-nivel-primaria\\\/\",\"url\":\"https:\\\/\\\/amautaenlinea.com\\\/blog\\\/bibliografia-recomendada-por-minedu-para-nombramiento-docente-2022-en-el-nivel-primaria\\\/\",\"name\":\"\u25b7 Bibliograf\u00eda recomendada por MINEDU para Nombramiento Docente 2022 en el nivel Primaria \u2705\",\"isPartOf\":{\"@id\":\"https:\\\/\\\/amautaenlinea.com\\\/blog\\\/#website\"},\"primaryImageOfPage\":{\"@id\":\"https:\\\/\\\/amautaenlinea.com\\\/blog\\\/bibliografia-recomendada-por-minedu-para-nombramiento-docente-2022-en-el-nivel-primaria\\\/#primaryimage\"},\"image\":{\"@id\":\"https:\\\/\\\/amautaenlinea.com\\\/blog\\\/bibliografia-recomendada-por-minedu-para-nombramiento-docente-2022-en-el-nivel-primaria\\\/#primaryimage\"},\"thumbnailUrl\":\"https:\\\/\\\/amautaenlinea.com\\\/blog\\\/wp-content\\\/uploads\\\/2022\\\/11\\\/Bibliografia-recomendada-por-MINEDU-para-Nombramiento-Docente-2022-en-el-nivel-Primaria.png\",\"datePublished\":\"2022-11-08T11:36:30+00:00\",\"description\":\"\u27a8 Bibliograf\u00eda recomendada por MINEDU para Nombramiento Docente 2022 en el nivel Primaria\",\"breadcrumb\":{\"@id\":\"https:\\\/\\\/amautaenlinea.com\\\/blog\\\/bibliografia-recomendada-por-minedu-para-nombramiento-docente-2022-en-el-nivel-primaria\\\/#breadcrumb\"},\"inLanguage\":\"es\",\"potentialAction\":[{\"@type\":\"ReadAction\",\"target\":[\"https:\\\/\\\/amautaenlinea.com\\\/blog\\\/bibliografia-recomendada-por-minedu-para-nombramiento-docente-2022-en-el-nivel-primaria\\\/\"]}]},{\"@type\":\"ImageObject\",\"inLanguage\":\"es\",\"@id\":\"https:\\\/\\\/amautaenlinea.com\\\/blog\\\/bibliografia-recomendada-por-minedu-para-nombramiento-docente-2022-en-el-nivel-primaria\\\/#primaryimage\",\"url\":\"https:\\\/\\\/amautaenlinea.com\\\/blog\\\/wp-content\\\/uploads\\\/2022\\\/11\\\/Bibliografia-recomendada-por-MINEDU-para-Nombramiento-Docente-2022-en-el-nivel-Primaria.png\",\"contentUrl\":\"https:\\\/\\\/amautaenlinea.com\\\/blog\\\/wp-content\\\/uploads\\\/2022\\\/11\\\/Bibliografia-recomendada-por-MINEDU-para-Nombramiento-Docente-2022-en-el-nivel-Primaria.png\",\"width\":1280,\"height\":720,\"caption\":\"Bibliograf\u00eda-recomendada-por-MINEDU-para-Nombramiento-Docente-2022-en-el-nivel-Primaria\"},{\"@type\":\"BreadcrumbList\",\"@id\":\"https:\\\/\\\/amautaenlinea.com\\\/blog\\\/bibliografia-recomendada-por-minedu-para-nombramiento-docente-2022-en-el-nivel-primaria\\\/#breadcrumb\",\"itemListElement\":[{\"@type\":\"ListItem\",\"position\":1,\"name\":\"Portada\",\"item\":\"https:\\\/\\\/amautaenlinea.com\\\/blog\\\/\"},{\"@type\":\"ListItem\",\"position\":2,\"name\":\"Bibliograf\u00eda recomendada por MINEDU para Nombramiento Docente 2022 en el nivel Primaria\"}]},{\"@type\":\"WebSite\",\"@id\":\"https:\\\/\\\/amautaenlinea.com\\\/blog\\\/#website\",\"url\":\"https:\\\/\\\/amautaenlinea.com\\\/blog\\\/\",\"name\":\"Grupo AMAUTA\",\"description\":\"\",\"publisher\":{\"@id\":\"https:\\\/\\\/amautaenlinea.com\\\/blog\\\/#organization\"},\"potentialAction\":[{\"@type\":\"SearchAction\",\"target\":{\"@type\":\"EntryPoint\",\"urlTemplate\":\"https:\\\/\\\/amautaenlinea.com\\\/blog\\\/?s={search_term_string}\"},\"query-input\":{\"@type\":\"PropertyValueSpecification\",\"valueRequired\":true,\"valueName\":\"search_term_string\"}}],\"inLanguage\":\"es\"},{\"@type\":\"Organization\",\"@id\":\"https:\\\/\\\/amautaenlinea.com\\\/blog\\\/#organization\",\"name\":\"Grupo AMAUTA E-BUSINESS\",\"url\":\"https:\\\/\\\/amautaenlinea.com\\\/blog\\\/\",\"logo\":{\"@type\":\"ImageObject\",\"inLanguage\":\"es\",\"@id\":\"https:\\\/\\\/amautaenlinea.com\\\/blog\\\/#\\\/schema\\\/logo\\\/image\\\/\",\"url\":\"https:\\\/\\\/amautaenlinea.com\\\/blog\\\/wp-content\\\/uploads\\\/2023\\\/09\\\/logo-amauta.png\",\"contentUrl\":\"https:\\\/\\\/amautaenlinea.com\\\/blog\\\/wp-content\\\/uploads\\\/2023\\\/09\\\/logo-amauta.png\",\"width\":1124,\"height\":368,\"caption\":\"Grupo AMAUTA E-BUSINESS\"},\"image\":{\"@id\":\"https:\\\/\\\/amautaenlinea.com\\\/blog\\\/#\\\/schema\\\/logo\\\/image\\\/\"},\"sameAs\":[\"https:\\\/\\\/www.facebook.com\\\/amautaperu.org\\\/\"]},{\"@type\":\"Person\",\"@id\":\"https:\\\/\\\/amautaenlinea.com\\\/blog\\\/#\\\/schema\\\/person\\\/d8d4b5d672e9edb72a6f23fd40dd31d5\",\"name\":\"Grupo AMAUTA EBUSINESS\",\"image\":{\"@type\":\"ImageObject\",\"inLanguage\":\"es\",\"@id\":\"https:\\\/\\\/secure.gravatar.com\\\/avatar\\\/97706b54c222a710310e2db50e02e68de0a4c8bb76654bcc4053b08241c6bd6c?s=96&d=mm&r=g\",\"url\":\"https:\\\/\\\/secure.gravatar.com\\\/avatar\\\/97706b54c222a710310e2db50e02e68de0a4c8bb76654bcc4053b08241c6bd6c?s=96&d=mm&r=g\",\"contentUrl\":\"https:\\\/\\\/secure.gravatar.com\\\/avatar\\\/97706b54c222a710310e2db50e02e68de0a4c8bb76654bcc4053b08241c6bd6c?s=96&d=mm&r=g\",\"caption\":\"Grupo AMAUTA EBUSINESS\"}}]}<\/script>\n<!-- \/ Yoast SEO Premium plugin. -->","yoast_head_json":{"title":"\u25b7 Bibliograf\u00eda recomendada por MINEDU para Nombramiento Docente 2022 en el nivel Primaria \u2705","description":"\u27a8 Bibliograf\u00eda recomendada por MINEDU para Nombramiento Docente 2022 en el nivel Primaria","robots":{"index":"index","follow":"follow","max-snippet":"max-snippet:-1","max-image-preview":"max-image-preview:large","max-video-preview":"max-video-preview:-1"},"canonical":"https:\/\/amautaenlinea.com\/blog\/bibliografia-recomendada-por-minedu-para-nombramiento-docente-2022-en-el-nivel-primaria\/","og_locale":"es_ES","og_type":"article","og_title":"Bibliograf\u00eda recomendada por MINEDU para Nombramiento Docente 2022 en el nivel Primaria","og_description":"\u27a8 Bibliograf\u00eda recomendada por MINEDU para Nombramiento Docente 2022 en el nivel Primaria","og_url":"https:\/\/amautaenlinea.com\/blog\/bibliografia-recomendada-por-minedu-para-nombramiento-docente-2022-en-el-nivel-primaria\/","og_site_name":"Grupo AMAUTA","article_publisher":"https:\/\/www.facebook.com\/amautaperu.org\/","article_published_time":"2022-11-08T11:36:30+00:00","og_image":[{"width":1280,"height":720,"url":"https:\/\/amautaenlinea.com\/blog\/wp-content\/uploads\/2022\/11\/Bibliografia-recomendada-por-MINEDU-para-Nombramiento-Docente-2022-en-el-nivel-Primaria.png","type":"image\/png"}],"author":"Grupo AMAUTA EBUSINESS","twitter_card":"summary_large_image","schema":{"@context":"https:\/\/schema.org","@graph":[{"@type":"Article","@id":"https:\/\/amautaenlinea.com\/blog\/bibliografia-recomendada-por-minedu-para-nombramiento-docente-2022-en-el-nivel-primaria\/#article","isPartOf":{"@id":"https:\/\/amautaenlinea.com\/blog\/bibliografia-recomendada-por-minedu-para-nombramiento-docente-2022-en-el-nivel-primaria\/"},"author":{"name":"Grupo AMAUTA EBUSINESS","@id":"https:\/\/amautaenlinea.com\/blog\/#\/schema\/person\/d8d4b5d672e9edb72a6f23fd40dd31d5"},"headline":"Bibliograf\u00eda recomendada por MINEDU para Nombramiento Docente 2022 en el nivel Primaria","datePublished":"2022-11-08T11:36:30+00:00","mainEntityOfPage":{"@id":"https:\/\/amautaenlinea.com\/blog\/bibliografia-recomendada-por-minedu-para-nombramiento-docente-2022-en-el-nivel-primaria\/"},"wordCount":1105,"commentCount":0,"publisher":{"@id":"https:\/\/amautaenlinea.com\/blog\/#organization"},"image":{"@id":"https:\/\/amautaenlinea.com\/blog\/bibliografia-recomendada-por-minedu-para-nombramiento-docente-2022-en-el-nivel-primaria\/#primaryimage"},"thumbnailUrl":"https:\/\/amautaenlinea.com\/blog\/wp-content\/uploads\/2022\/11\/Bibliografia-recomendada-por-MINEDU-para-Nombramiento-Docente-2022-en-el-nivel-Primaria.png","keywords":["Bibliograf\u00eda recomendada por MINEDU para Nombramiento Docente 2022 en el nivel Primaria"],"articleSection":["Educaci\u00f3n"],"inLanguage":"es","potentialAction":[{"@type":"CommentAction","name":"Comment","target":["https:\/\/amautaenlinea.com\/blog\/bibliografia-recomendada-por-minedu-para-nombramiento-docente-2022-en-el-nivel-primaria\/#respond"]}],"copyrightYear":"2022","copyrightHolder":{"@id":"https:\/\/amautaenlinea.com\/blog\/#organization"}},{"@type":"WebPage","@id":"https:\/\/amautaenlinea.com\/blog\/bibliografia-recomendada-por-minedu-para-nombramiento-docente-2022-en-el-nivel-primaria\/","url":"https:\/\/amautaenlinea.com\/blog\/bibliografia-recomendada-por-minedu-para-nombramiento-docente-2022-en-el-nivel-primaria\/","name":"\u25b7 Bibliograf\u00eda recomendada por MINEDU para Nombramiento Docente 2022 en el nivel Primaria \u2705","isPartOf":{"@id":"https:\/\/amautaenlinea.com\/blog\/#website"},"primaryImageOfPage":{"@id":"https:\/\/amautaenlinea.com\/blog\/bibliografia-recomendada-por-minedu-para-nombramiento-docente-2022-en-el-nivel-primaria\/#primaryimage"},"image":{"@id":"https:\/\/amautaenlinea.com\/blog\/bibliografia-recomendada-por-minedu-para-nombramiento-docente-2022-en-el-nivel-primaria\/#primaryimage"},"thumbnailUrl":"https:\/\/amautaenlinea.com\/blog\/wp-content\/uploads\/2022\/11\/Bibliografia-recomendada-por-MINEDU-para-Nombramiento-Docente-2022-en-el-nivel-Primaria.png","datePublished":"2022-11-08T11:36:30+00:00","description":"\u27a8 Bibliograf\u00eda recomendada por MINEDU para Nombramiento Docente 2022 en el nivel Primaria","breadcrumb":{"@id":"https:\/\/amautaenlinea.com\/blog\/bibliografia-recomendada-por-minedu-para-nombramiento-docente-2022-en-el-nivel-primaria\/#breadcrumb"},"inLanguage":"es","potentialAction":[{"@type":"ReadAction","target":["https:\/\/amautaenlinea.com\/blog\/bibliografia-recomendada-por-minedu-para-nombramiento-docente-2022-en-el-nivel-primaria\/"]}]},{"@type":"ImageObject","inLanguage":"es","@id":"https:\/\/amautaenlinea.com\/blog\/bibliografia-recomendada-por-minedu-para-nombramiento-docente-2022-en-el-nivel-primaria\/#primaryimage","url":"https:\/\/amautaenlinea.com\/blog\/wp-content\/uploads\/2022\/11\/Bibliografia-recomendada-por-MINEDU-para-Nombramiento-Docente-2022-en-el-nivel-Primaria.png","contentUrl":"https:\/\/amautaenlinea.com\/blog\/wp-content\/uploads\/2022\/11\/Bibliografia-recomendada-por-MINEDU-para-Nombramiento-Docente-2022-en-el-nivel-Primaria.png","width":1280,"height":720,"caption":"Bibliograf\u00eda-recomendada-por-MINEDU-para-Nombramiento-Docente-2022-en-el-nivel-Primaria"},{"@type":"BreadcrumbList","@id":"https:\/\/amautaenlinea.com\/blog\/bibliografia-recomendada-por-minedu-para-nombramiento-docente-2022-en-el-nivel-primaria\/#breadcrumb","itemListElement":[{"@type":"ListItem","position":1,"name":"Portada","item":"https:\/\/amautaenlinea.com\/blog\/"},{"@type":"ListItem","position":2,"name":"Bibliograf\u00eda recomendada por MINEDU para Nombramiento Docente 2022 en el nivel Primaria"}]},{"@type":"WebSite","@id":"https:\/\/amautaenlinea.com\/blog\/#website","url":"https:\/\/amautaenlinea.com\/blog\/","name":"Grupo AMAUTA","description":"","publisher":{"@id":"https:\/\/amautaenlinea.com\/blog\/#organization"},"potentialAction":[{"@type":"SearchAction","target":{"@type":"EntryPoint","urlTemplate":"https:\/\/amautaenlinea.com\/blog\/?s={search_term_string}"},"query-input":{"@type":"PropertyValueSpecification","valueRequired":true,"valueName":"search_term_string"}}],"inLanguage":"es"},{"@type":"Organization","@id":"https:\/\/amautaenlinea.com\/blog\/#organization","name":"Grupo AMAUTA E-BUSINESS","url":"https:\/\/amautaenlinea.com\/blog\/","logo":{"@type":"ImageObject","inLanguage":"es","@id":"https:\/\/amautaenlinea.com\/blog\/#\/schema\/logo\/image\/","url":"https:\/\/amautaenlinea.com\/blog\/wp-content\/uploads\/2023\/09\/logo-amauta.png","contentUrl":"https:\/\/amautaenlinea.com\/blog\/wp-content\/uploads\/2023\/09\/logo-amauta.png","width":1124,"height":368,"caption":"Grupo AMAUTA E-BUSINESS"},"image":{"@id":"https:\/\/amautaenlinea.com\/blog\/#\/schema\/logo\/image\/"},"sameAs":["https:\/\/www.facebook.com\/amautaperu.org\/"]},{"@type":"Person","@id":"https:\/\/amautaenlinea.com\/blog\/#\/schema\/person\/d8d4b5d672e9edb72a6f23fd40dd31d5","name":"Grupo AMAUTA EBUSINESS","image":{"@type":"ImageObject","inLanguage":"es","@id":"https:\/\/secure.gravatar.com\/avatar\/97706b54c222a710310e2db50e02e68de0a4c8bb76654bcc4053b08241c6bd6c?s=96&d=mm&r=g","url":"https:\/\/secure.gravatar.com\/avatar\/97706b54c222a710310e2db50e02e68de0a4c8bb76654bcc4053b08241c6bd6c?s=96&d=mm&r=g","contentUrl":"https:\/\/secure.gravatar.com\/avatar\/97706b54c222a710310e2db50e02e68de0a4c8bb76654bcc4053b08241c6bd6c?s=96&d=mm&r=g","caption":"Grupo AMAUTA EBUSINESS"}}]}},"_links":{"self":[{"href":"https:\/\/amautaenlinea.com\/blog\/wp-json\/wp\/v2\/posts\/11850","targetHints":{"allow":["GET"]}}],"collection":[{"href":"https:\/\/amautaenlinea.com\/blog\/wp-json\/wp\/v2\/posts"}],"about":[{"href":"https:\/\/amautaenlinea.com\/blog\/wp-json\/wp\/v2\/types\/post"}],"author":[{"embeddable":true,"href":"https:\/\/amautaenlinea.com\/blog\/wp-json\/wp\/v2\/users\/1"}],"replies":[{"embeddable":true,"href":"https:\/\/amautaenlinea.com\/blog\/wp-json\/wp\/v2\/comments?post=11850"}],"version-history":[{"count":0,"href":"https:\/\/amautaenlinea.com\/blog\/wp-json\/wp\/v2\/posts\/11850\/revisions"}],"wp:featuredmedia":[{"embeddable":true,"href":"https:\/\/amautaenlinea.com\/blog\/wp-json\/wp\/v2\/media\/11851"}],"wp:attachment":[{"href":"https:\/\/amautaenlinea.com\/blog\/wp-json\/wp\/v2\/media?parent=11850"}],"wp:term":[{"taxonomy":"category","embeddable":true,"href":"https:\/\/amautaenlinea.com\/blog\/wp-json\/wp\/v2\/categories?post=11850"},{"taxonomy":"post_tag","embeddable":true,"href":"https:\/\/amautaenlinea.com\/blog\/wp-json\/wp\/v2\/tags?post=11850"}],"curies":[{"name":"wp","href":"https:\/\/api.w.org\/{rel}","templated":true}]}}