{"id":11821,"date":"2022-11-03T11:10:48","date_gmt":"2022-11-03T11:10:48","guid":{"rendered":"https:\/\/amautaenlinea.com\/blog\/?p=11821"},"modified":"2022-11-03T11:10:48","modified_gmt":"2022-11-03T11:10:48","slug":"minedu-lanza-correo-electronico-institucional-para-uso-de-docentes-a-nivel-nacional-con-office-365-y-mucha-capacidad-de-almacenamiento","status":"publish","type":"post","link":"https:\/\/amautaenlinea.com\/blog\/minedu-lanza-correo-electronico-institucional-para-uso-de-docentes-a-nivel-nacional-con-office-365-y-mucha-capacidad-de-almacenamiento\/","title":{"rendered":"Minedu lanza correo electr\u00f3nico institucional para uso de docentes a nivel nacional con office 365 y mucha capacidad de almacenamiento"},"content":{"rendered":"<p>Estimados docentes en esta oportunidad compartimos la presente noticia sobre Minedu que lanz\u00f3 <strong>un correo electr\u00f3nico institucional para uso de docentes a nivel nacional con office 365 y mucha capacidad de almacenamiento. Cabe recalcar que la cuenta es de microsoft y lo bueno que tiene muchas herramientas ilimitadas para que el docente pueda utilizar desde microsoft teams es decir hacer reuniones con otros colegas, hasta capacidad de almacenamiento y otras cosas ilimitadas m\u00e1s.<\/strong><\/p>\n<p>Lo primero que tiene que hacer es abrir su correo electr\u00f3nico y en la secci\u00f3n de b\u00fasqueda de correos escribir ah\u00ed <strong>docenteminedu@minedu.edu.pe\u00a0<\/strong>y le tendr\u00e1 que salir un mensaje e ingresar luego al mensaje, dentro del mensaje le saldr\u00e1 la siguiente informaci\u00f3n:<\/p>\n<p>Estimado(a) docente xxx:<\/p>\n<p>Como se le ha comunicado previamente, el Ministerio de Educaci\u00f3n pone a disposici\u00f3n de sus docentes una cuenta de correo electr\u00f3nico institucional.<\/p>\n<p>Para habilitar su cuenta de correo, deber\u00e1 ingresar al siguiente enlace:\u00a0<a href=\"https:\/\/3ckb1mn9.r.us-east-1.awstrack.me\/L0\/https:%2F%2Fmicorreo.minedu.edu.pe\/1\/01000183cd56e859-938124f1-3861-44a4-9e1e-a7c7a4642b4e-000000\/_Ae-1vdioD4yHFG5nZOiyW_tFOc=291\" target=\"_blank\" rel=\"noopener\" data-saferedirecturl=\"https:\/\/www.google.com\/url?q=https:\/\/3ckb1mn9.r.us-east-1.awstrack.me\/L0\/https:%252F%252Fmicorreo.minedu.edu.pe\/1\/01000183cd56e859-938124f1-3861-44a4-9e1e-a7c7a4642b4e-000000\/_Ae-1vdioD4yHFG5nZOiyW_tFOc%3D291&amp;source=gmail&amp;ust=1667558630649000&amp;usg=AOvVaw10QUMGmBLAN8_QYwmzdymr\">https:\/\/micorreo.minedu.edu.pe<\/a><br \/>\nEstando all\u00ed deber\u00e1 introducir los siguientes datos:<\/p>\n<p><b>Usuario:<\/b> xxx<br \/>\n<b>Clave:<\/b> xxx<\/p>\n<p>Recuerde que debe cambiar est\u00e1 clave en su primer inicio de sesi\u00f3n; para mayor detalle puede revisar los videos que se encuentran en el siguiente portal:\u00a0<a href=\"https:\/\/3ckb1mn9.r.us-east-1.awstrack.me\/L0\/https:%2F%2Fayuda-micorreo.minedu.edu.pe\/1\/01000183cd56e859-938124f1-3861-44a4-9e1e-a7c7a4642b4e-000000\/IaxlxOU9HnVnl_RADwEFbkfu0d8=291\" target=\"_blank\" rel=\"noopener\" data-saferedirecturl=\"https:\/\/www.google.com\/url?q=https:\/\/3ckb1mn9.r.us-east-1.awstrack.me\/L0\/https:%252F%252Fayuda-micorreo.minedu.edu.pe\/1\/01000183cd56e859-938124f1-3861-44a4-9e1e-a7c7a4642b4e-000000\/IaxlxOU9HnVnl_RADwEFbkfu0d8%3D291&amp;source=gmail&amp;ust=1667558630649000&amp;usg=AOvVaw2R5WP_ddrLQFolQ5jSnBRo\">https:\/\/ayuda-micorreo.minedu.<wbr \/>edu.pe<\/a><\/p>\n<p>Si tuviera alg\u00fan inconveniente comunicarse al tel\u00e9fono 01-6155893 o al correo electr\u00f3nico\u00a0<a href=\"mailto:soporteiiee@minedu.gob.pe\" target=\"_blank\" rel=\"noopener\">soporteiiee@minedu.gob.pe<\/a><\/p>\n<p>Saludos<\/p>\n<p><b>Ministerio de Educaci\u00f3n<\/b><\/p>\n<p>Bienvenido\/a docente\/directivo, \u00a1tenemos una excelente noticia para usted!<\/p>\n<p>Les presentamos Mi Correo Minedu.<\/p>\n<p>Con el prop\u00f3sito de facilitar el acceso a la oferta formativa gratuita que, en el marco del fortalecimiento de la formaci\u00f3n docente en servicio brindamos desde el sector, ponemos a disposici\u00f3n una cuenta de correo que le permitir\u00e1 mantenerse informado\/a y comunicado\/a, as\u00ed como realizar todo tipo de gestiones acad\u00e9micas, administrativas y otros asuntos oficiales en su papel de docente (o directivo\/a). Asimismo, la cuenta podr\u00e1 ser utilizada para acceder, posteriormente, a otros sistemas oficiales del ministerio, como la plataforma SIFODS\u00a0<a href=\"https:\/\/sifods.minedu.gob.pe\/\" target=\"_blank\" rel=\"noopener noreferrer\">https:\/\/sifods.minedu.gob.pe\/<\/a>,\u00a0acceder a la oferta formativa, entre otros.<\/p>\n<p><iframe loading=\"lazy\" title=\"Inicio de Sesion\" width=\"715\" height=\"402\" src=\"https:\/\/www.youtube.com\/embed\/sac6q0J-bl0?feature=oembed\" frameborder=\"0\" allow=\"accelerometer; autoplay; clipboard-write; encrypted-media; gyroscope; picture-in-picture\" allowfullscreen><\/iframe><\/p>\n<p><iframe loading=\"lazy\" title=\"Recuperacion de Contrase\u00f1a\" width=\"715\" height=\"402\" src=\"https:\/\/www.youtube.com\/embed\/LNIqXdU1I00?feature=oembed\" frameborder=\"0\" allow=\"accelerometer; autoplay; clipboard-write; encrypted-media; gyroscope; picture-in-picture\" allowfullscreen><\/iframe><\/p>\n","protected":false},"excerpt":{"rendered":"<p>Estimados docentes en esta oportunidad compartimos la presente noticia sobre Minedu que lanz\u00f3 un correo electr\u00f3nico institucional para uso de docentes a nivel nacional<\/p>\n","protected":false},"author":1,"featured_media":11822,"comment_status":"open","ping_status":"open","sticky":false,"template":"","format":"standard","meta":{"footnotes":""},"categories":[4],"tags":[1690],"class_list":["post-11821","post","type-post","status-publish","format-standard","has-post-thumbnail","hentry","category-educacion","tag-minedu-lanza-correo-electronico-institucional-para-uso-de-docentes-a-nivel-nacional-con-office-365-y-mucha-capacidad-de-almacenamiento"],"yoast_head":"<!-- This site is optimized with the Yoast SEO Premium plugin v21.2 (Yoast SEO v27.5) - https:\/\/yoast.com\/product\/yoast-seo-premium-wordpress\/ -->\n<title>\u25b7 Minedu lanza correo electr\u00f3nico institucional para uso de docentes a nivel nacional con office 365 y mucha capacidad de almacenamiento \u2705<\/title>\n<meta name=\"description\" content=\"\u27a8 Minedu lanza correo electr\u00f3nico institucional para uso de docentes a nivel nacional con office 365 y mucha capacidad de almacenamiento\" \/>\n<meta name=\"robots\" content=\"index, follow, max-snippet:-1, max-image-preview:large, max-video-preview:-1\" \/>\n<link rel=\"canonical\" href=\"https:\/\/amautaenlinea.com\/blog\/minedu-lanza-correo-electronico-institucional-para-uso-de-docentes-a-nivel-nacional-con-office-365-y-mucha-capacidad-de-almacenamiento\/\" \/>\n<meta property=\"og:locale\" content=\"es_ES\" \/>\n<meta property=\"og:type\" content=\"article\" \/>\n<meta property=\"og:title\" content=\"Minedu lanza correo electr\u00f3nico institucional para uso de docentes a nivel nacional con office 365 y mucha capacidad de almacenamiento\" \/>\n<meta property=\"og:description\" content=\"\u27a8 Minedu lanza correo electr\u00f3nico institucional para uso de docentes a nivel nacional con office 365 y mucha capacidad de almacenamiento\" \/>\n<meta property=\"og:url\" content=\"https:\/\/amautaenlinea.com\/blog\/minedu-lanza-correo-electronico-institucional-para-uso-de-docentes-a-nivel-nacional-con-office-365-y-mucha-capacidad-de-almacenamiento\/\" \/>\n<meta property=\"og:site_name\" content=\"Grupo AMAUTA\" \/>\n<meta property=\"article:publisher\" content=\"https:\/\/www.facebook.com\/amautaperu.org\/\" \/>\n<meta property=\"article:published_time\" content=\"2022-11-03T11:10:48+00:00\" \/>\n<meta property=\"og:image\" content=\"https:\/\/amautaenlinea.com\/blog\/wp-content\/uploads\/2022\/11\/Minedu-lanza-correo-electronico-institucional-para-uso-de-docentes-a-nivel-nacional-con-office-365-y-mucha-capacidad-de-almacenamiento.png\" \/>\n\t<meta property=\"og:image:width\" content=\"1280\" \/>\n\t<meta property=\"og:image:height\" content=\"720\" \/>\n\t<meta property=\"og:image:type\" content=\"image\/png\" \/>\n<meta name=\"author\" content=\"Grupo AMAUTA EBUSINESS\" \/>\n<meta name=\"twitter:card\" content=\"summary_large_image\" \/>\n<script type=\"application\/ld+json\" class=\"yoast-schema-graph\">{\"@context\":\"https:\\\/\\\/schema.org\",\"@graph\":[{\"@type\":\"Article\",\"@id\":\"https:\\\/\\\/amautaenlinea.com\\\/blog\\\/minedu-lanza-correo-electronico-institucional-para-uso-de-docentes-a-nivel-nacional-con-office-365-y-mucha-capacidad-de-almacenamiento\\\/#article\",\"isPartOf\":{\"@id\":\"https:\\\/\\\/amautaenlinea.com\\\/blog\\\/minedu-lanza-correo-electronico-institucional-para-uso-de-docentes-a-nivel-nacional-con-office-365-y-mucha-capacidad-de-almacenamiento\\\/\"},\"author\":{\"name\":\"Grupo AMAUTA EBUSINESS\",\"@id\":\"https:\\\/\\\/amautaenlinea.com\\\/blog\\\/#\\\/schema\\\/person\\\/d8d4b5d672e9edb72a6f23fd40dd31d5\"},\"headline\":\"Minedu lanza correo electr\u00f3nico institucional para uso de docentes a nivel nacional con office 365 y mucha capacidad de almacenamiento\",\"datePublished\":\"2022-11-03T11:10:48+00:00\",\"mainEntityOfPage\":{\"@id\":\"https:\\\/\\\/amautaenlinea.com\\\/blog\\\/minedu-lanza-correo-electronico-institucional-para-uso-de-docentes-a-nivel-nacional-con-office-365-y-mucha-capacidad-de-almacenamiento\\\/\"},\"wordCount\":381,\"commentCount\":3,\"publisher\":{\"@id\":\"https:\\\/\\\/amautaenlinea.com\\\/blog\\\/#organization\"},\"image\":{\"@id\":\"https:\\\/\\\/amautaenlinea.com\\\/blog\\\/minedu-lanza-correo-electronico-institucional-para-uso-de-docentes-a-nivel-nacional-con-office-365-y-mucha-capacidad-de-almacenamiento\\\/#primaryimage\"},\"thumbnailUrl\":\"https:\\\/\\\/amautaenlinea.com\\\/blog\\\/wp-content\\\/uploads\\\/2022\\\/11\\\/Minedu-lanza-correo-electronico-institucional-para-uso-de-docentes-a-nivel-nacional-con-office-365-y-mucha-capacidad-de-almacenamiento.png\",\"keywords\":[\"Minedu lanza correo electr\u00f3nico institucional para uso de docentes a nivel nacional con office 365 y mucha capacidad de almacenamiento\"],\"articleSection\":[\"Educaci\u00f3n\"],\"inLanguage\":\"es\",\"potentialAction\":[{\"@type\":\"CommentAction\",\"name\":\"Comment\",\"target\":[\"https:\\\/\\\/amautaenlinea.com\\\/blog\\\/minedu-lanza-correo-electronico-institucional-para-uso-de-docentes-a-nivel-nacional-con-office-365-y-mucha-capacidad-de-almacenamiento\\\/#respond\"]}],\"copyrightYear\":\"2022\",\"copyrightHolder\":{\"@id\":\"https:\\\/\\\/amautaenlinea.com\\\/blog\\\/#organization\"}},{\"@type\":\"WebPage\",\"@id\":\"https:\\\/\\\/amautaenlinea.com\\\/blog\\\/minedu-lanza-correo-electronico-institucional-para-uso-de-docentes-a-nivel-nacional-con-office-365-y-mucha-capacidad-de-almacenamiento\\\/\",\"url\":\"https:\\\/\\\/amautaenlinea.com\\\/blog\\\/minedu-lanza-correo-electronico-institucional-para-uso-de-docentes-a-nivel-nacional-con-office-365-y-mucha-capacidad-de-almacenamiento\\\/\",\"name\":\"\u25b7 Minedu lanza correo electr\u00f3nico institucional para uso de docentes a nivel nacional con office 365 y mucha capacidad de almacenamiento \u2705\",\"isPartOf\":{\"@id\":\"https:\\\/\\\/amautaenlinea.com\\\/blog\\\/#website\"},\"primaryImageOfPage\":{\"@id\":\"https:\\\/\\\/amautaenlinea.com\\\/blog\\\/minedu-lanza-correo-electronico-institucional-para-uso-de-docentes-a-nivel-nacional-con-office-365-y-mucha-capacidad-de-almacenamiento\\\/#primaryimage\"},\"image\":{\"@id\":\"https:\\\/\\\/amautaenlinea.com\\\/blog\\\/minedu-lanza-correo-electronico-institucional-para-uso-de-docentes-a-nivel-nacional-con-office-365-y-mucha-capacidad-de-almacenamiento\\\/#primaryimage\"},\"thumbnailUrl\":\"https:\\\/\\\/amautaenlinea.com\\\/blog\\\/wp-content\\\/uploads\\\/2022\\\/11\\\/Minedu-lanza-correo-electronico-institucional-para-uso-de-docentes-a-nivel-nacional-con-office-365-y-mucha-capacidad-de-almacenamiento.png\",\"datePublished\":\"2022-11-03T11:10:48+00:00\",\"description\":\"\u27a8 Minedu lanza correo electr\u00f3nico institucional para uso de docentes a nivel nacional con office 365 y mucha capacidad de almacenamiento\",\"breadcrumb\":{\"@id\":\"https:\\\/\\\/amautaenlinea.com\\\/blog\\\/minedu-lanza-correo-electronico-institucional-para-uso-de-docentes-a-nivel-nacional-con-office-365-y-mucha-capacidad-de-almacenamiento\\\/#breadcrumb\"},\"inLanguage\":\"es\",\"potentialAction\":[{\"@type\":\"ReadAction\",\"target\":[\"https:\\\/\\\/amautaenlinea.com\\\/blog\\\/minedu-lanza-correo-electronico-institucional-para-uso-de-docentes-a-nivel-nacional-con-office-365-y-mucha-capacidad-de-almacenamiento\\\/\"]}]},{\"@type\":\"ImageObject\",\"inLanguage\":\"es\",\"@id\":\"https:\\\/\\\/amautaenlinea.com\\\/blog\\\/minedu-lanza-correo-electronico-institucional-para-uso-de-docentes-a-nivel-nacional-con-office-365-y-mucha-capacidad-de-almacenamiento\\\/#primaryimage\",\"url\":\"https:\\\/\\\/amautaenlinea.com\\\/blog\\\/wp-content\\\/uploads\\\/2022\\\/11\\\/Minedu-lanza-correo-electronico-institucional-para-uso-de-docentes-a-nivel-nacional-con-office-365-y-mucha-capacidad-de-almacenamiento.png\",\"contentUrl\":\"https:\\\/\\\/amautaenlinea.com\\\/blog\\\/wp-content\\\/uploads\\\/2022\\\/11\\\/Minedu-lanza-correo-electronico-institucional-para-uso-de-docentes-a-nivel-nacional-con-office-365-y-mucha-capacidad-de-almacenamiento.png\",\"width\":1280,\"height\":720,\"caption\":\"Minedu-lanza-correo-electr\u00f3nico-institucional-para-uso-de-docentes-a-nivel-nacional-con-office-365-y-mucha-capacidad-de-almacenamiento\"},{\"@type\":\"BreadcrumbList\",\"@id\":\"https:\\\/\\\/amautaenlinea.com\\\/blog\\\/minedu-lanza-correo-electronico-institucional-para-uso-de-docentes-a-nivel-nacional-con-office-365-y-mucha-capacidad-de-almacenamiento\\\/#breadcrumb\",\"itemListElement\":[{\"@type\":\"ListItem\",\"position\":1,\"name\":\"Portada\",\"item\":\"https:\\\/\\\/amautaenlinea.com\\\/blog\\\/\"},{\"@type\":\"ListItem\",\"position\":2,\"name\":\"Minedu lanza correo electr\u00f3nico institucional para uso de docentes a nivel nacional con office 365 y mucha capacidad de almacenamiento\"}]},{\"@type\":\"WebSite\",\"@id\":\"https:\\\/\\\/amautaenlinea.com\\\/blog\\\/#website\",\"url\":\"https:\\\/\\\/amautaenlinea.com\\\/blog\\\/\",\"name\":\"Grupo AMAUTA\",\"description\":\"\",\"publisher\":{\"@id\":\"https:\\\/\\\/amautaenlinea.com\\\/blog\\\/#organization\"},\"potentialAction\":[{\"@type\":\"SearchAction\",\"target\":{\"@type\":\"EntryPoint\",\"urlTemplate\":\"https:\\\/\\\/amautaenlinea.com\\\/blog\\\/?s={search_term_string}\"},\"query-input\":{\"@type\":\"PropertyValueSpecification\",\"valueRequired\":true,\"valueName\":\"search_term_string\"}}],\"inLanguage\":\"es\"},{\"@type\":\"Organization\",\"@id\":\"https:\\\/\\\/amautaenlinea.com\\\/blog\\\/#organization\",\"name\":\"Grupo AMAUTA E-BUSINESS\",\"url\":\"https:\\\/\\\/amautaenlinea.com\\\/blog\\\/\",\"logo\":{\"@type\":\"ImageObject\",\"inLanguage\":\"es\",\"@id\":\"https:\\\/\\\/amautaenlinea.com\\\/blog\\\/#\\\/schema\\\/logo\\\/image\\\/\",\"url\":\"https:\\\/\\\/amautaenlinea.com\\\/blog\\\/wp-content\\\/uploads\\\/2023\\\/09\\\/logo-amauta.png\",\"contentUrl\":\"https:\\\/\\\/amautaenlinea.com\\\/blog\\\/wp-content\\\/uploads\\\/2023\\\/09\\\/logo-amauta.png\",\"width\":1124,\"height\":368,\"caption\":\"Grupo AMAUTA E-BUSINESS\"},\"image\":{\"@id\":\"https:\\\/\\\/amautaenlinea.com\\\/blog\\\/#\\\/schema\\\/logo\\\/image\\\/\"},\"sameAs\":[\"https:\\\/\\\/www.facebook.com\\\/amautaperu.org\\\/\"]},{\"@type\":\"Person\",\"@id\":\"https:\\\/\\\/amautaenlinea.com\\\/blog\\\/#\\\/schema\\\/person\\\/d8d4b5d672e9edb72a6f23fd40dd31d5\",\"name\":\"Grupo AMAUTA EBUSINESS\",\"image\":{\"@type\":\"ImageObject\",\"inLanguage\":\"es\",\"@id\":\"https:\\\/\\\/secure.gravatar.com\\\/avatar\\\/97706b54c222a710310e2db50e02e68de0a4c8bb76654bcc4053b08241c6bd6c?s=96&d=mm&r=g\",\"url\":\"https:\\\/\\\/secure.gravatar.com\\\/avatar\\\/97706b54c222a710310e2db50e02e68de0a4c8bb76654bcc4053b08241c6bd6c?s=96&d=mm&r=g\",\"contentUrl\":\"https:\\\/\\\/secure.gravatar.com\\\/avatar\\\/97706b54c222a710310e2db50e02e68de0a4c8bb76654bcc4053b08241c6bd6c?s=96&d=mm&r=g\",\"caption\":\"Grupo AMAUTA EBUSINESS\"}}]}<\/script>\n<!-- \/ Yoast SEO Premium plugin. -->","yoast_head_json":{"title":"\u25b7 Minedu lanza correo electr\u00f3nico institucional para uso de docentes a nivel nacional con office 365 y mucha capacidad de almacenamiento \u2705","description":"\u27a8 Minedu lanza correo electr\u00f3nico institucional para uso de docentes a nivel nacional con office 365 y mucha capacidad de almacenamiento","robots":{"index":"index","follow":"follow","max-snippet":"max-snippet:-1","max-image-preview":"max-image-preview:large","max-video-preview":"max-video-preview:-1"},"canonical":"https:\/\/amautaenlinea.com\/blog\/minedu-lanza-correo-electronico-institucional-para-uso-de-docentes-a-nivel-nacional-con-office-365-y-mucha-capacidad-de-almacenamiento\/","og_locale":"es_ES","og_type":"article","og_title":"Minedu lanza correo electr\u00f3nico institucional para uso de docentes a nivel nacional con office 365 y mucha capacidad de almacenamiento","og_description":"\u27a8 Minedu lanza correo electr\u00f3nico institucional para uso de docentes a nivel nacional con office 365 y mucha capacidad de almacenamiento","og_url":"https:\/\/amautaenlinea.com\/blog\/minedu-lanza-correo-electronico-institucional-para-uso-de-docentes-a-nivel-nacional-con-office-365-y-mucha-capacidad-de-almacenamiento\/","og_site_name":"Grupo AMAUTA","article_publisher":"https:\/\/www.facebook.com\/amautaperu.org\/","article_published_time":"2022-11-03T11:10:48+00:00","og_image":[{"width":1280,"height":720,"url":"https:\/\/amautaenlinea.com\/blog\/wp-content\/uploads\/2022\/11\/Minedu-lanza-correo-electronico-institucional-para-uso-de-docentes-a-nivel-nacional-con-office-365-y-mucha-capacidad-de-almacenamiento.png","type":"image\/png"}],"author":"Grupo AMAUTA EBUSINESS","twitter_card":"summary_large_image","schema":{"@context":"https:\/\/schema.org","@graph":[{"@type":"Article","@id":"https:\/\/amautaenlinea.com\/blog\/minedu-lanza-correo-electronico-institucional-para-uso-de-docentes-a-nivel-nacional-con-office-365-y-mucha-capacidad-de-almacenamiento\/#article","isPartOf":{"@id":"https:\/\/amautaenlinea.com\/blog\/minedu-lanza-correo-electronico-institucional-para-uso-de-docentes-a-nivel-nacional-con-office-365-y-mucha-capacidad-de-almacenamiento\/"},"author":{"name":"Grupo AMAUTA EBUSINESS","@id":"https:\/\/amautaenlinea.com\/blog\/#\/schema\/person\/d8d4b5d672e9edb72a6f23fd40dd31d5"},"headline":"Minedu lanza correo electr\u00f3nico institucional para uso de docentes a nivel nacional con office 365 y mucha capacidad de almacenamiento","datePublished":"2022-11-03T11:10:48+00:00","mainEntityOfPage":{"@id":"https:\/\/amautaenlinea.com\/blog\/minedu-lanza-correo-electronico-institucional-para-uso-de-docentes-a-nivel-nacional-con-office-365-y-mucha-capacidad-de-almacenamiento\/"},"wordCount":381,"commentCount":3,"publisher":{"@id":"https:\/\/amautaenlinea.com\/blog\/#organization"},"image":{"@id":"https:\/\/amautaenlinea.com\/blog\/minedu-lanza-correo-electronico-institucional-para-uso-de-docentes-a-nivel-nacional-con-office-365-y-mucha-capacidad-de-almacenamiento\/#primaryimage"},"thumbnailUrl":"https:\/\/amautaenlinea.com\/blog\/wp-content\/uploads\/2022\/11\/Minedu-lanza-correo-electronico-institucional-para-uso-de-docentes-a-nivel-nacional-con-office-365-y-mucha-capacidad-de-almacenamiento.png","keywords":["Minedu lanza correo electr\u00f3nico institucional para uso de docentes a nivel nacional con office 365 y mucha capacidad de almacenamiento"],"articleSection":["Educaci\u00f3n"],"inLanguage":"es","potentialAction":[{"@type":"CommentAction","name":"Comment","target":["https:\/\/amautaenlinea.com\/blog\/minedu-lanza-correo-electronico-institucional-para-uso-de-docentes-a-nivel-nacional-con-office-365-y-mucha-capacidad-de-almacenamiento\/#respond"]}],"copyrightYear":"2022","copyrightHolder":{"@id":"https:\/\/amautaenlinea.com\/blog\/#organization"}},{"@type":"WebPage","@id":"https:\/\/amautaenlinea.com\/blog\/minedu-lanza-correo-electronico-institucional-para-uso-de-docentes-a-nivel-nacional-con-office-365-y-mucha-capacidad-de-almacenamiento\/","url":"https:\/\/amautaenlinea.com\/blog\/minedu-lanza-correo-electronico-institucional-para-uso-de-docentes-a-nivel-nacional-con-office-365-y-mucha-capacidad-de-almacenamiento\/","name":"\u25b7 Minedu lanza correo electr\u00f3nico institucional para uso de docentes a nivel nacional con office 365 y mucha capacidad de almacenamiento \u2705","isPartOf":{"@id":"https:\/\/amautaenlinea.com\/blog\/#website"},"primaryImageOfPage":{"@id":"https:\/\/amautaenlinea.com\/blog\/minedu-lanza-correo-electronico-institucional-para-uso-de-docentes-a-nivel-nacional-con-office-365-y-mucha-capacidad-de-almacenamiento\/#primaryimage"},"image":{"@id":"https:\/\/amautaenlinea.com\/blog\/minedu-lanza-correo-electronico-institucional-para-uso-de-docentes-a-nivel-nacional-con-office-365-y-mucha-capacidad-de-almacenamiento\/#primaryimage"},"thumbnailUrl":"https:\/\/amautaenlinea.com\/blog\/wp-content\/uploads\/2022\/11\/Minedu-lanza-correo-electronico-institucional-para-uso-de-docentes-a-nivel-nacional-con-office-365-y-mucha-capacidad-de-almacenamiento.png","datePublished":"2022-11-03T11:10:48+00:00","description":"\u27a8 Minedu lanza correo electr\u00f3nico institucional para uso de docentes a nivel nacional con office 365 y mucha capacidad de almacenamiento","breadcrumb":{"@id":"https:\/\/amautaenlinea.com\/blog\/minedu-lanza-correo-electronico-institucional-para-uso-de-docentes-a-nivel-nacional-con-office-365-y-mucha-capacidad-de-almacenamiento\/#breadcrumb"},"inLanguage":"es","potentialAction":[{"@type":"ReadAction","target":["https:\/\/amautaenlinea.com\/blog\/minedu-lanza-correo-electronico-institucional-para-uso-de-docentes-a-nivel-nacional-con-office-365-y-mucha-capacidad-de-almacenamiento\/"]}]},{"@type":"ImageObject","inLanguage":"es","@id":"https:\/\/amautaenlinea.com\/blog\/minedu-lanza-correo-electronico-institucional-para-uso-de-docentes-a-nivel-nacional-con-office-365-y-mucha-capacidad-de-almacenamiento\/#primaryimage","url":"https:\/\/amautaenlinea.com\/blog\/wp-content\/uploads\/2022\/11\/Minedu-lanza-correo-electronico-institucional-para-uso-de-docentes-a-nivel-nacional-con-office-365-y-mucha-capacidad-de-almacenamiento.png","contentUrl":"https:\/\/amautaenlinea.com\/blog\/wp-content\/uploads\/2022\/11\/Minedu-lanza-correo-electronico-institucional-para-uso-de-docentes-a-nivel-nacional-con-office-365-y-mucha-capacidad-de-almacenamiento.png","width":1280,"height":720,"caption":"Minedu-lanza-correo-electr\u00f3nico-institucional-para-uso-de-docentes-a-nivel-nacional-con-office-365-y-mucha-capacidad-de-almacenamiento"},{"@type":"BreadcrumbList","@id":"https:\/\/amautaenlinea.com\/blog\/minedu-lanza-correo-electronico-institucional-para-uso-de-docentes-a-nivel-nacional-con-office-365-y-mucha-capacidad-de-almacenamiento\/#breadcrumb","itemListElement":[{"@type":"ListItem","position":1,"name":"Portada","item":"https:\/\/amautaenlinea.com\/blog\/"},{"@type":"ListItem","position":2,"name":"Minedu lanza correo electr\u00f3nico institucional para uso de docentes a nivel nacional con office 365 y mucha capacidad de almacenamiento"}]},{"@type":"WebSite","@id":"https:\/\/amautaenlinea.com\/blog\/#website","url":"https:\/\/amautaenlinea.com\/blog\/","name":"Grupo AMAUTA","description":"","publisher":{"@id":"https:\/\/amautaenlinea.com\/blog\/#organization"},"potentialAction":[{"@type":"SearchAction","target":{"@type":"EntryPoint","urlTemplate":"https:\/\/amautaenlinea.com\/blog\/?s={search_term_string}"},"query-input":{"@type":"PropertyValueSpecification","valueRequired":true,"valueName":"search_term_string"}}],"inLanguage":"es"},{"@type":"Organization","@id":"https:\/\/amautaenlinea.com\/blog\/#organization","name":"Grupo AMAUTA E-BUSINESS","url":"https:\/\/amautaenlinea.com\/blog\/","logo":{"@type":"ImageObject","inLanguage":"es","@id":"https:\/\/amautaenlinea.com\/blog\/#\/schema\/logo\/image\/","url":"https:\/\/amautaenlinea.com\/blog\/wp-content\/uploads\/2023\/09\/logo-amauta.png","contentUrl":"https:\/\/amautaenlinea.com\/blog\/wp-content\/uploads\/2023\/09\/logo-amauta.png","width":1124,"height":368,"caption":"Grupo AMAUTA E-BUSINESS"},"image":{"@id":"https:\/\/amautaenlinea.com\/blog\/#\/schema\/logo\/image\/"},"sameAs":["https:\/\/www.facebook.com\/amautaperu.org\/"]},{"@type":"Person","@id":"https:\/\/amautaenlinea.com\/blog\/#\/schema\/person\/d8d4b5d672e9edb72a6f23fd40dd31d5","name":"Grupo AMAUTA EBUSINESS","image":{"@type":"ImageObject","inLanguage":"es","@id":"https:\/\/secure.gravatar.com\/avatar\/97706b54c222a710310e2db50e02e68de0a4c8bb76654bcc4053b08241c6bd6c?s=96&d=mm&r=g","url":"https:\/\/secure.gravatar.com\/avatar\/97706b54c222a710310e2db50e02e68de0a4c8bb76654bcc4053b08241c6bd6c?s=96&d=mm&r=g","contentUrl":"https:\/\/secure.gravatar.com\/avatar\/97706b54c222a710310e2db50e02e68de0a4c8bb76654bcc4053b08241c6bd6c?s=96&d=mm&r=g","caption":"Grupo AMAUTA EBUSINESS"}}]}},"_links":{"self":[{"href":"https:\/\/amautaenlinea.com\/blog\/wp-json\/wp\/v2\/posts\/11821","targetHints":{"allow":["GET"]}}],"collection":[{"href":"https:\/\/amautaenlinea.com\/blog\/wp-json\/wp\/v2\/posts"}],"about":[{"href":"https:\/\/amautaenlinea.com\/blog\/wp-json\/wp\/v2\/types\/post"}],"author":[{"embeddable":true,"href":"https:\/\/amautaenlinea.com\/blog\/wp-json\/wp\/v2\/users\/1"}],"replies":[{"embeddable":true,"href":"https:\/\/amautaenlinea.com\/blog\/wp-json\/wp\/v2\/comments?post=11821"}],"version-history":[{"count":0,"href":"https:\/\/amautaenlinea.com\/blog\/wp-json\/wp\/v2\/posts\/11821\/revisions"}],"wp:featuredmedia":[{"embeddable":true,"href":"https:\/\/amautaenlinea.com\/blog\/wp-json\/wp\/v2\/media\/11822"}],"wp:attachment":[{"href":"https:\/\/amautaenlinea.com\/blog\/wp-json\/wp\/v2\/media?parent=11821"}],"wp:term":[{"taxonomy":"category","embeddable":true,"href":"https:\/\/amautaenlinea.com\/blog\/wp-json\/wp\/v2\/categories?post=11821"},{"taxonomy":"post_tag","embeddable":true,"href":"https:\/\/amautaenlinea.com\/blog\/wp-json\/wp\/v2\/tags?post=11821"}],"curies":[{"name":"wp","href":"https:\/\/api.w.org\/{rel}","templated":true}]}}